{"id":109,"date":"2024-07-12T19:14:28","date_gmt":"2024-07-12T19:14:28","guid":{"rendered":"https:\/\/contexto.inf.br\/?p=109"},"modified":"2024-07-12T19:14:28","modified_gmt":"2024-07-12T19:14:28","slug":"vereador-pastor-dejair-surpreende-e-presenteia-colegas-vereadores-com-biblias","status":"publish","type":"post","link":"https:\/\/contexto.inf.br\/?p=109","title":{"rendered":"Vereador Pastor Dejair surpreende e Presenteia colegas Vereadores com B\u00edblias"},"content":{"rendered":"<div class=\"wp-block-image\">\n<figure class=\"alignright size-full\"><img loading=\"lazy\" decoding=\"async\" width=\"493\" height=\"367\" src=\"https:\/\/contexto.inf.br\/wp-content\/uploads\/2024\/07\/image-24.png\" alt=\"\" class=\"wp-image-110\" srcset=\"https:\/\/contexto.inf.br\/wp-content\/uploads\/2024\/07\/image-24.png 493w, https:\/\/contexto.inf.br\/wp-content\/uploads\/2024\/07\/image-24-300x223.png 300w\" sizes=\"auto, (max-width: 493px) 100vw, 493px\" \/><\/figure>\n<\/div>\n\n\n<p>13 de dez. de 2021<\/p>\n\n\n\n<p>Na \u00faltima sess\u00e3o legislativa ordin\u00e1ria da C\u00e2mara de Vereadores de Cianorte, o vereador Pastor Dejair (PSD) apresentou seus n\u00fameros de requerimentos, Indica\u00e7\u00f5es e projetos de Leis, destacou o grande n\u00famero de projetos aprovados e em ato surpresa, presenteou os colegas vereadores com B\u00edblias.<\/p>\n\n\n\n<p>@profsta #profsta @contexto.inf<\/p>\n","protected":false},"excerpt":{"rendered":"<div class=\"mh-excerpt\"><p> <a class=\"mh-excerpt-more\" href=\"https:\/\/contexto.inf.br\/?p=109\" title=\"Vereador Pastor Dejair surpreende e Presenteia colegas Vereadores com B\u00edblias\"><\/a><\/p>\n<\/div>","protected":false},"author":2,"featured_media":110,"comment_status":"open","ping_status":"open","sticky":false,"template":"","format":"standard","meta":{"footnotes":""},"categories":[2,5],"tags":[],"class_list":{"0":"post-109","1":"post","2":"type-post","3":"status-publish","4":"format-standard","5":"has-post-thumbnail","7":"category-cianorte","8":"category-politica"},"_links":{"self":[{"href":"https:\/\/contexto.inf.br\/index.php?rest_route=\/wp\/v2\/posts\/109","targetHints":{"allow":["GET"]}}],"collection":[{"href":"https:\/\/contexto.inf.br\/index.php?rest_route=\/wp\/v2\/posts"}],"about":[{"href":"https:\/\/contexto.inf.br\/index.php?rest_route=\/wp\/v2\/types\/post"}],"author":[{"embeddable":true,"href":"https:\/\/contexto.inf.br\/index.php?rest_route=\/wp\/v2\/users\/2"}],"replies":[{"embeddable":true,"href":"https:\/\/contexto.inf.br\/index.php?rest_route=%2Fwp%2Fv2%2Fcomments&post=109"}],"version-history":[{"count":1,"href":"https:\/\/contexto.inf.br\/index.php?rest_route=\/wp\/v2\/posts\/109\/revisions"}],"predecessor-version":[{"id":111,"href":"https:\/\/contexto.inf.br\/index.php?rest_route=\/wp\/v2\/posts\/109\/revisions\/111"}],"wp:featuredmedia":[{"embeddable":true,"href":"https:\/\/contexto.inf.br\/index.php?rest_route=\/wp\/v2\/media\/110"}],"wp:attachment":[{"href":"https:\/\/contexto.inf.br\/index.php?rest_route=%2Fwp%2Fv2%2Fmedia&parent=109"}],"wp:term":[{"taxonomy":"category","embeddable":true,"href":"https:\/\/contexto.inf.br\/index.php?rest_route=%2Fwp%2Fv2%2Fcategories&post=109"},{"taxonomy":"post_tag","embeddable":true,"href":"https:\/\/contexto.inf.br\/index.php?rest_route=%2Fwp%2Fv2%2Ftags&post=109"}],"curies":[{"name":"wp","href":"https:\/\/api.w.org\/{rel}","templated":true}]}}