{"id":1092,"date":"2024-07-31T14:27:24","date_gmt":"2024-07-31T17:27:24","guid":{"rendered":"https:\/\/contexto.inf.br\/?p=1092"},"modified":"2024-07-31T14:27:25","modified_gmt":"2024-07-31T17:27:25","slug":"voltas-as-aulas-e-2afeira-24-julho","status":"publish","type":"post","link":"https:\/\/contexto.inf.br\/?p=1092","title":{"rendered":"Voltas \u00e0s Aulas \u00e9 2\u00aaFeira 24\/Julho"},"content":{"rendered":"<div class=\"wp-block-image\">\n<figure class=\"alignleft size-full is-resized\"><img loading=\"lazy\" decoding=\"async\" width=\"233\" height=\"233\" src=\"https:\/\/contexto.inf.br\/wp-content\/uploads\/2024\/07\/image-310.png\" alt=\"\" class=\"wp-image-1093\" style=\"width:340px;height:auto\" srcset=\"https:\/\/contexto.inf.br\/wp-content\/uploads\/2024\/07\/image-310.png 233w, https:\/\/contexto.inf.br\/wp-content\/uploads\/2024\/07\/image-310-150x150.png 150w\" sizes=\"auto, (max-width: 233px) 100vw, 233px\" \/><\/figure>\n<\/div>\n\n\n<p id=\"viewer-89r80\">Segunda-feira, 24 de Julho \u00e9 o dia de <strong>Volta \u00e0s Aulas<\/strong> nas Escolas Municipais e Estaduais de Cianorte e regi\u00e3o!<\/p>\n\n\n\n<p id=\"viewer-f6don\">Depois de um per\u00edodo de recesso, f\u00e9rias do meio do ano e descansos diversos, o segundo semestre letivo come\u00e7a nesta segunda-feira 24\/Julho\/2023.<\/p>\n\n\n\n<p id=\"viewer-2m5g8\">Pais, Familiares e Estudantes preparem os uniformes, o material escolar e acertem os rel\u00f3gios para n\u00e3o perderem a hora, n\u00e3o se atrasarem nem faltarem nesta volta \u00e0s aulas!<\/p>\n\n\n\n<p id=\"viewer-787t0\">Sobre o <strong>transporte escolar<\/strong>, servi\u00e7o essencial a milhares de estudantes, estes devem buscar informa\u00e7\u00f5es em cada Escola ou no p\u00e1tio da prefeitura de Cianorte onde h\u00e1 os hor\u00e1rios e rotas de cada \u00f4nibus.<\/p>\n\n\n\n<p id=\"viewer-ceh5u\"><strong>As Aulas Nunca Param, pois Aprender \u00e9 Infinito!<\/strong> Nestes termos, oriente seus filhos e Estudantes a se dedicarem aos estudos, acompanhar as aulas e se dedicarem nas aulas para aprender ainda mais com esp\u00edrito de partilha e coopera\u00e7\u00e3o, afinal, aprender e ensinar \u00e9 contato humano indispens\u00e1vel e troca social indissoci\u00e1vel!<\/p>\n\n\n\n<p id=\"viewer-f6im9\">A Educa\u00e7\u00e3o \u00e9 cada dia mais importante para formar nossa Sociedade com maior intelig\u00eancia, independ\u00eancia, cidadania, soberania e humanidade. At\u00e9 2\u00aafeira na Volta \u00e0s Aulas!<\/p>\n\n\n\n<p id=\"viewer-2is76\"><strong><span style=\"text-decoration: underline;\"><a href=\"http:\/\/contexto.inf.br\"><u>@profsta #profsta<\/u> @contexto.inf<\/a><\/span><\/strong><\/p>\n","protected":false},"excerpt":{"rendered":"<div class=\"mh-excerpt\"><p> <a class=\"mh-excerpt-more\" href=\"https:\/\/contexto.inf.br\/?p=1092\" title=\"Voltas \u00e0s Aulas \u00e9 2\u00aaFeira 24\/Julho\"><\/a><\/p>\n<\/div>","protected":false},"author":2,"featured_media":1093,"comment_status":"closed","ping_status":"open","sticky":false,"template":"","format":"standard","meta":{"footnotes":""},"categories":[2,10,18,1,6,8,3,31,32],"tags":[],"class_list":{"0":"post-1092","1":"post","2":"type-post","3":"status-publish","4":"format-standard","5":"has-post-thumbnail","7":"category-cianorte","8":"category-cultura","9":"category-demografia","10":"category-dicas-culturais","11":"category-direitos-sociais","12":"category-educacao","13":"category-parana","14":"category-_destaque","15":"category-_em-foco"},"_links":{"self":[{"href":"https:\/\/contexto.inf.br\/index.php?rest_route=\/wp\/v2\/posts\/1092","targetHints":{"allow":["GET"]}}],"collection":[{"href":"https:\/\/contexto.inf.br\/index.php?rest_route=\/wp\/v2\/posts"}],"about":[{"href":"https:\/\/contexto.inf.br\/index.php?rest_route=\/wp\/v2\/types\/post"}],"author":[{"embeddable":true,"href":"https:\/\/contexto.inf.br\/index.php?rest_route=\/wp\/v2\/users\/2"}],"replies":[{"embeddable":true,"href":"https:\/\/contexto.inf.br\/index.php?rest_route=%2Fwp%2Fv2%2Fcomments&post=1092"}],"version-history":[{"count":1,"href":"https:\/\/contexto.inf.br\/index.php?rest_route=\/wp\/v2\/posts\/1092\/revisions"}],"predecessor-version":[{"id":1094,"href":"https:\/\/contexto.inf.br\/index.php?rest_route=\/wp\/v2\/posts\/1092\/revisions\/1094"}],"wp:featuredmedia":[{"embeddable":true,"href":"https:\/\/contexto.inf.br\/index.php?rest_route=\/wp\/v2\/media\/1093"}],"wp:attachment":[{"href":"https:\/\/contexto.inf.br\/index.php?rest_route=%2Fwp%2Fv2%2Fmedia&parent=1092"}],"wp:term":[{"taxonomy":"category","embeddable":true,"href":"https:\/\/contexto.inf.br\/index.php?rest_route=%2Fwp%2Fv2%2Fcategories&post=1092"},{"taxonomy":"post_tag","embeddable":true,"href":"https:\/\/contexto.inf.br\/index.php?rest_route=%2Fwp%2Fv2%2Ftags&post=1092"}],"curies":[{"name":"wp","href":"https:\/\/api.w.org\/{rel}","templated":true}]}}