{"id":1102,"date":"2024-07-31T14:41:24","date_gmt":"2024-07-31T17:41:24","guid":{"rendered":"https:\/\/contexto.inf.br\/?p=1102"},"modified":"2024-07-31T14:41:25","modified_gmt":"2024-07-31T17:41:25","slug":"agnaldo-trevisan-prefeito-sao-manoel-do-pr-e-presid-amenorte-na-festa-de-70-anos-de-cianorte","status":"publish","type":"post","link":"https:\/\/contexto.inf.br\/?p=1102","title":{"rendered":"Agnaldo Trevisan, Prefeito S\u00e3o Manoel do PR e presid. Amenorte na Festa de 70 Anos de Cianorte"},"content":{"rendered":"<div class=\"wp-block-image\">\n<figure class=\"alignleft size-full is-resized\"><img loading=\"lazy\" decoding=\"async\" width=\"640\" height=\"480\" src=\"https:\/\/contexto.inf.br\/wp-content\/uploads\/2024\/07\/image-316.png\" alt=\"\" class=\"wp-image-1103\" style=\"width:343px;height:auto\" srcset=\"https:\/\/contexto.inf.br\/wp-content\/uploads\/2024\/07\/image-316.png 640w, https:\/\/contexto.inf.br\/wp-content\/uploads\/2024\/07\/image-316-300x225.png 300w, https:\/\/contexto.inf.br\/wp-content\/uploads\/2024\/07\/image-316-326x245.png 326w, https:\/\/contexto.inf.br\/wp-content\/uploads\/2024\/07\/image-316-80x60.png 80w\" sizes=\"auto, (max-width: 640px) 100vw, 640px\" \/><\/figure>\n<\/div>\n\n\n<p id=\"viewer-foo\">Agnaldo Trevisan, Prefeito S\u00e3o Manoel do Paran\u00e1 e presidente da Amenorte prestigiando a Festa dos 70 Anos de Cianorte deu uma breve entrevista no stand da CiaFm.<\/p>\n\n\n\n<p id=\"viewer-9gogc\">Entre os Parab\u00e9ns aos 70 Anos de Cianorte, celebrou as conquistas como o AME (Ambulat\u00f3rio M\u00e9dicos de Especialidades), busca de recursos para o Hospital Irm\u00e3 Benigna se tornar regional, a busca pelo IFPR (Instituto Federal do Paran\u00e1) e o curso de Medicina para Cianorte. Vale a pena assistir:<\/p>\n\n\n\n<p class=\"has-text-align-center\" id=\"viewer-8g40o\"><strong><span style=\"text-decoration: underline;\"><a href=\"http:\/\/contexto.inf.br\">@profsta #profsta @contexto.inf<\/a><\/span><\/strong><\/p>\n\n\n\n<figure class=\"wp-block-embed aligncenter is-type-video is-provider-youtube wp-block-embed-youtube wp-embed-aspect-16-9 wp-has-aspect-ratio\"><div class=\"wp-block-embed__wrapper\">\n<iframe loading=\"lazy\" title=\"Agnaldo Trevisan, Prefeito S\u00e3o Manoel do PR e presid da Amenorte na Festa dos 70 Anos de Cianorte\" width=\"500\" height=\"281\" src=\"https:\/\/www.youtube.com\/embed\/55CEnFVBfFU?feature=oembed\" frameborder=\"0\" allow=\"accelerometer; autoplay; clipboard-write; encrypted-media; gyroscope; picture-in-picture; web-share\" referrerpolicy=\"strict-origin-when-cross-origin\" allowfullscreen><\/iframe>\n<\/div><\/figure>\n","protected":false},"excerpt":{"rendered":"<div class=\"mh-excerpt\"><p> <a class=\"mh-excerpt-more\" href=\"https:\/\/contexto.inf.br\/?p=1102\" title=\"Agnaldo Trevisan, Prefeito S\u00e3o Manoel do PR e presid. Amenorte na Festa de 70 Anos de Cianorte\"><\/a><\/p>\n<\/div>","protected":false},"author":2,"featured_media":1103,"comment_status":"closed","ping_status":"open","sticky":false,"template":"","format":"standard","meta":{"footnotes":""},"categories":[2,34,13,3,5,31,32],"tags":[],"class_list":{"0":"post-1102","1":"post","2":"type-post","3":"status-publish","4":"format-standard","5":"has-post-thumbnail","7":"category-cianorte","8":"category-diversidade","9":"category-entrevista","10":"category-parana","11":"category-politica","12":"category-_destaque","13":"category-_em-foco"},"_links":{"self":[{"href":"https:\/\/contexto.inf.br\/index.php?rest_route=\/wp\/v2\/posts\/1102","targetHints":{"allow":["GET"]}}],"collection":[{"href":"https:\/\/contexto.inf.br\/index.php?rest_route=\/wp\/v2\/posts"}],"about":[{"href":"https:\/\/contexto.inf.br\/index.php?rest_route=\/wp\/v2\/types\/post"}],"author":[{"embeddable":true,"href":"https:\/\/contexto.inf.br\/index.php?rest_route=\/wp\/v2\/users\/2"}],"replies":[{"embeddable":true,"href":"https:\/\/contexto.inf.br\/index.php?rest_route=%2Fwp%2Fv2%2Fcomments&post=1102"}],"version-history":[{"count":1,"href":"https:\/\/contexto.inf.br\/index.php?rest_route=\/wp\/v2\/posts\/1102\/revisions"}],"predecessor-version":[{"id":1104,"href":"https:\/\/contexto.inf.br\/index.php?rest_route=\/wp\/v2\/posts\/1102\/revisions\/1104"}],"wp:featuredmedia":[{"embeddable":true,"href":"https:\/\/contexto.inf.br\/index.php?rest_route=\/wp\/v2\/media\/1103"}],"wp:attachment":[{"href":"https:\/\/contexto.inf.br\/index.php?rest_route=%2Fwp%2Fv2%2Fmedia&parent=1102"}],"wp:term":[{"taxonomy":"category","embeddable":true,"href":"https:\/\/contexto.inf.br\/index.php?rest_route=%2Fwp%2Fv2%2Fcategories&post=1102"},{"taxonomy":"post_tag","embeddable":true,"href":"https:\/\/contexto.inf.br\/index.php?rest_route=%2Fwp%2Fv2%2Ftags&post=1102"}],"curies":[{"name":"wp","href":"https:\/\/api.w.org\/{rel}","templated":true}]}}