{"id":1116,"date":"2024-07-31T14:58:05","date_gmt":"2024-07-31T17:58:05","guid":{"rendered":"https:\/\/contexto.inf.br\/?p=1116"},"modified":"2024-07-31T14:59:10","modified_gmt":"2024-07-31T17:59:10","slug":"ciafm-entrevista-guilherme-e-santiago-na-festa-dos-70-anos-de-cianorte","status":"publish","type":"post","link":"https:\/\/contexto.inf.br\/?p=1116","title":{"rendered":"Entrevista Guilherme e Santiago na festa dos 70 Anos de Cianorte"},"content":{"rendered":"<div class=\"wp-block-image\">\n<figure class=\"alignleft size-large is-resized\"><img loading=\"lazy\" decoding=\"async\" width=\"1024\" height=\"576\" src=\"https:\/\/contexto.inf.br\/wp-content\/uploads\/2024\/07\/image-324-1024x576.png\" alt=\"\" class=\"wp-image-1118\" style=\"width:341px;height:auto\" srcset=\"https:\/\/contexto.inf.br\/wp-content\/uploads\/2024\/07\/image-324-1024x576.png 1024w, https:\/\/contexto.inf.br\/wp-content\/uploads\/2024\/07\/image-324-300x169.png 300w, https:\/\/contexto.inf.br\/wp-content\/uploads\/2024\/07\/image-324-768x432.png 768w, https:\/\/contexto.inf.br\/wp-content\/uploads\/2024\/07\/image-324-678x381.png 678w, https:\/\/contexto.inf.br\/wp-content\/uploads\/2024\/07\/image-324.png 1280w\" sizes=\"auto, (max-width: 1024px) 100vw, 1024px\" \/><\/figure>\n<\/div>\n\n\n<p id=\"viewer-foo\">3\/7\/2023 &#8211; Neste domingo 30\/7, \u00faltimo dia de festa dos 70 Anos de Cianorte, a Ciafm atrav\u00e9s de Stallone Ribeiro entrevista Guilherme e Santiago.<\/p>\n\n\n\n<p id=\"viewer-3jvjg\">No final uma descontra\u00edda surpresa que fez todos ca\u00edrem na gargalhada pelo clima leve, festivo e bem humorado, Guilherme e Santiago d\u00e3o os Parab\u00e9ns para Cianorte a Capital do Vestu\u00e1rio.<\/p>\n\n\n\n<p id=\"viewer-329m4\">Al\u00e9m disso destacaram que o show ter\u00e1 m\u00fasicas novas, cl\u00e1ssicos antigos e est\u00e3o muito felizes por voltar a Cianorte onde fizeram muitos amigos. Assista aqui:<\/p>\n\n\n\n<p class=\"has-text-align-center\" id=\"viewer-85vig\"><strong><span style=\"text-decoration: underline;\"><a href=\"http:\/\/contexto.inf.br\">@profsta #profsta @contexto.inf<\/a><\/span><\/strong><\/p>\n\n\n\n<figure class=\"wp-block-embed aligncenter is-type-video is-provider-youtube wp-block-embed-youtube wp-embed-aspect-16-9 wp-has-aspect-ratio\"><div class=\"wp-block-embed__wrapper\">\n<iframe loading=\"lazy\" title=\"Ciafm Entrevista Guilherme e Santiago na festa dos 70 Anos de Cianorte\" width=\"500\" height=\"281\" src=\"https:\/\/www.youtube.com\/embed\/B3_ilZ7DNrk?feature=oembed\" frameborder=\"0\" allow=\"accelerometer; autoplay; clipboard-write; encrypted-media; gyroscope; picture-in-picture; web-share\" referrerpolicy=\"strict-origin-when-cross-origin\" allowfullscreen><\/iframe>\n<\/div><\/figure>\n","protected":false},"excerpt":{"rendered":"<div class=\"mh-excerpt\"><p> <a class=\"mh-excerpt-more\" href=\"https:\/\/contexto.inf.br\/?p=1116\" title=\"Entrevista Guilherme e Santiago na festa dos 70 Anos de Cianorte\"><\/a><\/p>\n<\/div>","protected":false},"author":2,"featured_media":1118,"comment_status":"closed","ping_status":"open","sticky":false,"template":"","format":"standard","meta":{"footnotes":""},"categories":[2,10,1,34,13,31,32],"tags":[],"class_list":{"0":"post-1116","1":"post","2":"type-post","3":"status-publish","4":"format-standard","5":"has-post-thumbnail","7":"category-cianorte","8":"category-cultura","9":"category-dicas-culturais","10":"category-diversidade","11":"category-entrevista","12":"category-_destaque","13":"category-_em-foco"},"_links":{"self":[{"href":"https:\/\/contexto.inf.br\/index.php?rest_route=\/wp\/v2\/posts\/1116","targetHints":{"allow":["GET"]}}],"collection":[{"href":"https:\/\/contexto.inf.br\/index.php?rest_route=\/wp\/v2\/posts"}],"about":[{"href":"https:\/\/contexto.inf.br\/index.php?rest_route=\/wp\/v2\/types\/post"}],"author":[{"embeddable":true,"href":"https:\/\/contexto.inf.br\/index.php?rest_route=\/wp\/v2\/users\/2"}],"replies":[{"embeddable":true,"href":"https:\/\/contexto.inf.br\/index.php?rest_route=%2Fwp%2Fv2%2Fcomments&post=1116"}],"version-history":[{"count":4,"href":"https:\/\/contexto.inf.br\/index.php?rest_route=\/wp\/v2\/posts\/1116\/revisions"}],"predecessor-version":[{"id":1122,"href":"https:\/\/contexto.inf.br\/index.php?rest_route=\/wp\/v2\/posts\/1116\/revisions\/1122"}],"wp:featuredmedia":[{"embeddable":true,"href":"https:\/\/contexto.inf.br\/index.php?rest_route=\/wp\/v2\/media\/1118"}],"wp:attachment":[{"href":"https:\/\/contexto.inf.br\/index.php?rest_route=%2Fwp%2Fv2%2Fmedia&parent=1116"}],"wp:term":[{"taxonomy":"category","embeddable":true,"href":"https:\/\/contexto.inf.br\/index.php?rest_route=%2Fwp%2Fv2%2Fcategories&post=1116"},{"taxonomy":"post_tag","embeddable":true,"href":"https:\/\/contexto.inf.br\/index.php?rest_route=%2Fwp%2Fv2%2Ftags&post=1116"}],"curies":[{"name":"wp","href":"https:\/\/api.w.org\/{rel}","templated":true}]}}