{"id":1129,"date":"2024-07-31T15:25:22","date_gmt":"2024-07-31T18:25:22","guid":{"rendered":"https:\/\/contexto.inf.br\/?p=1129"},"modified":"2024-07-31T15:25:25","modified_gmt":"2024-07-31T18:25:25","slug":"nova-rotatoria-em-trevo-gera-polemica-em-cianorte","status":"publish","type":"post","link":"https:\/\/contexto.inf.br\/?p=1129","title":{"rendered":"Nova Rotat\u00f3ria em Trevo gera Pol\u00eamica em Cianorte"},"content":{"rendered":"<div class=\"wp-block-image\">\n<figure class=\"alignleft size-full is-resized\"><img loading=\"lazy\" decoding=\"async\" width=\"493\" height=\"228\" src=\"https:\/\/contexto.inf.br\/wp-content\/uploads\/2024\/07\/image-327.png\" alt=\"\" class=\"wp-image-1130\" style=\"width:348px;height:auto\" srcset=\"https:\/\/contexto.inf.br\/wp-content\/uploads\/2024\/07\/image-327.png 493w, https:\/\/contexto.inf.br\/wp-content\/uploads\/2024\/07\/image-327-300x139.png 300w\" sizes=\"auto, (max-width: 493px) 100vw, 493px\" \/><\/figure>\n<\/div>\n\n\n<p>12\/8\/2023 &#8211; Nova Rotat\u00f3ria no trevo da Av Para\u00edba com pr323 gera Pol\u00eamica em Cianorte.<\/p>\n\n\n\n<p id=\"viewer-fo6s\">Inaugurada nesta 6feira 11\/Agosto, a nova rotat\u00f3ria em um dos trevos mais importantes de Cianorte PR j\u00e1 est\u00e1 dando o que falar.<\/p>\n\n\n\n<p id=\"viewer-cgk24\">Desenhada para organizar o tr\u00e2nsito, a nova rotat\u00f3ria tem um di\u00e2metro grande e ainda mal sinalizada. Ao final da Avenida, duas pistas se espremem ao adentrar a rotat\u00f3ria e ainda sem faixas e sinaliza\u00e7\u00e3o adequada, parecem n\u00e3o valer dois ve\u00edculos lado a lado.<\/p>\n\n\n\n<p id=\"viewer-4rrkc\">Em conversa informal com agente de tr\u00e2nsito, a nova rotat\u00f3ria fica em an\u00e1lise por um per\u00edodo e poder\u00e1 sofrer ajustes nos desenhos e dimens\u00f5es. Depois de analisado o fluxo e fixar as dimens\u00f5es definitivas, a obra ser\u00e1 melhorada com guias de concreto e demais elementos. Hoje, s\u00f3 h\u00e1 uma faixa amarela, cones pl\u00e1sticos e tax\u00f5es.<\/p>\n\n\n\n<p id=\"viewer-dcqgt\">Usu\u00e1rios di\u00e1rios do trecho como confeccionistas, costureiras e vendedores e moradores pr\u00f3ximos j\u00e1 reclamam:<\/p>\n\n\n\n<p id=\"viewer-7a1mf\">&#8220;N\u00e3o precisava deste bal\u00e3o aqui&#8221;&#8230;<\/p>\n\n\n\n<p id=\"viewer-bfmpi\">&#8220;Muito grande esta rotat\u00f3ria, vai atrapalhar carros e caminh\u00f5es. tem at\u00e9 risco de acidentes em hor\u00e1rios de pico&#8221;&#8230;<\/p>\n\n\n\n<p id=\"viewer-64l1l\">&#8220;Parece mal planejada este bal\u00e3o deste tamanho todo. um sem\u00e1foro seria melhor pra organizar&#8221;&#8230;<\/p>\n\n\n\n<p id=\"viewer-7ok8b\">A assessoria de comunica\u00e7\u00e3o da prefeitura foi consultada e ainda n\u00e3o se manifestou.<\/p>\n\n\n\n<p class=\"has-text-align-center\"><strong><span style=\"text-decoration: underline;\"><a href=\"http:\/\/contexto.inf.br\">@profsta #profsta @contexto.inf<\/a><\/span><\/strong><\/p>\n\n\n\n<figure class=\"wp-block-embed aligncenter is-type-video is-provider-youtube wp-block-embed-youtube wp-embed-aspect-4-3 wp-has-aspect-ratio\"><div class=\"wp-block-embed__wrapper\">\n<iframe loading=\"lazy\" title=\"Nova Rotat\u00f3ria no trevo da Av Para\u00edba com pr323 gera Pol\u00eamica em Cianorte\" width=\"500\" height=\"375\" src=\"https:\/\/www.youtube.com\/embed\/0A-IvLdo9SA?feature=oembed\" frameborder=\"0\" allow=\"accelerometer; autoplay; clipboard-write; encrypted-media; gyroscope; picture-in-picture; web-share\" referrerpolicy=\"strict-origin-when-cross-origin\" allowfullscreen><\/iframe>\n<\/div><\/figure>\n","protected":false},"excerpt":{"rendered":"<div class=\"mh-excerpt\"><p> <a class=\"mh-excerpt-more\" href=\"https:\/\/contexto.inf.br\/?p=1129\" title=\"Nova Rotat\u00f3ria em Trevo gera Pol\u00eamica em Cianorte\"><\/a><\/p>\n<\/div>","protected":false},"author":2,"featured_media":1131,"comment_status":"closed","ping_status":"open","sticky":false,"template":"","format":"standard","meta":{"footnotes":""},"categories":[2,11,17,36,31,32],"tags":[],"class_list":{"0":"post-1129","1":"post","2":"type-post","3":"status-publish","4":"format-standard","5":"has-post-thumbnail","7":"category-cianorte","8":"category-infraestruturas","9":"category-seguranca","10":"category-transito","11":"category-_destaque","12":"category-_em-foco"},"_links":{"self":[{"href":"https:\/\/contexto.inf.br\/index.php?rest_route=\/wp\/v2\/posts\/1129","targetHints":{"allow":["GET"]}}],"collection":[{"href":"https:\/\/contexto.inf.br\/index.php?rest_route=\/wp\/v2\/posts"}],"about":[{"href":"https:\/\/contexto.inf.br\/index.php?rest_route=\/wp\/v2\/types\/post"}],"author":[{"embeddable":true,"href":"https:\/\/contexto.inf.br\/index.php?rest_route=\/wp\/v2\/users\/2"}],"replies":[{"embeddable":true,"href":"https:\/\/contexto.inf.br\/index.php?rest_route=%2Fwp%2Fv2%2Fcomments&post=1129"}],"version-history":[{"count":1,"href":"https:\/\/contexto.inf.br\/index.php?rest_route=\/wp\/v2\/posts\/1129\/revisions"}],"predecessor-version":[{"id":1132,"href":"https:\/\/contexto.inf.br\/index.php?rest_route=\/wp\/v2\/posts\/1129\/revisions\/1132"}],"wp:featuredmedia":[{"embeddable":true,"href":"https:\/\/contexto.inf.br\/index.php?rest_route=\/wp\/v2\/media\/1131"}],"wp:attachment":[{"href":"https:\/\/contexto.inf.br\/index.php?rest_route=%2Fwp%2Fv2%2Fmedia&parent=1129"}],"wp:term":[{"taxonomy":"category","embeddable":true,"href":"https:\/\/contexto.inf.br\/index.php?rest_route=%2Fwp%2Fv2%2Fcategories&post=1129"},{"taxonomy":"post_tag","embeddable":true,"href":"https:\/\/contexto.inf.br\/index.php?rest_route=%2Fwp%2Fv2%2Ftags&post=1129"}],"curies":[{"name":"wp","href":"https:\/\/api.w.org\/{rel}","templated":true}]}}