{"id":1182,"date":"2024-07-31T16:22:47","date_gmt":"2024-07-31T19:22:47","guid":{"rendered":"https:\/\/contexto.inf.br\/?p=1182"},"modified":"2024-07-31T16:23:00","modified_gmt":"2024-07-31T19:23:00","slug":"vereador-tuika-e-afastado-da-mesa-diretora-e-ccj-da-camara-de-cianorte","status":"publish","type":"post","link":"https:\/\/contexto.inf.br\/?p=1182","title":{"rendered":"Vereador Tuika \u00e9 Afastado da Mesa Diretora e CCJ da C\u00e2mara de Cianorte"},"content":{"rendered":"<div class=\"wp-block-image\">\n<figure class=\"alignleft size-full is-resized\"><img loading=\"lazy\" decoding=\"async\" width=\"233\" height=\"196\" src=\"https:\/\/contexto.inf.br\/wp-content\/uploads\/2024\/07\/image-347.png\" alt=\"\" class=\"wp-image-1183\" style=\"width:342px;height:auto\"\/><\/figure>\n<\/div>\n\n\n<p>30\/10\/23 &#8211; Ap\u00f3s um abaixo-assinado de um grupo de 150 servidores p\u00fablicos municipais e de um sindicato dos servidores municipais contra o vereador Tuika, acusando-o de ofender ou desrespeitar a classe de profissionais e servidores p\u00fablicos municipais.<\/p>\n\n\n\n<p id=\"viewer-3nqin\">Ap\u00f3s, uma comiss\u00e3o especial analisar as den\u00fancias e os mecanismos legais conforme regimentos internos da casa. A Mesa Diretora da C\u00e2mara Legislativa de Cianorte, presidida pelo vereador Wilson Pedr\u00e3o, decidiu:<\/p>\n\n\n\n<p id=\"viewer-44i7m\">1 &#8211; Advertir por escrito o Vereador Tuika, com c\u00f3pia ao Partido Verde em que o vereador \u00e9 membro;<\/p>\n\n\n\n<p id=\"viewer-8pa64\">2 &#8211; Destituir o vereador Tuika da fun\u00e7\u00e3o de segundo secret\u00e1rio da mesa diretora da c\u00e2mara legislativa de Cianorte; e<\/p>\n\n\n\n<p id=\"viewer-dphq2\">3 &#8211; Destituir o vereador Tuika da presid\u00eancia da comiss\u00e3o de constitui\u00e7\u00e3o e justi\u00e7a da c\u00e2mara legislativa de Cianorte.<\/p>\n\n\n\n<p id=\"viewer-el0ib\">Com apoio direto do vereador Edvaldo em refer\u00eancia direta a gratid\u00e3o pelas \u00faltimas vota\u00e7\u00f5es, e uma defesa que resgatou princ\u00edpios constitucionais de imunidade parlamentar, o vereador Tuika demonstrou desconforto e sentimento de persegui\u00e7\u00e3o. Por muitas vezes Tuika afirmou que n\u00e3o pode falar a verdade&#8230;<\/p>\n\n\n\n<p id=\"viewer-8cp8a\">Em sua defesa tamb\u00e9m destacou que n\u00e3o tem grupo pol\u00edtico e que trabalha sempre pela popula\u00e7\u00e3o. &#8221; Nunca votei contra a popula\u00e7\u00e3o&#8221; &#8230;<\/p>\n\n\n\n<p id=\"viewer-45m11\">Dos 8 votos poss\u00edveis, uma vez que o vereador Tuika se absteve e o vereador Wilson Pedr\u00e3o, como presidente, s\u00f3 vota se houver empate:<\/p>\n\n\n\n<p id=\"viewer-9slar\"><strong>6 (seis) votos foram a favor<\/strong> da Resolu\u00e7\u00e3o 05\/2023: Afonso Lima, Marcia Pereira, Nen\u00e3o da J\u00fapiter, prof Neuza Casassa, Rodrigo Rezende e Thiago Fontes  E <strong>2 (dois) votos foram contr\u00e1rios<\/strong>: Edvaldo Est\u00e2ncia Luana e Pastor Dejair.<\/p>\n\n\n\n<p id=\"viewer-2e1gq\">Desta forma, o vereador Tuika continua vereador, volta ao seu lugar no plen\u00e1rio da C\u00e2mara de Cianorte e um novo membro ser\u00e1 escolhido para compor a nova cadeira da segunda secretaria em elei\u00e7\u00e3o interna em 20\/Novembro\/2023 e a nova presid\u00eancia da comiss\u00e3o de constitui\u00e7\u00e3o e justi\u00e7a dever\u00e1 ser definida por elei\u00e7\u00e3o interna da pr\u00f3pria comiss\u00e3o.<\/p>\n\n\n\n<p id=\"viewer-epbh5\">O rascunho pol\u00edtico cianortense est\u00e1 agitado e toda cidade acompanha de perto os detalhes de cada manobra. Esperamos e confiamos na Justi\u00e7a.<\/p>\n\n\n<div class=\"wp-block-image\">\n<figure class=\"alignright\"><img decoding=\"async\" src=\"https:\/\/static.wixstatic.com\/media\/84fe8b_6cf85d8ca7924468b9147f8d37033a66~mv2.png\/v1\/fill\/w_493,h_277,al_c,q_85,usm_0.66_1.00_0.01,enc_auto\/84fe8b_6cf85d8ca7924468b9147f8d37033a66~mv2.png\" alt=\"\"\/><\/figure>\n<\/div>\n\n\n<p class=\"has-text-align-center\" id=\"viewer-7tlj4\"><strong><span style=\"text-decoration: underline;\"><a href=\"http:\/\/contexto.inf.br\">@profsta #profsta @contexto.inf<\/a><\/span><\/strong><\/p>\n\n\n\n<p class=\"has-text-align-center\" id=\"viewer-8lk4g\">Quer receber Not\u00edcias, Coment\u00e1rios, Dicas Culturais e Muito Mais, sobre Cianorte, regi\u00e3o Noroeste, Paran\u00e1, Brasil e o Mundo? Siga o <a target=\"_blank\" href=\"https:\/\/whatsapp.com\/channel\/0029VaALWlh35fLwrfCnwa28\" rel=\"noreferrer noopener\"><strong><u>Canal &#8220;Stallone Ribeiro @profsta&#8221;<\/u><\/strong><\/a> no WhatsApp: <a target=\"_blank\" href=\"https:\/\/whatsapp.com\/channel\/0029VaALWlh35fLwrfCnwa28\" rel=\"noreferrer noopener\"><strong><u>Clique Aqui<\/u><\/strong><\/a>!<\/p>\n","protected":false},"excerpt":{"rendered":"<div class=\"mh-excerpt\"><p> <a class=\"mh-excerpt-more\" href=\"https:\/\/contexto.inf.br\/?p=1182\" title=\"Vereador Tuika \u00e9 Afastado da Mesa Diretora e CCJ da C\u00e2mara de Cianorte\"><\/a><\/p>\n<\/div>","protected":false},"author":2,"featured_media":1183,"comment_status":"closed","ping_status":"open","sticky":false,"template":"","format":"standard","meta":{"footnotes":""},"categories":[2,6,15,5,31,32],"tags":[],"class_list":{"0":"post-1182","1":"post","2":"type-post","3":"status-publish","4":"format-standard","5":"has-post-thumbnail","7":"category-cianorte","8":"category-direitos-sociais","9":"category-justica","10":"category-politica","11":"category-_destaque","12":"category-_em-foco"},"_links":{"self":[{"href":"https:\/\/contexto.inf.br\/index.php?rest_route=\/wp\/v2\/posts\/1182","targetHints":{"allow":["GET"]}}],"collection":[{"href":"https:\/\/contexto.inf.br\/index.php?rest_route=\/wp\/v2\/posts"}],"about":[{"href":"https:\/\/contexto.inf.br\/index.php?rest_route=\/wp\/v2\/types\/post"}],"author":[{"embeddable":true,"href":"https:\/\/contexto.inf.br\/index.php?rest_route=\/wp\/v2\/users\/2"}],"replies":[{"embeddable":true,"href":"https:\/\/contexto.inf.br\/index.php?rest_route=%2Fwp%2Fv2%2Fcomments&post=1182"}],"version-history":[{"count":1,"href":"https:\/\/contexto.inf.br\/index.php?rest_route=\/wp\/v2\/posts\/1182\/revisions"}],"predecessor-version":[{"id":1184,"href":"https:\/\/contexto.inf.br\/index.php?rest_route=\/wp\/v2\/posts\/1182\/revisions\/1184"}],"wp:featuredmedia":[{"embeddable":true,"href":"https:\/\/contexto.inf.br\/index.php?rest_route=\/wp\/v2\/media\/1183"}],"wp:attachment":[{"href":"https:\/\/contexto.inf.br\/index.php?rest_route=%2Fwp%2Fv2%2Fmedia&parent=1182"}],"wp:term":[{"taxonomy":"category","embeddable":true,"href":"https:\/\/contexto.inf.br\/index.php?rest_route=%2Fwp%2Fv2%2Fcategories&post=1182"},{"taxonomy":"post_tag","embeddable":true,"href":"https:\/\/contexto.inf.br\/index.php?rest_route=%2Fwp%2Fv2%2Ftags&post=1182"}],"curies":[{"name":"wp","href":"https:\/\/api.w.org\/{rel}","templated":true}]}}