{"id":1185,"date":"2024-07-31T16:25:24","date_gmt":"2024-07-31T19:25:24","guid":{"rendered":"https:\/\/contexto.inf.br\/?p=1185"},"modified":"2024-07-31T16:25:25","modified_gmt":"2024-07-31T19:25:25","slug":"alep-promove-o-projeto-geracao-atitude-e-fortalece-democracia-no-parana","status":"publish","type":"post","link":"https:\/\/contexto.inf.br\/?p=1185","title":{"rendered":"ALEP promove o projeto Gera\u00e7\u00e3o Atitude e Fortalece Democracia no Paran\u00e1"},"content":{"rendered":"<div class=\"wp-block-image\">\n<figure class=\"alignleft size-full is-resized\"><img loading=\"lazy\" decoding=\"async\" width=\"233\" height=\"181\" src=\"https:\/\/contexto.inf.br\/wp-content\/uploads\/2024\/07\/image-348.png\" alt=\"\" class=\"wp-image-1186\" style=\"width:349px;height:auto\"\/><\/figure>\n<\/div>\n\n\n<p>6\/11\/23 &#8211; ALEP promove o projeto Gera\u00e7\u00e3o Atitude e Fortalece Democracia no Paran\u00e1. <\/p>\n\n\n\n<p id=\"viewer-248e\"><strong>Gera\u00e7\u00e3o Atitude &#8211; <\/strong>O projeto Gera\u00e7\u00e3o Atitude tem como objetivo apoiar a forma\u00e7\u00e3o cidad\u00e3 de estudantes paranaenses da rede estadual de ensino, promovendo a cidadania, a participa\u00e7\u00e3o pol\u00edtica e o protagonismo juvenil.<\/p>\n\n\n\n<p id=\"viewer-9bvrr\">Desenvolvido pela Assembleia Legislativa do Paran\u00e1 e o Minist\u00e9rio P\u00fablico do Paran\u00e1 com apoio da Secretaria de Estado da Educa\u00e7\u00e3o, Tribunal de Justi\u00e7a do Paran\u00e1 e do Governo do Estado, o Gera\u00e7\u00e3o Atitude est\u00e1 presente nas escolas p\u00fablicas de ensino m\u00e9dio, localizadas nas \u00e1reas de atua\u00e7\u00e3o dos 32 N\u00facleos Regionais de Educa\u00e7\u00e3o do Paran\u00e1.<\/p>\n\n\n\n<p id=\"viewer-9q6bp\">As a\u00e7\u00f5es do projeto buscam despertar o interesse dos jovens para temas como Cidadania, Democracia, Pol\u00edtica, Elei\u00e7\u00f5es, Voto Consciente e o funcionamento do Minist\u00e9rio P\u00fablico e dos Poderes Legislativo, Judici\u00e1rio e Executivo.<\/p>\n\n\n\n<p id=\"viewer-53l0i\">Compreendendo melhor esses assuntos, os estudantes podem tornar-se agentes transformadores da realidade, participando de discuss\u00f5es que envolvam sua escola, bairro, cidade, estado e o pa\u00eds.<\/p>\n\n\n\n<p id=\"viewer-9epf\"><strong>O projeto Gera\u00e7\u00e3o Atitude \u00e9 dividido em duas a\u00e7\u00f5es:<\/strong> <strong>GERA\u00c7\u00c3O NA ESCOLA<\/strong> &#8211; Professores, assessores legislativos, promotores e ju\u00edzes, em conjunto com as equipes pedag\u00f3gicas das escolas, desenvolver\u00e3o palestras e debates. Aos professores caber\u00e1 trabalhar o conte\u00fado do Guia do Cidad\u00e3o com os alunos e aos promotores, ju\u00edzes e assessores realizar palestras nas escolas.<\/p>\n\n\n\n<p id=\"viewer-evba7\"><strong>CARAVANA DA CIDADANIA<\/strong> &#8211; Concurso que vai selecionar as 32 melhores propostas de Projetos de Lei, apresentadas por estudantes e orientadas por professores. Os autores dos melhores projetos selecionados por uma banca receber\u00e3o como reconhecimento uma viagem a Curitiba onde conhecer\u00e3o o funcionamento dos Poderes Legislativo, Executivo e Judici\u00e1rio.<\/p>\n\n\n\n<p id=\"viewer-6186m\">Nesta semana de 6 a 10 de Novembro de 2023, os 32 projetos selecionados estar\u00e3o em an\u00e1lises na ALEP, fortalecendo a democracia dos munic\u00edpios, do Paran\u00e1 e do Brasil.<\/p>\n\n\n\n<p id=\"viewer-ajbel\">A regi\u00e3o de Cianorte tem o projeto do <strong>Pedro Gabriel de Souza Santos<\/strong>, de Japur\u00e1 PR e estudante do<strong> CEEP Cianorte<\/strong> entre os 32 selecionados, orientado pela professora Solange Mezavilla Fontes. Nesta semana estar\u00e1 em Curitiba defendendo seu projeto que prev\u00ea a contrata\u00e7\u00e3o de profissionais de sa\u00fade na \u00e1rea da psicologia para orientar e prevenir enfermidades no ambiente escolar.<\/p>\n\n\n\n<p id=\"viewer-6diqg\">Parab\u00e9ns Pedro Gabriel e Parab\u00e9ns Prof Solange! Parab\u00e9ns tamb\u00e9m ao CEEP Cianorte que est\u00e1 com matr\u00edculas abertas e gratuitas. Temos Orgulho de Voc\u00eas!<\/p>\n\n\n\n<p class=\"has-text-align-center\" id=\"viewer-iamv\"><strong><span style=\"text-decoration: underline;\"><a href=\"http:\/\/contexto.inf.br\">@profsta #profsta @contexto.inf<\/a><\/span><\/strong><\/p>\n\n\n\n<p id=\"viewer-fsmd7\">Quer receber Not\u00edcias, Coment\u00e1rios, Dicas Culturais e Muito Mais, sobre Cianorte, regi\u00e3o Noroeste, Paran\u00e1, Brasil e o Mundo? Siga o <a target=\"_blank\" href=\"https:\/\/whatsapp.com\/channel\/0029VaALWlh35fLwrfCnwa28\" rel=\"noreferrer noopener\"><strong><u>Canal &#8220;Stallone Ribeiro @profsta&#8221;<\/u><\/strong><\/a> no WhatsApp: <a target=\"_blank\" href=\"https:\/\/whatsapp.com\/channel\/0029VaALWlh35fLwrfCnwa28\" rel=\"noreferrer noopener\"><strong><u>Clique Aqui<\/u><\/strong><\/a>!<\/p>\n","protected":false},"excerpt":{"rendered":"<div class=\"mh-excerpt\"><p> <a class=\"mh-excerpt-more\" href=\"https:\/\/contexto.inf.br\/?p=1185\" title=\"ALEP promove o projeto Gera\u00e7\u00e3o Atitude e Fortalece Democracia no Paran\u00e1\"><\/a><\/p>\n<\/div>","protected":false},"author":2,"featured_media":1186,"comment_status":"closed","ping_status":"open","sticky":false,"template":"","format":"standard","meta":{"footnotes":""},"categories":[4,2,37,1,6,34,8,25,3,5,26,31,32],"tags":[],"class_list":{"0":"post-1185","1":"post","2":"type-post","3":"status-publish","4":"format-standard","5":"has-post-thumbnail","7":"category-brasil","8":"category-cianorte","9":"category-ciencia","10":"category-dicas-culturais","11":"category-direitos-sociais","12":"category-diversidade","13":"category-educacao","14":"category-investimentos","15":"category-parana","16":"category-politica","17":"category-promocao-social","18":"category-_destaque","19":"category-_em-foco"},"_links":{"self":[{"href":"https:\/\/contexto.inf.br\/index.php?rest_route=\/wp\/v2\/posts\/1185","targetHints":{"allow":["GET"]}}],"collection":[{"href":"https:\/\/contexto.inf.br\/index.php?rest_route=\/wp\/v2\/posts"}],"about":[{"href":"https:\/\/contexto.inf.br\/index.php?rest_route=\/wp\/v2\/types\/post"}],"author":[{"embeddable":true,"href":"https:\/\/contexto.inf.br\/index.php?rest_route=\/wp\/v2\/users\/2"}],"replies":[{"embeddable":true,"href":"https:\/\/contexto.inf.br\/index.php?rest_route=%2Fwp%2Fv2%2Fcomments&post=1185"}],"version-history":[{"count":1,"href":"https:\/\/contexto.inf.br\/index.php?rest_route=\/wp\/v2\/posts\/1185\/revisions"}],"predecessor-version":[{"id":1187,"href":"https:\/\/contexto.inf.br\/index.php?rest_route=\/wp\/v2\/posts\/1185\/revisions\/1187"}],"wp:featuredmedia":[{"embeddable":true,"href":"https:\/\/contexto.inf.br\/index.php?rest_route=\/wp\/v2\/media\/1186"}],"wp:attachment":[{"href":"https:\/\/contexto.inf.br\/index.php?rest_route=%2Fwp%2Fv2%2Fmedia&parent=1185"}],"wp:term":[{"taxonomy":"category","embeddable":true,"href":"https:\/\/contexto.inf.br\/index.php?rest_route=%2Fwp%2Fv2%2Fcategories&post=1185"},{"taxonomy":"post_tag","embeddable":true,"href":"https:\/\/contexto.inf.br\/index.php?rest_route=%2Fwp%2Fv2%2Ftags&post=1185"}],"curies":[{"name":"wp","href":"https:\/\/api.w.org\/{rel}","templated":true}]}}