{"id":119,"date":"2024-07-12T19:23:54","date_gmt":"2024-07-12T19:23:54","guid":{"rendered":"https:\/\/contexto.inf.br\/?p=119"},"modified":"2024-07-12T19:23:54","modified_gmt":"2024-07-12T19:23:54","slug":"major-balbino-e-premiado-em-cianorte-cidadao-benemerito","status":"publish","type":"post","link":"https:\/\/contexto.inf.br\/?p=119","title":{"rendered":"Major Balbino \u00e9 Premiado em Cianorte: Cidad\u00e3o Benem\u00e9rito"},"content":{"rendered":"<div class=\"wp-block-image\">\n<figure class=\"alignleft size-full\"><img loading=\"lazy\" decoding=\"async\" width=\"233\" height=\"226\" src=\"https:\/\/contexto.inf.br\/wp-content\/uploads\/2024\/07\/image-27.png\" alt=\"\" class=\"wp-image-120\"\/><\/figure>\n<\/div>\n\n\n<p>15 de dez. de 2021<\/p>\n\n\n\n<p id=\"viewer-f265o\">Major Balbino \u00e9 Premiado em Cianorte: Cidad\u00e3o Benem\u00e9rito! Pr\u00eamio \u00e9 reconhecimento pelos bons servi\u00e7os e condu\u00e7\u00e3o de Cianorte aos menores \u00edndices de criminalidade, baixa viol\u00eancia e bons n\u00edveis de seguran\u00e7a p\u00fablica.<\/p>\n\n\n\n<p id=\"viewer-6a1q2\">Antes de ser nomeado como Comandante da 5\u00aa CIPM\/3\u00ba CRPM , estava exercendo atividades na Chefia da P3 do 25\u00ba BPM, sediado na cidade de Umuarama, Pr.<\/p>\n\n\n\n<p id=\"viewer-2lkbr\">Nasceu em 7 de fevereiro de 1970, na cidade de Major Isidoro, Alagoas, \u00e9 filho de Manoel Balbino dos Santos e Maria C\u00edcera da Concei\u00e7\u00e3o dos Santos.<\/p>\n\n\n\n<p id=\"viewer-o32q\">Ingressou na corpora\u00e7\u00e3o em 26 de junho de 1990, na cidade de Maring\u00e1, Pr, onde frequentou o Curso de Forma\u00e7\u00e3o de Soldados do 4\u00ba BPM. Foi promovido ao Posto de Major em 21 de Abril de 2017.<\/p>\n\n\n\n<p id=\"viewer-6tnkt\"><strong>FORMA\u00c7\u00c3O SUPERIOR<\/strong><\/p>\n\n\n\n<p id=\"viewer-bjkvl\">1992 \u2013 1994 \u2013 Academia Policial Militar do Guatup\u00ea Curso de Forma\u00e7\u00e3o de Oficial da PMPR. 1996 \u2013 1999 \u2013 UNIPAR \u2013 Universidade Paranaense Direito.<\/p>\n\n\n\n<p id=\"viewer-dcrng\"><strong>CURSOS INTERNOS (ESPECIALIZA\u00c7\u00c3O)<\/strong><\/p>\n\n\n\n<p id=\"viewer-4ld89\">2000 \u2013 APMG \u2013 Curso de Pol\u00edcia Judiciaria Militar (CPJM) CURSOS DE P\u00d3S-GRADUA\u00c7\u00c3O LATO-SENSU 2011 \u2013 UFPR \u2013 Universidade Federal do Paran\u00e1 Especializa\u00e7\u00e3o em Planejamento e Controle da Seguran\u00e7a P\u00fablica.<\/p>\n\n\n\n<p id=\"viewer-c4op5\">2011 \u2013 APMG \u2013 Academia Policial Militar do Guatupe Curso de aperfei\u00e7oamento de Oficiais \u2013 Especializa\u00e7\u00e3o em planejamento em Seguran\u00e7a P\u00fablica.<\/p>\n\n\n\n<p id=\"viewer-4i1vh\">2013\u2013 FAESP \u2013 Faculdade Anchieta de Ensino Superior do Paran\u00e1 Especializa\u00e7\u00e3o com \u00eanfase em Seguran\u00e7a P\u00fablica.<\/p>\n\n\n\n<p id=\"viewer-71tef\">2017 \u2013 FACO \u2013 Faculdade Cruzeiro do Oeste P\u00f3s-Gradua\u00e7\u00e3o em Gest\u00e3o Estrat\u00e9gica de Pessoas<\/p>\n\n\n\n<p id=\"viewer-3a3ek\">2019 \u2013 IPPEO \u2013 Faculdade IPPEO, Instituto Venturo P\u00f3s-Gradua\u00e7\u00e3o em Direito Militar<\/p>\n\n\n\n<p id=\"viewer-4t1pi\"><strong>PRINCIPAIS M\u00c9RITOS<\/strong><\/p>\n\n\n\n<p id=\"viewer-1rchs\">Medalha Policial de Prata, Bronze e ouro por 10, 20 e 30 anos de bons servi\u00e7os prestados \u00e0 Pol\u00edcia Militar, respectivamente nos anos de 2000, 2009 e 2019.<\/p>\n\n\n\n<p id=\"viewer-9u1qc\">Medalha de M\u00e9rito do 3\u00ba Comando Regional da Pol\u00edcia Militar (Maring\u00e1).<\/p>\n\n\n\n<p id=\"viewer-ceu14\">Medalha Sentinelas do Sudoeste, por servi\u00e7os prestados no 19\u00ba Batalh\u00e3o de Pol\u00edcia Militar (Pato Branco, Pr). Medalha de M\u00e9rito do 19\u00ba Batalh\u00e3o de Policia Militar de Toledo.<\/p>\n\n\n\n<p id=\"viewer-a30q\"><strong>FUN\u00c7\u00d5ES EXERCIDAS COMO OFICIAL<\/strong><\/p>\n\n\n\n<p id=\"viewer-4gftp\">Comandante do 2\u00ba Pel e Patrulha Rural\/3\u00aa Cia\/7\u00ba BPM, sediado em Terra Boa, Pr, de 29 Jan. 96 a 14 set. 2001.<\/p>\n\n\n\n<p id=\"viewer-7bb3q\">Comandante do 2\u00ba Pel\/3\u00aa Cia\/BPRv, sediado em Gua\u00edra, Pr, de 1 Nov. 01 a 14 Out. 2008.<\/p>\n\n\n\n<p id=\"viewer-b6srn\">Comandante do 2\u00ba Cia\/3\u00ba BPM, sediada em Francisco Beltr\u00e3o, Pr, de 26 Nov. 08 a 10 Fev. 2011. Chefe da P4 do 19\u00ba BPM, sediado em Toledo, de 10 Fev. 11 a 13 Fev. 14.<\/p>\n\n\n\n<p id=\"viewer-dpi6u\">Chefe da P4 do 7\u00ba BPM, sediado em Cruzeiro do Oeste, Pr, de 24 Fev. a 14 a 6 Jun. 17.<\/p>\n\n\n\n<p id=\"viewer-81uff\">Chefe da P3 do 25\u00ba BPM, sediado em Umuarama, Pr, de 14 Jun. 17 a 29 Fev. 18.<\/p>\n\n\n\n<p id=\"viewer-8tcfj\">Parab\u00e9ns Major Balbino pelo belo trabalho e ajudar nossa Cianorte ser cada vez Melhor!<\/p>\n\n\n\n<p id=\"viewer-5ndof\">@profsta <a href=\"https:\/\/www.bisbilhoteiro.com.br\/colunas\/hashtags\/profsta\">#profsta<\/a> @contexto.inf<\/p>\n","protected":false},"excerpt":{"rendered":"<div class=\"mh-excerpt\"><p> <a class=\"mh-excerpt-more\" href=\"https:\/\/contexto.inf.br\/?p=119\" title=\"Major Balbino \u00e9 Premiado em Cianorte: Cidad\u00e3o Benem\u00e9rito\"><\/a><\/p>\n<\/div>","protected":false},"author":2,"featured_media":120,"comment_status":"open","ping_status":"open","sticky":false,"template":"","format":"standard","meta":{"footnotes":""},"categories":[2,3,17],"tags":[],"class_list":{"0":"post-119","1":"post","2":"type-post","3":"status-publish","4":"format-standard","5":"has-post-thumbnail","7":"category-cianorte","8":"category-parana","9":"category-seguranca"},"_links":{"self":[{"href":"https:\/\/contexto.inf.br\/index.php?rest_route=\/wp\/v2\/posts\/119","targetHints":{"allow":["GET"]}}],"collection":[{"href":"https:\/\/contexto.inf.br\/index.php?rest_route=\/wp\/v2\/posts"}],"about":[{"href":"https:\/\/contexto.inf.br\/index.php?rest_route=\/wp\/v2\/types\/post"}],"author":[{"embeddable":true,"href":"https:\/\/contexto.inf.br\/index.php?rest_route=\/wp\/v2\/users\/2"}],"replies":[{"embeddable":true,"href":"https:\/\/contexto.inf.br\/index.php?rest_route=%2Fwp%2Fv2%2Fcomments&post=119"}],"version-history":[{"count":1,"href":"https:\/\/contexto.inf.br\/index.php?rest_route=\/wp\/v2\/posts\/119\/revisions"}],"predecessor-version":[{"id":121,"href":"https:\/\/contexto.inf.br\/index.php?rest_route=\/wp\/v2\/posts\/119\/revisions\/121"}],"wp:featuredmedia":[{"embeddable":true,"href":"https:\/\/contexto.inf.br\/index.php?rest_route=\/wp\/v2\/media\/120"}],"wp:attachment":[{"href":"https:\/\/contexto.inf.br\/index.php?rest_route=%2Fwp%2Fv2%2Fmedia&parent=119"}],"wp:term":[{"taxonomy":"category","embeddable":true,"href":"https:\/\/contexto.inf.br\/index.php?rest_route=%2Fwp%2Fv2%2Fcategories&post=119"},{"taxonomy":"post_tag","embeddable":true,"href":"https:\/\/contexto.inf.br\/index.php?rest_route=%2Fwp%2Fv2%2Ftags&post=119"}],"curies":[{"name":"wp","href":"https:\/\/api.w.org\/{rel}","templated":true}]}}