{"id":1201,"date":"2024-07-31T19:05:03","date_gmt":"2024-07-31T22:05:03","guid":{"rendered":"https:\/\/contexto.inf.br\/?p=1201"},"modified":"2024-07-31T19:05:04","modified_gmt":"2024-07-31T22:05:04","slug":"cmei-dona-flor-continua-fechado-apos-surto-de-onde-veio-a-epidemia-misteriosa","status":"publish","type":"post","link":"https:\/\/contexto.inf.br\/?p=1201","title":{"rendered":"CMEI Dona Flor Continua Fechado ap\u00f3s Surto. De Onde veio a &#8220;Epidemia Misteriosa&#8221;?"},"content":{"rendered":"<div class=\"wp-block-image\">\n<figure class=\"alignleft size-full is-resized\"><img loading=\"lazy\" decoding=\"async\" width=\"493\" height=\"329\" src=\"https:\/\/contexto.inf.br\/wp-content\/uploads\/2024\/07\/image-351.png\" alt=\"\" class=\"wp-image-1202\" style=\"width:357px;height:auto\" srcset=\"https:\/\/contexto.inf.br\/wp-content\/uploads\/2024\/07\/image-351.png 493w, https:\/\/contexto.inf.br\/wp-content\/uploads\/2024\/07\/image-351-300x200.png 300w\" sizes=\"auto, (max-width: 493px) 100vw, 493px\" \/><\/figure>\n<\/div>\n\n\n<p class=\"wp-block-paragraph\" id=\"viewer-56usd\">22\/11\/23 &#8211; Conforme j\u00e1 publicamos no \u00faltimo s\u00e1bado 18\/Nov, um surto misterioso afetou mais de 110 pessoas entre crian\u00e7as e adultos do CMEI Dona Flor de Cianorte (<strong><u><a href=\"https:\/\/contexto.inf.br\/?p=1188\" target=\"_blank\" rel=\"noreferrer noopener\">Veja Aqui a Mat\u00e9ria<\/a><\/u><\/strong>).<\/p>\n\n\n\n<p class=\"wp-block-paragraph\" id=\"viewer-4rsfo\">Fechado sobre o argumento de &#8220;<strong>desinfec\u00e7\u00e3o<\/strong>&#8221; na \u00faltima sexta-feira 17\/Nov\/23, nesta segunda-feira a Prefeitura de Cianorte estendeu o prazo do CMEI Fechado at\u00e9 5\u00aafeira 23\/Nov\/2023&#8230;<\/p>\n\n\n\n<p class=\"wp-block-paragraph\" id=\"viewer-3i7rk\">O problema \u00e9 que o &#8220;surto&#8221; n\u00e3o tem origem identificada e n\u00e3o tem v\u00edrus conhecido, tanto que &#8220;<strong>outras unidades tamb\u00e9m registraram casos de infec\u00e7\u00e3o<\/strong>&#8220;. Ou seja, n\u00e3o sabemos a origem nem qual o v\u00edrus ou bact\u00e9ria tem causado o surto crescente, por isso aqui o denomino &#8220;<strong>Epidemia Misteriosa<\/strong>&#8221; e o n\u00famero de alunos e servidores infectados com o v\u00edrus assustou o munic\u00edpio de Cianorte.<\/p>\n\n\n\n<p class=\"wp-block-paragraph\" id=\"viewer-fuksl\">Depois do feriado, 90 alunos e mais 24 servidores tiveram diagn\u00f3stico para o v\u00edrus e as aulas no Cmei com 250 alunos foram suspensas para desinfec\u00e7\u00e3o da institui\u00e7\u00e3o. Segundo a Secret\u00e1ria de Educa\u00e7\u00e3o, Jakeline Pl\u00e1cido Marcon, <strong>outras quatro institui\u00e7\u00f5es de ensino para crian\u00e7as tiveram registros de casos<\/strong>.<\/p>\n\n\n\n<p class=\"wp-block-paragraph\" id=\"viewer-5p2ed\">Descartadas as suspeitas de escabiose (sarna), o exame que vai determinar que v\u00edrus \u00e9 esse, s\u00f3 deve sair em 10 dias, explicou&#8230;<\/p>\n\n\n\n<p class=\"wp-block-paragraph\" id=\"viewer-30l5c\">J\u00e1 \u00e9 senso comum em Cianorte que a doen\u00e7a misteriosa \u00e9 transmiss\u00edvel, mas n\u00e3o \u00e9 perigosa, \u00e9 comum em crian\u00e7as e o inc\u00f4modo fica por causa das les\u00f5es na pele.<\/p>\n\n\n\n<p class=\"wp-block-paragraph\" id=\"viewer-54ts6\">Entretanto, na primeira sondagem epidemiol\u00f3gica, inclusive pelo <a target=\"_blank\" href=\"https:\/\/www.bisbinoticias.com.br\/post\/cmei-dona-flor-de-cianorte-suspende-aulas-por-epidemia-origem-da-doen%C3%A7a-ainda-%C3%A9-mist%C3%A9rio\" rel=\"noreferrer noopener\"><strong><u>of\u00edcio 121\/2023 da VISA\/SMS<\/u><\/strong><\/a>, houve a hip\u00f3tese de ser <strong><em>Impetigo Bolhoso<\/em><\/strong>, uma doen\u00e7a transmitida principalmente pela bact\u00e9ria <strong>Staphylococcus<\/strong>, comumente encontrada em \u00e1reas com baixa higiene como alimentos mal lavados ou \u00e1gua suja&#8230;<\/p>\n\n\n\n<p class=\"wp-block-paragraph\" id=\"viewer-6h9g2\">E agora? Como se eliminou a bact\u00e9ria Staphylococcus e como se concluiu que trata-se de um v\u00edrus? Se foi um &#8220;surto&#8221; pontual do CMEI Dona Flor, como outras quatro unidades de ensino tamb\u00e9m registraram casos desta &#8220;Epidemia Misteriosa&#8221;? &#8230; Mist\u00e9rios duram alguns minutos ou dias, mas uma hora s\u00e3o esclarecidos. Por isso confiamos nas autoridades municipais e estaduais de sa\u00fade para trazer novas e fortes informa\u00e7\u00f5es que tragam a origem do surto, qual bact\u00e9ria ou v\u00edrus est\u00e1 causando esta &#8220;epidemia misteriosa&#8221; e que nos tragam instru\u00e7\u00f5es de como prevenir o contagio e o espalhamento desta &#8220;epidemia misteriosa&#8221;.<\/p>\n\n\n\n<p class=\"wp-block-paragraph\" id=\"viewer-edtg5\">At\u00e9 l\u00e1, enquanto a &#8220;epidemia misteriosa&#8221; continua sem origem, vetor ou esclarecimentos detalhados, as orienta\u00e7\u00f5es s\u00e3o que se algum estudante ou servidor identificar os sintomas de vermelhid\u00e3o na pele, busque a UPA ou UBSs. E pessoalmente, destaco:<\/p>\n\n\n\n<p class=\"has-text-align-center wp-block-paragraph\" id=\"viewer-721kj\"><strong>Lave bem as m\u00e3os com \u00e1gua e sab\u00e3o,<\/strong> <strong>Use \u00e1lcool em gel quando n\u00e3o puder lavar as m\u00e3os,<\/strong> <strong>Evite tocar nos olhos e na boca ou co\u00e7ar partes do corpo<\/strong>. F<strong>uja de \u00e1gua parada ou \u00e1gua suja.<\/strong> <strong>Cuide-se!<\/strong><\/p>\n\n\n\n<p class=\"has-text-align-center wp-block-paragraph\" id=\"viewer-cph92\"><strong><span style=\"text-decoration: underline;\"><a href=\"http:\/\/contexto.inf.br\">@profsta #profsta @contexto.inf<\/a><\/span><\/strong><\/p>\n\n\n\n<p class=\"has-text-align-center wp-block-paragraph\" id=\"viewer-3hgtc\">Quer receber Not\u00edcias, Coment\u00e1rios, Dicas Culturais e Muito Mais, sobre Cianorte, regi\u00e3o Noroeste, Paran\u00e1, Brasil e o Mundo? Siga o <a target=\"_blank\" href=\"https:\/\/whatsapp.com\/channel\/0029VaALWlh35fLwrfCnwa28\" rel=\"noreferrer noopener\"><strong><u>Canal &#8220;Stallone Ribeiro @profsta&#8221;<\/u><\/strong><\/a> no WhatsApp: <a target=\"_blank\" href=\"https:\/\/whatsapp.com\/channel\/0029VaALWlh35fLwrfCnwa28\" rel=\"noreferrer noopener\"><strong><u>Clique Aqui<\/u><\/strong><\/a>!<\/p>\n\n\n\n<p class=\"has-text-align-right wp-block-paragraph\" id=\"viewer-b4la3\"><a href=\"https:\/\/www.cbnmaringa.com.br\/noticia\/surto-de-virus-mantem-aulas-suspensas-em-cmei-ate-quinta\" target=\"_blank\" rel=\"noreferrer noopener\"><mark style=\"background-color:rgba(0, 0, 0, 0)\" class=\"has-inline-color has-cyan-bluish-gray-color\">CBN Maring\u00e1<\/mark><\/a><\/p>\n","protected":false},"excerpt":{"rendered":"<div class=\"mh-excerpt\"><p> <a class=\"mh-excerpt-more\" href=\"https:\/\/contexto.inf.br\/?p=1201\" title=\"CMEI Dona Flor Continua Fechado ap\u00f3s Surto. De Onde veio a &#8220;Epidemia Misteriosa&#8221;?\"><\/a><\/p>\n<\/div>","protected":false},"author":2,"featured_media":1202,"comment_status":"closed","ping_status":"open","sticky":false,"template":"","format":"standard","meta":{"footnotes":""},"categories":[2,18,6,8,26,14,12,17,31,32],"tags":[],"class_list":["post-1201","post","type-post","status-publish","format-standard","has-post-thumbnail","category-cianorte","category-demografia","category-direitos-sociais","category-educacao","category-promocao-social","category-saneamento","category-saude","category-seguranca","category-_destaque","category-_em-foco"],"_links":{"self":[{"href":"https:\/\/contexto.inf.br\/index.php?rest_route=\/wp\/v2\/posts\/1201","targetHints":{"allow":["GET"]}}],"collection":[{"href":"https:\/\/contexto.inf.br\/index.php?rest_route=\/wp\/v2\/posts"}],"about":[{"href":"https:\/\/contexto.inf.br\/index.php?rest_route=\/wp\/v2\/types\/post"}],"author":[{"embeddable":true,"href":"https:\/\/contexto.inf.br\/index.php?rest_route=\/wp\/v2\/users\/2"}],"replies":[{"embeddable":true,"href":"https:\/\/contexto.inf.br\/index.php?rest_route=%2Fwp%2Fv2%2Fcomments&post=1201"}],"version-history":[{"count":1,"href":"https:\/\/contexto.inf.br\/index.php?rest_route=\/wp\/v2\/posts\/1201\/revisions"}],"predecessor-version":[{"id":1203,"href":"https:\/\/contexto.inf.br\/index.php?rest_route=\/wp\/v2\/posts\/1201\/revisions\/1203"}],"wp:featuredmedia":[{"embeddable":true,"href":"https:\/\/contexto.inf.br\/index.php?rest_route=\/wp\/v2\/media\/1202"}],"wp:attachment":[{"href":"https:\/\/contexto.inf.br\/index.php?rest_route=%2Fwp%2Fv2%2Fmedia&parent=1201"}],"wp:term":[{"taxonomy":"category","embeddable":true,"href":"https:\/\/contexto.inf.br\/index.php?rest_route=%2Fwp%2Fv2%2Fcategories&post=1201"},{"taxonomy":"post_tag","embeddable":true,"href":"https:\/\/contexto.inf.br\/index.php?rest_route=%2Fwp%2Fv2%2Ftags&post=1201"}],"curies":[{"name":"wp","href":"https:\/\/api.w.org\/{rel}","templated":true}]}}