{"id":1234,"date":"2024-07-31T20:03:23","date_gmt":"2024-07-31T23:03:23","guid":{"rendered":"https:\/\/contexto.inf.br\/?p=1234"},"modified":"2024-07-31T20:03:24","modified_gmt":"2024-07-31T23:03:24","slug":"novo-julgamento-de-cassacao-do-vereador-edvaldo-sera-2afeira-11-dez-as-9h","status":"publish","type":"post","link":"https:\/\/contexto.inf.br\/?p=1234","title":{"rendered":"Novo Julgamento de Cassa\u00e7\u00e3o do Vereador Edvaldo ser\u00e1 2\u00aafeira 11\/Dez \u00e0s 9h"},"content":{"rendered":"<div class=\"wp-block-image\">\n<figure class=\"alignleft size-full is-resized\"><img loading=\"lazy\" decoding=\"async\" width=\"233\" height=\"233\" src=\"https:\/\/contexto.inf.br\/wp-content\/uploads\/2024\/07\/image-363.png\" alt=\"\" class=\"wp-image-1237\" style=\"width:309px;height:auto\" srcset=\"https:\/\/contexto.inf.br\/wp-content\/uploads\/2024\/07\/image-363.png 233w, https:\/\/contexto.inf.br\/wp-content\/uploads\/2024\/07\/image-363-150x150.png 150w\" sizes=\"auto, (max-width: 233px) 100vw, 233px\" \/><\/figure>\n<\/div>\n\n\n<p>9\/12\/23 &#8211; Novo Julgamento de Cassa\u00e7\u00e3o do Vereador Edvaldo ser\u00e1 2\u00aafeira 11\/9 \u00e0s 9h.<\/p>\n\n\n<div class=\"wp-block-image\">\n<figure class=\"alignright size-full is-resized\"><img loading=\"lazy\" decoding=\"async\" width=\"233\" height=\"567\" src=\"https:\/\/contexto.inf.br\/wp-content\/uploads\/2024\/07\/image-365.png\" alt=\"\" class=\"wp-image-1238\" style=\"width:376px;height:auto\" srcset=\"https:\/\/contexto.inf.br\/wp-content\/uploads\/2024\/07\/image-365.png 233w, https:\/\/contexto.inf.br\/wp-content\/uploads\/2024\/07\/image-365-123x300.png 123w\" sizes=\"auto, (max-width: 233px) 100vw, 233px\" \/><\/figure>\n<\/div>\n\n\n<p><\/p>\n","protected":false},"excerpt":{"rendered":"<div class=\"mh-excerpt\"><p> <a class=\"mh-excerpt-more\" href=\"https:\/\/contexto.inf.br\/?p=1234\" title=\"Novo Julgamento de Cassa\u00e7\u00e3o do Vereador Edvaldo ser\u00e1 2\u00aafeira 11\/Dez \u00e0s 9h\"><\/a><\/p>\n<\/div>","protected":false},"author":2,"featured_media":1236,"comment_status":"closed","ping_status":"open","sticky":false,"template":"","format":"standard","meta":{"footnotes":""},"categories":[2,6,15,5,31,32],"tags":[],"class_list":{"0":"post-1234","1":"post","2":"type-post","3":"status-publish","4":"format-standard","5":"has-post-thumbnail","7":"category-cianorte","8":"category-direitos-sociais","9":"category-justica","10":"category-politica","11":"category-_destaque","12":"category-_em-foco"},"_links":{"self":[{"href":"https:\/\/contexto.inf.br\/index.php?rest_route=\/wp\/v2\/posts\/1234","targetHints":{"allow":["GET"]}}],"collection":[{"href":"https:\/\/contexto.inf.br\/index.php?rest_route=\/wp\/v2\/posts"}],"about":[{"href":"https:\/\/contexto.inf.br\/index.php?rest_route=\/wp\/v2\/types\/post"}],"author":[{"embeddable":true,"href":"https:\/\/contexto.inf.br\/index.php?rest_route=\/wp\/v2\/users\/2"}],"replies":[{"embeddable":true,"href":"https:\/\/contexto.inf.br\/index.php?rest_route=%2Fwp%2Fv2%2Fcomments&post=1234"}],"version-history":[{"count":1,"href":"https:\/\/contexto.inf.br\/index.php?rest_route=\/wp\/v2\/posts\/1234\/revisions"}],"predecessor-version":[{"id":1239,"href":"https:\/\/contexto.inf.br\/index.php?rest_route=\/wp\/v2\/posts\/1234\/revisions\/1239"}],"wp:featuredmedia":[{"embeddable":true,"href":"https:\/\/contexto.inf.br\/index.php?rest_route=\/wp\/v2\/media\/1236"}],"wp:attachment":[{"href":"https:\/\/contexto.inf.br\/index.php?rest_route=%2Fwp%2Fv2%2Fmedia&parent=1234"}],"wp:term":[{"taxonomy":"category","embeddable":true,"href":"https:\/\/contexto.inf.br\/index.php?rest_route=%2Fwp%2Fv2%2Fcategories&post=1234"},{"taxonomy":"post_tag","embeddable":true,"href":"https:\/\/contexto.inf.br\/index.php?rest_route=%2Fwp%2Fv2%2Ftags&post=1234"}],"curies":[{"name":"wp","href":"https:\/\/api.w.org\/{rel}","templated":true}]}}