{"id":1251,"date":"2024-08-06T15:07:56","date_gmt":"2024-08-06T18:07:56","guid":{"rendered":"https:\/\/contexto.inf.br\/?p=1251"},"modified":"2024-08-06T15:13:11","modified_gmt":"2024-08-06T18:13:11","slug":"projeto-160-araucarias-traz-arte-em-mosaicos-a-cianorte","status":"publish","type":"post","link":"https:\/\/contexto.inf.br\/?p=1251","title":{"rendered":"Projeto &#8220;160 Arauc\u00e1rias&#8221; traz Arte em Mosaicos a Cianorte"},"content":{"rendered":"<div class=\"wp-block-image\">\n<figure class=\"alignleft size-large is-resized\"><img loading=\"lazy\" decoding=\"async\" width=\"1024\" height=\"1020\" src=\"https:\/\/contexto.inf.br\/wp-content\/uploads\/2024\/08\/image-1-1024x1020.png\" alt=\"\" class=\"wp-image-1253\" style=\"width:355px;height:auto\"\/><\/figure>\n<\/div>\n\n\n<p class=\"wp-block-paragraph\">O projeto \u201c160 arauc\u00e1rias\u201d da artista pl\u00e1stica Juliana Martini, foi aprovado no PROFICE e tem o apoio da COPEL e Cristofoli. P\u00fablico alvo: Maiores de 16 anos.<\/p>\n\n\n\n<p class=\"wp-block-paragraph\">Os estudantes receber\u00e3o um kit contendo apostila, pastilhas cer\u00e2micas, cola, placa ciment\u00edcia e empr\u00e9stimo de equipamentos de seguran\u00e7a e ferramentas.<\/p>\n\n\n\n<p class=\"wp-block-paragraph\">Os estudantes dever\u00e3o cumprir 100% do curso, concluindo uma pe\u00e7a retangular no formato de 24cm x 30cm com utiliza\u00e7\u00e3o de pastilhas cer\u00e2micas, que far\u00e1 parte da obra coletiva.<\/p>\n\n\n\n<p class=\"wp-block-paragraph\">O Curso ser\u00e1 realizado na FLICIA\/Festa Liter\u00e1ria de Cianorte nos dia 15 e 16\/06 e CENTRO DE REFER\u00caNCIA DA CULTURA NEGRA DO PARAN\u00c1 PALMARES nos dias 22 e 23\/06\/20024<\/p>\n\n\n\n<p class=\"wp-block-paragraph\">15\/06\/2024 &#8211; S\u00e1bado: 8h00 \u00e0s 12h00 e das 14h00 \u00e0s 18h00<br>(turma 1- 10 alunos)<\/p>\n\n\n\n<p class=\"wp-block-paragraph\">16\/06\/2024 &#8211; domingo: 8h00 \u00e0s 12h00 e das 14h00 \u00e0s 18h00<br>(turma 2 &#8211; 10 alunos)<\/p>\n\n\n\n<p class=\"wp-block-paragraph\">22\/06\/2024 &#8211; S\u00e1bado: 8h00 \u00e0s 12h00 e das 14h00 \u00e0s 18h00<br>(turma 3 &#8211; 10 alunos)<\/p>\n\n\n\n<p class=\"wp-block-paragraph\">23\/06\/2024 &#8211; domingo: 8h00 \u00e0s 12h00 e das 14h00 \u00e0s 18h00<br>(turma 4 &#8211; 10 alunos)<\/p>\n\n\n\n<p class=\"wp-block-paragraph\">As vagas ser\u00e3o preenchidas por ordem de inscri\u00e7\u00e3o. A instala\u00e7\u00e3o do mosaico coletivo tem previs\u00e3o de ser realizada no dia inicio de Julho\/2024 e os alunos dever\u00e3o comparecer para ato de encerramento do curso.<\/p>\n\n\n\n<p class=\"wp-block-paragraph\">OBS: data, local e hora, ser\u00e3o confirmadas pelo professor no dia da aula. Para participar, se inscreva no formul\u00e1rio ( https:\/\/forms.gle\/xiyCsKR8DABpTs7d8 ).<\/p>\n\n\n\n<p class=\"has-text-align-center wp-block-paragraph\"><strong><span style=\"text-decoration: underline;\"><a href=\"http:\/\/contexto.inf.br\">@profsta #profsta @contexto.inf<\/a><\/span><\/strong><\/p>\n\n\n<div class=\"wp-block-image\">\n<figure class=\"aligncenter size-large\"><img loading=\"lazy\" decoding=\"async\" width=\"1024\" height=\"1020\" src=\"https:\/\/contexto.inf.br\/wp-content\/uploads\/2024\/08\/image-3-1024x1020.png\" alt=\"\" class=\"wp-image-1256\" srcset=\"https:\/\/contexto.inf.br\/wp-content\/uploads\/2024\/08\/image-3-1024x1020.png 1024w, https:\/\/contexto.inf.br\/wp-content\/uploads\/2024\/08\/image-3-300x300.png 300w, https:\/\/contexto.inf.br\/wp-content\/uploads\/2024\/08\/image-3-150x150.png 150w, https:\/\/contexto.inf.br\/wp-content\/uploads\/2024\/08\/image-3-768x765.png 768w, https:\/\/contexto.inf.br\/wp-content\/uploads\/2024\/08\/image-3.png 1080w\" sizes=\"auto, (max-width: 1024px) 100vw, 1024px\" \/><\/figure>\n<\/div>","protected":false},"excerpt":{"rendered":"<div class=\"mh-excerpt\"><p> <a class=\"mh-excerpt-more\" href=\"https:\/\/contexto.inf.br\/?p=1251\" title=\"Projeto &#8220;160 Arauc\u00e1rias&#8221; traz Arte em Mosaicos a Cianorte\"><\/a><\/p>\n<\/div>","protected":false},"author":2,"featured_media":1253,"comment_status":"closed","ping_status":"open","sticky":false,"template":"","format":"standard","meta":{"footnotes":""},"categories":[4,2,10,1,34,8,30,3,7,31,32],"tags":[],"class_list":["post-1251","post","type-post","status-publish","format-standard","has-post-thumbnail","category-brasil","category-cianorte","category-cultura","category-dicas-culturais","category-diversidade","category-educacao","category-mulheres","category-parana","category-sustentabilidade","category-_destaque","category-_em-foco"],"_links":{"self":[{"href":"https:\/\/contexto.inf.br\/index.php?rest_route=\/wp\/v2\/posts\/1251","targetHints":{"allow":["GET"]}}],"collection":[{"href":"https:\/\/contexto.inf.br\/index.php?rest_route=\/wp\/v2\/posts"}],"about":[{"href":"https:\/\/contexto.inf.br\/index.php?rest_route=\/wp\/v2\/types\/post"}],"author":[{"embeddable":true,"href":"https:\/\/contexto.inf.br\/index.php?rest_route=\/wp\/v2\/users\/2"}],"replies":[{"embeddable":true,"href":"https:\/\/contexto.inf.br\/index.php?rest_route=%2Fwp%2Fv2%2Fcomments&post=1251"}],"version-history":[{"count":4,"href":"https:\/\/contexto.inf.br\/index.php?rest_route=\/wp\/v2\/posts\/1251\/revisions"}],"predecessor-version":[{"id":1259,"href":"https:\/\/contexto.inf.br\/index.php?rest_route=\/wp\/v2\/posts\/1251\/revisions\/1259"}],"wp:featuredmedia":[{"embeddable":true,"href":"https:\/\/contexto.inf.br\/index.php?rest_route=\/wp\/v2\/media\/1253"}],"wp:attachment":[{"href":"https:\/\/contexto.inf.br\/index.php?rest_route=%2Fwp%2Fv2%2Fmedia&parent=1251"}],"wp:term":[{"taxonomy":"category","embeddable":true,"href":"https:\/\/contexto.inf.br\/index.php?rest_route=%2Fwp%2Fv2%2Fcategories&post=1251"},{"taxonomy":"post_tag","embeddable":true,"href":"https:\/\/contexto.inf.br\/index.php?rest_route=%2Fwp%2Fv2%2Ftags&post=1251"}],"curies":[{"name":"wp","href":"https:\/\/api.w.org\/{rel}","templated":true}]}}