{"id":1267,"date":"2024-08-07T14:25:03","date_gmt":"2024-08-07T17:25:03","guid":{"rendered":"https:\/\/contexto.inf.br\/?p=1267"},"modified":"2024-08-07T14:25:16","modified_gmt":"2024-08-07T17:25:16","slug":"ceep-cianorte-faz-colacao-de-grau-e-se-firma-como-o-melhor-ensino-medio-em-cianorte-e-regiao","status":"publish","type":"post","link":"https:\/\/contexto.inf.br\/?p=1267","title":{"rendered":"CEEP Cianorte faz Cola\u00e7\u00e3o de Grau e se Firma como o Melhor Ensino M\u00e9dio em Cianorte e regi\u00e3o"},"content":{"rendered":"<div class=\"wp-block-image\">\n<figure class=\"alignleft size-full is-resized\"><img loading=\"lazy\" decoding=\"async\" width=\"233\" height=\"145\" src=\"https:\/\/contexto.inf.br\/wp-content\/uploads\/2024\/08\/image-6.png\" alt=\"\" class=\"wp-image-1268\" style=\"width:366px;height:auto\"\/><\/figure>\n<\/div>\n\n\n<p>21\/12\/2023 &#8211; Na noite desta 4\u00aafeira (20\/12), o CEEP Cianorte (Centro Estadual de Educa\u00e7\u00e3o Profissional) realizou a Cola\u00e7\u00e3o de Grau mais de 60 formandos dos 4\u00bas Anos dos cursos integrados (Ensino M\u00e9dio e Profissional) dos cursos T\u00e9cnico em Qu\u00edmica e T\u00e9cnico em Vestu\u00e1rio.<\/p>\n\n\n\n<p id=\"viewer-fe48i\">Com atividades iniciadas em 2015, o CEEP Cianorte se fixou como melhor IDEB (\u00cdndice de Desenvolvimento da Educa\u00e7\u00e3o B\u00e1sica) de Ensino M\u00e9dio na regi\u00e3o de Cianorte e est\u00e1 entre as 10 melhores do Estado do Paran\u00e1 quando comparada a Escolas de mesma categoria.<\/p>\n\n\n\n<p id=\"viewer-fa4g4\">Neste ano de 2023, considerando apenas o vestibular de inverno da UEM, j\u00e1 temos 4 Estudantes Aprovados em Universidade P\u00fablica e mais 1 em Universidade privada. Com o ENEM e outros vestibulares, esperamos ainda mais aprovados, fato que confirma que o CEEP Cianorte \u00e9 uma Escola p\u00fablica, gratuita, de ensino m\u00e9dio, profissional, que forma cidad\u00e3os plenos, tanto para o mercado de trabalho como \u00e0 todos os cen\u00e1rios poss\u00edveis na Vida, inclusive ao Ensino Superior.<\/p>\n\n\n\n<p id=\"viewer-epvdv\">Pessoalmente, tenho muita alegria e gratid\u00e3o aos estudantes que me convidaram a ser paraninfo de turma nesta celebra\u00e7\u00e3o t\u00e3o especial. \u00c9 um orgulho imenso ter voc\u00eas como Amigos Eternos, porque <strong>Escola \u00e9 Lugar de Amizade, de Alegria, de Felicidades!<\/strong> Por isso, reproduzo aqui em v\u00eddeo e texto a mensagem criada especialmente a cada um de voc\u00eas. Palavra por palavra, letra por letra, \u00e9 um resumo real de nossa constru\u00e7\u00e3o.<\/p>\n\n\n\n<p id=\"viewer-b4o53\"><strong>Obrigado por aprenderem e Muito Obrigado por me Ensinarem<\/strong>. <strong>Eu Amo Voc\u00eas!<\/strong><\/p>\n\n\n\n<p id=\"viewer-apraj\"><strong>Aos Formandos do CEEP 2023: Meus eternos Estudantes e Agora Amigos<\/strong><\/p>\n\n\n\n<p id=\"viewer-8p0n4\">1- Hoje, 20\/Dez, 4\u00aafeira, linda e maravilhosa, fofuxa, tchutchucka e gostosa. E melhor que hoje? S\u00f3 amanh\u00e3!? Ou N\u00e3o! Porque o amanh\u00e3 n\u00e3o tem garantias, o ontem j\u00e1 foi, por isso aproveite o agora, desfrute o presente. <em>(Abra\u00e3o) (Amanda Penachio)<\/em><\/p>\n\n\n\n<p id=\"viewer-80sq1\">2 &#8211; Resgato aqui duas sabedorias do Latim, uma que diz &#8220;Memento Mori&#8221;, a vida \u00e9 curta, passa r\u00e1pido e um dia acaba para todos, por isso, \u00e9 preciso ser simult\u00e2nea com uma outra sabedoria do Latim: &#8220;Carpe Dien&#8221;\u2026 <em>(Alecsandro) (Ana C. Macedo)<\/em><\/p>\n\n\n\n<p id=\"viewer-94int\">3 &#8211; O &#8220;Carpe Dien&#8221; \u00e9 de se aproveitar a vida, aproveitar cada instante, fazer valer a pena, aproveitar os espa\u00e7os, aproveitar o calor, degustar cada sabor, se apaixonar por cada cor e mais ainda, se deliciar com cada companhia, com a fam\u00edlia, com cada colega, com cada amigo, com todos, pois tudo passa muito r\u00e1pido, a vida nos empurra de modo acelerado e nos faz correr, ter pressa, como um trem bala parceiro, ent\u00e3o aproveite enquanto eles, elas e n\u00f3s estamos aqui\u2026 <em>(Ketlly &#8211; in memorian)<\/em><\/p>\n\n\n\n<p id=\"viewer-4g8l2\">4 &#8211; A\u00ed como eu Sofro! Apesar da alegria de estar entre amigos e celebrar uma conquista, hoje \u00e9 dia de dizer tchau. E toda despedida \u00e9 dolorida, por isso quero dizer apenas um At\u00e9 breve, at\u00e9 logo, ate j\u00e1, ate daqui a pouco\u2026 mas dizer adeus faz parte da vida, e quando a experi\u00eancia \u00e9 boa, o tempo Voa! Como a nossa hist\u00f3ria, pois alguns aqui temos compartilhado ensinamentos e aprendizagens desde o 6\u00b0Ano, alguns desde o ano 2010. Ent\u00e3o, por isso, vai aqui a \u00faltima aula em apenas 1 instante: <em>(Bianca) (Ana C. Candido)<\/em><\/p>\n\n\n\n<p id=\"viewer-285k7\">5 &#8211; Carinha Feliz que Tristeza n\u00e3o resolve nada e Carinha do Bem, porque o Mal n\u00e3o ajuda ningu\u00e9m. <em>(Ana Clara) (Ariele)<\/em><\/p>\n\n\n\n<p id=\"viewer-573r0\">6- O n\u00e3o est\u00e1 garantido, ent\u00e3o corra atr\u00e1s do Sim. Errar \u00e9 humano, mas corrigir \u00e9 superar e evoluir. <em>(Carlos) (Arthur)<\/em><\/p>\n\n\n\n<p id=\"viewer-6of23\">7- E vencer nem sempre \u00e9 o melhor, pois como disse Darcy Ribeiro tentando defender a vida e a justi\u00e7a, muitas vezes somos derrotados e em alguns casos, &#8220;odiaria estar ao lados dos vencedores&#8221;. <em>(J\u00falia) (Brendha)<\/em><\/p>\n\n\n\n<p id=\"viewer-3he7e\">8- Agora quero que se foquem nos Sentidos: Ver pelos olhos, ouvir pelos ouvidos, sentir o sabor pela boca, sentir o calor e a textura pela pele e principalmente, sentir o Amor! <em>(Kamili) (Caroline Meneguel)<\/em><\/p>\n\n\n\n<p id=\"viewer-ae9lq\">9- De nada valem a vis\u00e3o, a audi\u00e7\u00e3o, o olfato, o paladar ou o tato sem o Amor! <em>(Ana Clara) (Felipe)<\/em><\/p>\n\n\n\n<p id=\"viewer-31dus\">10- E tem que ser Amor a todos, at\u00e9 pros inimigos! Como disse uma funckeira brasileira &#8220;Desejo a todos os inimigos vida longa para que vejam a cada dia nossas vit\u00f3rias!&#8221; . <em>(L\u00edvia)<\/em><\/p>\n\n\n\n<p id=\"viewer-dsadi\">11- Mas quero que desenvolvam o Amor Humano, como defendeu Jean Jacques Rousseau: Tenha Comisera\u00e7\u00e3o (de esp\u00e9cie), como defendeu Jesus Cristo, tenha Solidariedade, tenha Compaix\u00e3o, especialmente se forem crian\u00e7as, mulheres ou idosos, ind\u00edgenas, estrangeiros, minorias \u00e9tnicas ou maiorias violentadas. <em>(Lorrana) (Fernanda)<\/em><\/p>\n\n\n\n<p id=\"viewer-fh93g\">12- Defenda a Vida! E continue doando Sangue! Parab\u00e9ns a esta iniciativa Humana de Amor ao Pr\u00f3ximo. <em>(M\u00aa Ed nascimento) (Gabriel Machado)<\/em><\/p>\n\n\n\n<p id=\"viewer-7ira3\">13- Excluam de sua vida a palavra discuss\u00e3o e insiram de modo priorit\u00e1rio a palavra Di\u00e1logo, defendam suas ideias e n\u00e3o fa\u00e7am Inimigos. Se voc\u00ea falar a Verdade, defender a Vida e a Justi\u00e7a, os inimigos aparecem sozinhos! <em>(M\u00aa Ed Minante) (Gabriel Jos\u00e9)<\/em><\/p>\n\n\n\n<p id=\"viewer-923gk\">14- Continuem a Amizade, a fraternidade, a amar sem medida, pois como digo, o Amor \u00e9 Infinito! O compromisso que \u00e9 nossa escolha. <em>(M\u00aa Isabela) (Pedro Gabriel)<\/em><\/p>\n\n\n\n<p id=\"viewer-a61h9\">15- Continuem a trabalhar, Porque o sistema \u00e9 forte, parceiro e os boletos nunca acabam. <em>(Matheus) (Noemy)<\/em><\/p>\n\n\n\n<p id=\"viewer-9f7o9\">16- Continuem a Estudar, pois o conhecimento, a habilidade t\u00e9cnica, a compet\u00eancia profissional, a Sabedoria \u00e9 a maior fortuna que se pode ter. Mercados vendem e esvaziam seu estoque, ind\u00fastrias vendem e esvaziam seu estoque, mas o Saber n\u00e3o. Quanto mais voc\u00ea usa e transmite, mais fortuna voc\u00ea cria e seu estoque s\u00f3 aumenta. Assim como eu ensinei algumas coisinhas a voc\u00eas, tamb\u00e9m aprendi muito. E Sabedoria \u00e9 Abstrata, cabe em qualquer cabe\u00e7a, e melhor do que a Sabedoria caber em qualquer cabe\u00e7a \u00e9 que Sabedoria \u00e9 infinita! Ent\u00e3o continuem a Estudar ! Leiam! Ou\u00e7am, assistam, mas principalmente Escrevam! <em>(Milena) <\/em>\u00c9 o jeito m\u00e1gico de se tornar imortal. Falar tamb\u00e9m \u00e9 importante, mas o que voc\u00ea ouve, aumenta sua consci\u00eancia, o que voc\u00ea assiste alimenta seu conhecimentos e o que voc\u00ea l\u00ea multiplica sua sabedoria. J\u00e1 sua voz talvez se esvair\u00e1 no espa\u00e7o, mas a sua escrita ser\u00e1 eterna! Escreva! E escrever \u00e9 uma habilidade que exige treino, nenhum campe\u00e3o mundial \u00e9 campe\u00e3o por sorte e sim por anos, talvez d\u00e9cadas de treinos e as vezes \u00e9 campe\u00e3o s\u00f3 uma vez. Mesmo assim ele persiste e cresce a cada competi\u00e7\u00e3o. Por isso escreva! Se faltar energia, se a Internet cair, se o mundo colapsar, ainda teremos livros e pap\u00e9is para ler, por isso Escreva! Sempre continuem a Estudar. E o mais dif\u00edcil, parem de pregui\u00e7a! <em>(K. Orfali) (Mateus Cardoso)<\/em><\/p>\n\n\n\n<p id=\"viewer-70hk6\">17- Muitas conquistas s\u00e3o perdidas por n\u00e3o acordar cedo, n\u00e3o ir atr\u00e1s de seus sonhos, n\u00e3o escrever aquela mensagem, n\u00e3o fazer aquela liga\u00e7\u00e3o ou n\u00e3o agir quando necess\u00e1rio. <em>(Nickolas) (Maria Luiza)<\/em><\/p>\n\n\n\n<p id=\"viewer-4dgp9\">18- Apesar da pregui\u00e7a ser o melhor pecado crist\u00e3o, por n\u00e3o deixar os outros acontecerem, por\u00e9m, se voc\u00ea for derrotado pela pregui\u00e7a, vai vencer como? Se voc\u00ea for derrotado pela pregui\u00e7a, vai vencer Quando? Se voc\u00ea for derrotado pela pregui\u00e7a, vai vencer quem? &#8230; Por isso Coragem! O n\u00e3o, voc\u00ea j\u00e1 tem. <em>(Nicole) (Jo\u00e3o Spinelli)<\/em><\/p>\n\n\n\n<p id=\"viewer-68j2u\">19- Iniciando as conclus\u00f5es desta \u00faltima aula, Nunca tenha medo da Verdade, pois a mentira ter perna curta e a verdade sempre vence. <em>(Rafaele) (Isabella N.) (Stefani Galv\u00e3o)<\/em><\/p>\n\n\n\n<p id=\"viewer-4kifs\">20 &#8211; Nunca tema a derrota, defenda a Vida e a Justi\u00e7a sempre. <em>(Sthefany) (G. Abade) (Vinicius Kaluzn)<\/em><\/p>\n\n\n\n<p id=\"viewer-blno6\">21 &#8211; Defenda a vida, porque seja por gan\u00e2ncia do dinheiro ou ignor\u00e2ncia do sujeito, muitos s\u00e3o violentados, abusados e exclu\u00eddos da cidadania ou da dignidade. <em>(Vit\u00f3ria) (Evelin) (Rayssa)<\/em><\/p>\n\n\n\n<p id=\"viewer-7hpdc\">22- Se algo lhe parecer errado, n\u00e3o veja s\u00f3 um lado, e na d\u00favida, opte sempre pelos mais vulner\u00e1veis, pois os ricos e poderosos, v\u00e3o chorar, mas v\u00e3o sobreviver em suas mans\u00f5es e iates. J\u00e1 os vulner\u00e1veis est\u00e3o a um p\u00e3o, um dia, uma semana ou um m\u00eas da trag\u00e9dia e alguns nem ter\u00e3o onde chorar ou reclamar. <em>(Eriana) (Rafaella)<\/em><\/p>\n\n\n\n<p id=\"viewer-1pgf\">23- Por isso insisto: Defenda a Vida e a Justi\u00e7a, a Verdade e a Coragem. Por mais dif\u00edcil que seja se opor a interesses poderosos e ardilosos, estar livre e de consci\u00eancia tranquila \u00e9 muito mais gratificante. <em>(Dandara) (Lucas)<\/em> 24- Mas e se for pelo Dinheiro? Dinheiro ajuda, mas n\u00e3o \u00e9 tudo. A felicidade n\u00e3o est\u00e1 em comer pizza na It\u00e1lia, um sushi no Jap\u00e3o ou um hamb\u00farguer em Nova York\u2026 <em>(Carol M. Cominato) (Let\u00edcia)<\/em><\/p>\n\n\n\n<p id=\"viewer-4lvee\">25 &#8211; A felicidade est\u00e1 aqui: com amigos, familiares e nas experi\u00eancias do dia a dia, por isso, Carpe Diem e Mememto Mori. <em>(Anne B.) (Isabelly)<\/em><\/p>\n\n\n\n<p id=\"viewer-81tnn\">26 &#8211; Por Fim, j\u00e1 que defender a Vida, a Verdade e a Justi\u00e7a \u00e9 o caminho certo e por seguir o caminho certo, os inimigos aparecem mesmo assim, que sua estrat\u00e9gia seja \u00e9tica! Por isso partilho convosco uma prece, uma ora\u00e7\u00e3o: <em>(Ana C. Kuppel S.) (Hemilly)<\/em><\/p>\n\n\n\n<p id=\"viewer-1j8tl\">27 &#8211; <strong>Que toda Crian\u00e7a Tenha Um Lar, Que todo Jovem tenha Escola, Que todo<\/strong> <strong>Adulto tenha Emprego, Que todo Idoso tenha Companhia. E que Ningu\u00e9m, Jamais tenha Fome! Vamos Humanizar Nossa Sociedade! <\/strong><em>(Amanda K. J. Godinho)<\/em><\/p>\n\n\n\n<p id=\"viewer-4ebu4\">28- Como escrevi no rodap\u00e9 de quase todas as provas: \u201clembremo-nos que \u00e9 preciso um desenvolvimento cont\u00ednuo, e que n\u00e3o avan\u00e7ar significa cair\u201d. <em>(Yuri) (Heloisa)<\/em><\/p>\n\n\n\n<p id=\"viewer-4r5m3\">29 &#8211; Memento Mori&#8230; Carpe Dien\u2026 E Carinha Feliz que Tristeza n\u00e3o resolve nada e Carinha do Bem, porque o Mal n\u00e3o ajuda ningu\u00e9m.<em> (Amanda E. Men) (Gabrirlly)<\/em><\/p>\n\n\n\n<p id=\"viewer-cjq3j\">30- \u00c9 um orgulho e uma alegria imensa fazer parte de sua hist\u00f3ria. Eu Amo Voc\u00eas!<\/p>\n\n\n\n<p id=\"viewer-7pgu7\"><strong>@profsta <\/strong><a target=\"_blank\" href=\"https:\/\/www.bisbinoticias.com.br\/colunas\/hashtags\/profsta\" rel=\"noreferrer noopener\"><strong>#profsta<\/strong><\/a><\/p>\n\n\n\n<p>Quer receber Not\u00edcias, Coment\u00e1rios, Dicas Culturais e Muito Mais, sobre Cianorte, regi\u00e3o Noroeste, Paran\u00e1, Brasil e o Mundo? Siga o <a target=\"_blank\" href=\"https:\/\/whatsapp.com\/channel\/0029VaALWlh35fLwrfCnwa28\" rel=\"noreferrer noopener\"><strong><u>Canal &#8220;Stallone Ribeiro @profsta&#8221;<\/u><\/strong><\/a> no WhatsApp: <a target=\"_blank\" href=\"https:\/\/whatsapp.com\/channel\/0029VaALWlh35fLwrfCnwa28\" rel=\"noreferrer noopener\"><strong><u>Clique Aqui<\/u><\/strong><\/a>!<\/p>\n","protected":false},"excerpt":{"rendered":"<div class=\"mh-excerpt\"><p> <a class=\"mh-excerpt-more\" href=\"https:\/\/contexto.inf.br\/?p=1267\" title=\"CEEP Cianorte faz Cola\u00e7\u00e3o de Grau e se Firma como o Melhor Ensino M\u00e9dio em Cianorte e regi\u00e3o\"><\/a><\/p>\n<\/div>","protected":false},"author":2,"featured_media":1268,"comment_status":"closed","ping_status":"open","sticky":false,"template":"","format":"standard","meta":{"footnotes":""},"categories":[2,10,1,34,8,3,26,31,32],"tags":[],"class_list":{"0":"post-1267","1":"post","2":"type-post","3":"status-publish","4":"format-standard","5":"has-post-thumbnail","7":"category-cianorte","8":"category-cultura","9":"category-dicas-culturais","10":"category-diversidade","11":"category-educacao","12":"category-parana","13":"category-promocao-social","14":"category-_destaque","15":"category-_em-foco"},"_links":{"self":[{"href":"https:\/\/contexto.inf.br\/index.php?rest_route=\/wp\/v2\/posts\/1267","targetHints":{"allow":["GET"]}}],"collection":[{"href":"https:\/\/contexto.inf.br\/index.php?rest_route=\/wp\/v2\/posts"}],"about":[{"href":"https:\/\/contexto.inf.br\/index.php?rest_route=\/wp\/v2\/types\/post"}],"author":[{"embeddable":true,"href":"https:\/\/contexto.inf.br\/index.php?rest_route=\/wp\/v2\/users\/2"}],"replies":[{"embeddable":true,"href":"https:\/\/contexto.inf.br\/index.php?rest_route=%2Fwp%2Fv2%2Fcomments&post=1267"}],"version-history":[{"count":1,"href":"https:\/\/contexto.inf.br\/index.php?rest_route=\/wp\/v2\/posts\/1267\/revisions"}],"predecessor-version":[{"id":1269,"href":"https:\/\/contexto.inf.br\/index.php?rest_route=\/wp\/v2\/posts\/1267\/revisions\/1269"}],"wp:featuredmedia":[{"embeddable":true,"href":"https:\/\/contexto.inf.br\/index.php?rest_route=\/wp\/v2\/media\/1268"}],"wp:attachment":[{"href":"https:\/\/contexto.inf.br\/index.php?rest_route=%2Fwp%2Fv2%2Fmedia&parent=1267"}],"wp:term":[{"taxonomy":"category","embeddable":true,"href":"https:\/\/contexto.inf.br\/index.php?rest_route=%2Fwp%2Fv2%2Fcategories&post=1267"},{"taxonomy":"post_tag","embeddable":true,"href":"https:\/\/contexto.inf.br\/index.php?rest_route=%2Fwp%2Fv2%2Ftags&post=1267"}],"curies":[{"name":"wp","href":"https:\/\/api.w.org\/{rel}","templated":true}]}}