{"id":1270,"date":"2024-08-07T14:28:29","date_gmt":"2024-08-07T17:28:29","guid":{"rendered":"https:\/\/contexto.inf.br\/?p=1270"},"modified":"2024-08-07T14:28:31","modified_gmt":"2024-08-07T17:28:31","slug":"dia-da-consciencia-negra-agora-e-feriado-nacional-20-nov","status":"publish","type":"post","link":"https:\/\/contexto.inf.br\/?p=1270","title":{"rendered":"Dia da Consci\u00eancia Negra Agora \u00e9 Feriado Nacional 20\/Nov"},"content":{"rendered":"<div class=\"wp-block-image\">\n<figure class=\"alignleft size-full is-resized\"><img loading=\"lazy\" decoding=\"async\" width=\"233\" height=\"131\" src=\"https:\/\/contexto.inf.br\/wp-content\/uploads\/2024\/08\/image-8.png\" alt=\"\" class=\"wp-image-1272\" style=\"width:363px;height:auto\"\/><\/figure>\n<\/div>\n\n\n<p class=\"wp-block-paragraph\">23\/12\/23 &#8211; Lei que torna feriado o Dia Nacional de Zumbi e da Consci\u00eancia Negra, a ser celebrado em 20 de novembro, foi publicada no Di\u00e1rio Oficial da Uni\u00e3o nesta sexta-feira (22\/Dez). \u00c9 o que determina a Lei 14.759.<\/p>\n\n\n\n<p class=\"wp-block-paragraph\" id=\"viewer-26ao2\">Atualmente, o dia j\u00e1 \u00e9 feriado em seis Estados e cerca de 1,2 mil cidades. A data remete ao dia da morte de Zumbi, o l\u00edder do Quilombo dos Palmares, o maior da hist\u00f3ria. Este ser\u00e1 um dia de reflex\u00e3o e combate a todas as formas de preconceito.<\/p>\n\n\n\n<p class=\"wp-block-paragraph\" id=\"viewer-dbr4a\">Esse dia \u00e9 muito mais, muito mais, vai al\u00e9m de poder ser um feriado, \u00e9 um momento de consci\u00eancia, de debate, de di\u00e1logo sobre todas as formas de preconceito, discrimina\u00e7\u00e3o e racismo que atinge toda a sociedade.<\/p>\n\n\n\n<p class=\"wp-block-paragraph\" id=\"viewer-mmh\">Ent\u00e3o, \u00e9 um dia de paz, de amor, de fraternidade, em que o pa\u00eds refletiria que podemos ser uma grande na\u00e7\u00e3o se soubermos combater todo tipo de preconceito.<\/p>\n\n\n\n<p class=\"wp-block-paragraph\" id=\"viewer-3grlb\">Autor da proposta, Randolfe comemorou pelas redes sociais a san\u00e7\u00e3o presidencial: \u201cREPARA\u00c7\u00c3O E JUSTI\u00c7A! O presidente sancionou hoje o projeto de lei de nossa autoria que declara o Dia Nacional de Zumbi e da Consci\u00eancia Negra feriado em todo o Brasil.<\/p>\n\n\n\n<p class=\"wp-block-paragraph\" id=\"viewer-f4q41\">J\u00e1 a partir do ano que vem, o 20 de novembro ser\u00e1 feriado nacional para refor\u00e7ar em todo o pa\u00eds a luta contra o racismo e a necessidade de reflex\u00e3o sobre a mem\u00f3ria e resist\u00eancia do povo preto!\u201d.<\/p>\n\n\n\n<p class=\"wp-block-paragraph\" id=\"viewer-f9tba\">De 1500 a 1888, foram 388 anos de escravid\u00e3o negra no Brasil. Pessoas humanas, pais, m\u00e3es, jovens, idosos, crian\u00e7as, apreendidos, acorrentados, arrastados pelo oceano e for\u00e7ados a trabalhar sobre forte viol\u00eancia na constru\u00e7\u00e3o do Brasil.<\/p>\n\n\n\n<p class=\"wp-block-paragraph\" id=\"viewer-e2af4\">Ap\u00f3s a Lei \u00c1urea por fim a quase 4 s\u00e9culos de escraviza\u00e7\u00e3o no Brasil, os agora humanos livres foram abandonados em qualquer pol\u00edtica de compensa\u00e7\u00e3o. E pior, a elite brasileira econ\u00f4mica e pol\u00edtica trouxe milhares de europeus pagando navios, moradia e servi\u00e7os por anos para &#8220;embranquecer&#8221; a popula\u00e7\u00e3o, acentuando ainda mais o racismo e a viol\u00eancia dos Brasileiros negros, pardos e seus descendentes.<\/p>\n\n\n\n<p class=\"wp-block-paragraph\" id=\"viewer-81if1\">Agora, 2023, apenas 135 anos do fim da escravid\u00e3o, nem metade dos 388 anos de viol\u00eancias aos povos negros, algumas pol\u00edticas afirmativas tentam compensar esta heran\u00e7a e marca hist\u00f3rica do Brasil.<\/p>\n\n\n\n<p class=\"wp-block-paragraph\" id=\"viewer-ej2vs\">Um feriado Nacional para for\u00e7ar o di\u00e1logo e reflex\u00e3o hist\u00f3rica, \u00e9 mais que necess\u00e1rio, \u00e9 muito bem-vindo, apesar de atrasado.<\/p>\n\n\n\n<p class=\"wp-block-paragraph\" id=\"viewer-1du6g\"><strong>@profsta <\/strong><a target=\"_blank\" href=\"https:\/\/www.bisbinoticias.com.br\/colunas\/hashtags\/profsta\" rel=\"noreferrer noopener\"><strong>#profsta<\/strong><\/a><\/p>\n\n\n\n<p class=\"wp-block-paragraph\">Quer receber Not\u00edcias, Coment\u00e1rios, Dicas Culturais e Muito Mais, sobre Cianorte, regi\u00e3o Noroeste, Paran\u00e1, Brasil e o Mundo? Siga o <a href=\"https:\/\/whatsapp.com\/channel\/0029VaALWlh35fLwrfCnwa28\" target=\"_blank\" rel=\"noreferrer noopener\"><strong><u>Canal &#8220;Stallone Ribeiro @profsta&#8221;<\/u><\/strong><\/a> no WhatsApp: <a href=\"https:\/\/whatsapp.com\/channel\/0029VaALWlh35fLwrfCnwa28\" target=\"_blank\" rel=\"noreferrer noopener\"><strong><u>Clique Aqui<\/u><\/strong><\/a>!<\/p>\n\n\n<div class=\"wp-block-image\">\n<figure class=\"aligncenter size-full\"><img loading=\"lazy\" decoding=\"async\" width=\"493\" height=\"585\" src=\"https:\/\/contexto.inf.br\/wp-content\/uploads\/2024\/08\/image-7.png\" alt=\"\" class=\"wp-image-1271\" srcset=\"https:\/\/contexto.inf.br\/wp-content\/uploads\/2024\/08\/image-7.png 493w, https:\/\/contexto.inf.br\/wp-content\/uploads\/2024\/08\/image-7-253x300.png 253w\" sizes=\"auto, (max-width: 493px) 100vw, 493px\" \/><\/figure>\n<\/div>","protected":false},"excerpt":{"rendered":"<div class=\"mh-excerpt\"><p> <a class=\"mh-excerpt-more\" href=\"https:\/\/contexto.inf.br\/?p=1270\" title=\"Dia da Consci\u00eancia Negra Agora \u00e9 Feriado Nacional 20\/Nov\"><\/a><\/p>\n<\/div>","protected":false},"author":2,"featured_media":1272,"comment_status":"closed","ping_status":"open","sticky":false,"template":"","format":"standard","meta":{"footnotes":""},"categories":[4,10,6,34,26,31,32],"tags":[],"class_list":["post-1270","post","type-post","status-publish","format-standard","has-post-thumbnail","category-brasil","category-cultura","category-direitos-sociais","category-diversidade","category-promocao-social","category-_destaque","category-_em-foco"],"_links":{"self":[{"href":"https:\/\/contexto.inf.br\/index.php?rest_route=\/wp\/v2\/posts\/1270","targetHints":{"allow":["GET"]}}],"collection":[{"href":"https:\/\/contexto.inf.br\/index.php?rest_route=\/wp\/v2\/posts"}],"about":[{"href":"https:\/\/contexto.inf.br\/index.php?rest_route=\/wp\/v2\/types\/post"}],"author":[{"embeddable":true,"href":"https:\/\/contexto.inf.br\/index.php?rest_route=\/wp\/v2\/users\/2"}],"replies":[{"embeddable":true,"href":"https:\/\/contexto.inf.br\/index.php?rest_route=%2Fwp%2Fv2%2Fcomments&post=1270"}],"version-history":[{"count":1,"href":"https:\/\/contexto.inf.br\/index.php?rest_route=\/wp\/v2\/posts\/1270\/revisions"}],"predecessor-version":[{"id":1273,"href":"https:\/\/contexto.inf.br\/index.php?rest_route=\/wp\/v2\/posts\/1270\/revisions\/1273"}],"wp:featuredmedia":[{"embeddable":true,"href":"https:\/\/contexto.inf.br\/index.php?rest_route=\/wp\/v2\/media\/1272"}],"wp:attachment":[{"href":"https:\/\/contexto.inf.br\/index.php?rest_route=%2Fwp%2Fv2%2Fmedia&parent=1270"}],"wp:term":[{"taxonomy":"category","embeddable":true,"href":"https:\/\/contexto.inf.br\/index.php?rest_route=%2Fwp%2Fv2%2Fcategories&post=1270"},{"taxonomy":"post_tag","embeddable":true,"href":"https:\/\/contexto.inf.br\/index.php?rest_route=%2Fwp%2Fv2%2Ftags&post=1270"}],"curies":[{"name":"wp","href":"https:\/\/api.w.org\/{rel}","templated":true}]}}