{"id":1274,"date":"2024-08-07T14:36:40","date_gmt":"2024-08-07T17:36:40","guid":{"rendered":"https:\/\/contexto.inf.br\/?p=1274"},"modified":"2024-08-07T14:36:42","modified_gmt":"2024-08-07T17:36:42","slug":"litoral-do-parana-tem-37-de-shows-gratuitos-neste-janeiro-24","status":"publish","type":"post","link":"https:\/\/contexto.inf.br\/?p=1274","title":{"rendered":"Litoral do Paran\u00e1 tem 37 de Shows gratuitos neste Janeiro\/24"},"content":{"rendered":"<div class=\"wp-block-image\">\n<figure class=\"alignleft size-full is-resized\"><img loading=\"lazy\" decoding=\"async\" width=\"233\" height=\"146\" src=\"https:\/\/contexto.inf.br\/wp-content\/uploads\/2024\/08\/image-9.png\" alt=\"\" class=\"wp-image-1275\" style=\"width:373px;height:auto\"\/><\/figure>\n<\/div>\n\n\n<p>3\/01\/24 &#8211; Ser\u00e3o 27 shows gratuitos para curtir no litoral Paranaense neste Janeiro de 2024! Os shows ocorrem na maioria dos dias da semana do m\u00eas de janeiro e v\u00e3o at\u00e9 4 de fevereiro. Os cantores se apresentam \u00e0s 18h30 e a entrada \u00e9 gratuita.<\/p>\n\n\n\n<p id=\"viewer-8c5i5\">Os palcos das estruturas montadas para o Ver\u00e3o Maior Paran\u00e1 em Matinhos, Guaratuba e Shangri-l\u00e1, no Litoral do Paran\u00e1.<\/p>\n\n\n\n<blockquote class=\"wp-block-quote is-layout-flow wp-block-quote-is-layout-flow\">\n<p id=\"viewer-dlfj\"><strong>Caiob\u00e1 &#8211; Matinhos Paran\u00e1<\/strong><\/p>\n\n\n\n<p id=\"viewer-7dkrr\">Ter\u00e7a-feira (2) &#8211; Gustavo Toledo e Gabriel<\/p>\n\n\n\n<p id=\"viewer-9kgoa\">Quarta-feira (3) &#8211; Denorex 80<\/p>\n\n\n\n<p id=\"viewer-cgb7e\">Quinta-feira (4) &#8211; Banda Mais Bonita da Cidade<\/p>\n\n\n\n<p id=\"viewer-b386t\">Sexta-feira (5) &#8211; Gui e L\u00e9o (Irm\u00e3os Jovino)<\/p>\n\n\n\n<p id=\"viewer-2qmrk\">S\u00e1bado (6) &#8211; Ciro Moraes &amp; BR4<\/p>\n\n\n\n<p id=\"viewer-caa94\">Domingo (7) &#8211; D\u00e9cio Caetano Blues Band e TeBeT\u00ea<\/p>\n\n\n\n<p id=\"viewer-4rvnk\"><strong>Guaratuba &#8211; Paran\u00e1<\/strong><\/p>\n\n\n\n<p id=\"viewer-aqob7\">Ter\u00e7a-feria (2) &#8211; Orquestra Sanf\u00f4nica de Pato Branco<\/p>\n\n\n\n<p id=\"viewer-c9093\">Quarta-feira (3) &#8211; Banda Mais Bonita da Cidade<\/p>\n\n\n\n<p id=\"viewer-8gvin\">Quinta-feira (4) &#8211; Djambi<\/p>\n\n\n\n<p id=\"viewer-1ne42\">Sexta-feira (5) &#8211; Donna Rosa<\/p>\n\n\n\n<p id=\"viewer-5q0kp\">S\u00e1bado (6) &#8211; Gui e L\u00e9o (Irm\u00e3os Jovino)<\/p>\n\n\n\n<p id=\"viewer-612l0\">Domingo (7) &#8211; Troy e Os Calvos<\/p>\n\n\n\n<p id=\"viewer-5q2kd\"><strong>balne\u00e1rio Shangri-l\u00e1<\/strong><\/p>\n\n\n\n<p id=\"viewer-4jo39\">Ter\u00e7a-feira (2) &#8211; Ochtop<\/p>\n\n\n\n<p id=\"viewer-767uv\">Quarta-feira (3) &#8211; Gustavo Toledo e Gabriel<\/p>\n\n\n\n<p id=\"viewer-2661a\">Quinta-feira (4) &#8211; Relesp\u00fablica<\/p>\n\n\n\n<p id=\"viewer-94r9l\">Sexta-feira (5) &#8211; Banda da PM<\/p>\n\n\n\n<p id=\"viewer-5um2e\">S\u00e1bado (6) &#8211; Fernando Lobo e Banda Afrocai\u00e7ara<\/p>\n\n\n\n<p id=\"viewer-3vd8f\">Domingo (7) &#8211; Domingo da Fam\u00edlia<\/p>\n\n\n\n<p id=\"viewer-63sp4\"><strong><u>Matinhos &#8211; Paran\u00e1<\/u><\/strong><\/p>\n\n\n\n<p id=\"viewer-4nfh4\">12\/01 &#8211; Hugo e Guilherme<\/p>\n\n\n\n<p id=\"viewer-file3\">13\/01 &#8211; Roupa Nova<\/p>\n\n\n\n<p id=\"viewer-fpd1a\">19\/01 &#8211; Luan Santana<\/p>\n\n\n\n<p id=\"viewer-coh47\">20\/01 &#8211; Clayton e Rom\u00e1rio<\/p>\n\n\n\n<p id=\"viewer-143kc\">21\/01 &#8211; Jorge e Matheus<\/p>\n\n\n\n<p id=\"viewer-1pfmt\">26\/01 &#8211; Guilherme e Benuto<\/p>\n\n\n\n<p id=\"viewer-453pa\">27\/01 &#8211; Rick e Renner<\/p>\n\n\n\n<p id=\"viewer-fp4vt\">02\/02 &#8211; Pixote<\/p>\n\n\n\n<p id=\"viewer-3pmol\">03\/02 &#8211; Simone Mendes<\/p>\n\n\n\n<p id=\"viewer-8sm08\">09\/02 &#8211; Carnaval<\/p>\n\n\n\n<p id=\"viewer-cok7d\"><strong><u>Pontal do Sul &#8211; Paran\u00e1<\/u><\/strong><\/p>\n\n\n\n<p id=\"viewer-9vsfs\">12\/01 &#8211; Roupa Nova<\/p>\n\n\n\n<p id=\"viewer-9ahf8\">15\/01 &#8211; Rick e Renner<\/p>\n\n\n\n<p id=\"viewer-bmm3j\">19\/01 &#8211; E o tchan<\/p>\n\n\n\n<p id=\"viewer-705gq\">20\/01 &#8211; Yasmin Santos<\/p>\n\n\n\n<p id=\"viewer-9huf2\">12\/01 &#8211; Bruno Rosa<\/p>\n\n\n\n<p id=\"viewer-d5kuq\">26\/01 &#8211; George Henrique e Rodrigo<\/p>\n\n\n\n<p id=\"viewer-3ue92\">27\/01 &#8211; Guilherme e Benuto<\/p>\n\n\n\n<p id=\"viewer-fhrsq\">02\/02 &#8211; Chiclete com Banana<\/p>\n\n\n\n<p id=\"viewer-en9q6\">03\/02 &#8211; Dudu Nobre<\/p>\n\n\n\n<p id=\"viewer-8o5of\">09\/02 &#8211; Carnaval<\/p>\n<\/blockquote>\n\n\n\n<p class=\"has-text-align-center\" id=\"viewer-3otub\"><strong><span style=\"text-decoration: underline;\"><a href=\"http:\/\/contexto.inf.br\">@profsta #profsta @contexto.inf<\/a><\/span><\/strong><\/p>\n\n\n\n<p id=\"viewer-flipd\">Quer receber Not\u00edcias, Coment\u00e1rios, Dicas Culturais e Muito Mais, sobre Cianorte, regi\u00e3o Noroeste, Paran\u00e1, Brasil e o Mundo? Siga o <a href=\"https:\/\/whatsapp.com\/channel\/0029VaALWlh35fLwrfCnwa28\" target=\"_blank\" rel=\"noreferrer noopener\"><strong><u>Canal &#8220;Stallone Ribeiro @profsta&#8221;<\/u><\/strong><\/a> no WhatsApp: <a href=\"https:\/\/whatsapp.com\/channel\/0029VaALWlh35fLwrfCnwa28\" target=\"_blank\" rel=\"noreferrer noopener\"><strong><u>Clique Aqui<\/u><\/strong><\/a>!<\/p>\n\n\n\n<p id=\"viewer-f8t3a\"><strong>Quer aproveitar ainda mais o litoral do Paran\u00e1?<\/strong>  Conhe\u00e7a todas as atra\u00e7\u00f5es neste mapa tem\u00e1tico abaixo:<\/p>\n\n\n<div class=\"wp-block-image\">\n<figure class=\"aligncenter\"><img decoding=\"async\" src=\"https:\/\/static.wixstatic.com\/media\/84fe8b_95705db8c7b246fca768422fb44302cf~mv2.png\/v1\/fill\/w_493,h_311,al_c,q_85,usm_0.66_1.00_0.01,enc_auto\/84fe8b_95705db8c7b246fca768422fb44302cf~mv2.png\" alt=\"\"\/><\/figure>\n<\/div>","protected":false},"excerpt":{"rendered":"<div class=\"mh-excerpt\"><p> <a class=\"mh-excerpt-more\" href=\"https:\/\/contexto.inf.br\/?p=1274\" title=\"Litoral do Paran\u00e1 tem 37 de Shows gratuitos neste Janeiro\/24\"><\/a><\/p>\n<\/div>","protected":false},"author":2,"featured_media":1275,"comment_status":"closed","ping_status":"open","sticky":false,"template":"","format":"standard","meta":{"footnotes":""},"categories":[10,1,34,28,3,5,31,32],"tags":[],"class_list":{"0":"post-1274","1":"post","2":"type-post","3":"status-publish","4":"format-standard","5":"has-post-thumbnail","7":"category-cultura","8":"category-dicas-culturais","9":"category-diversidade","10":"category-esporte-lazer","11":"category-parana","12":"category-politica","13":"category-_destaque","14":"category-_em-foco"},"_links":{"self":[{"href":"https:\/\/contexto.inf.br\/index.php?rest_route=\/wp\/v2\/posts\/1274","targetHints":{"allow":["GET"]}}],"collection":[{"href":"https:\/\/contexto.inf.br\/index.php?rest_route=\/wp\/v2\/posts"}],"about":[{"href":"https:\/\/contexto.inf.br\/index.php?rest_route=\/wp\/v2\/types\/post"}],"author":[{"embeddable":true,"href":"https:\/\/contexto.inf.br\/index.php?rest_route=\/wp\/v2\/users\/2"}],"replies":[{"embeddable":true,"href":"https:\/\/contexto.inf.br\/index.php?rest_route=%2Fwp%2Fv2%2Fcomments&post=1274"}],"version-history":[{"count":1,"href":"https:\/\/contexto.inf.br\/index.php?rest_route=\/wp\/v2\/posts\/1274\/revisions"}],"predecessor-version":[{"id":1276,"href":"https:\/\/contexto.inf.br\/index.php?rest_route=\/wp\/v2\/posts\/1274\/revisions\/1276"}],"wp:featuredmedia":[{"embeddable":true,"href":"https:\/\/contexto.inf.br\/index.php?rest_route=\/wp\/v2\/media\/1275"}],"wp:attachment":[{"href":"https:\/\/contexto.inf.br\/index.php?rest_route=%2Fwp%2Fv2%2Fmedia&parent=1274"}],"wp:term":[{"taxonomy":"category","embeddable":true,"href":"https:\/\/contexto.inf.br\/index.php?rest_route=%2Fwp%2Fv2%2Fcategories&post=1274"},{"taxonomy":"post_tag","embeddable":true,"href":"https:\/\/contexto.inf.br\/index.php?rest_route=%2Fwp%2Fv2%2Ftags&post=1274"}],"curies":[{"name":"wp","href":"https:\/\/api.w.org\/{rel}","templated":true}]}}