{"id":1277,"date":"2024-08-07T14:43:52","date_gmt":"2024-08-07T17:43:52","guid":{"rendered":"https:\/\/contexto.inf.br\/?p=1277"},"modified":"2024-08-07T14:44:01","modified_gmt":"2024-08-07T17:44:01","slug":"eleicoes-2024-a-voz-da-democracia","status":"publish","type":"post","link":"https:\/\/contexto.inf.br\/?p=1277","title":{"rendered":"Elei\u00e7\u00f5es 2024 &#8211; A Voz da Democracia"},"content":{"rendered":"<div class=\"wp-block-image\">\n<figure class=\"alignleft size-full is-resized\"><img loading=\"lazy\" decoding=\"async\" width=\"233\" height=\"126\" src=\"https:\/\/contexto.inf.br\/wp-content\/uploads\/2024\/08\/image-10.png\" alt=\"\" class=\"wp-image-1278\" style=\"width:368px;height:auto\"\/><\/figure>\n<\/div>\n\n\n<p>4\/01\/24 &#8211; <strong>Elei\u00e7\u00f5es 2024 &#8211; A Voz da Democracia<\/strong><\/p>\n\n\n\n<p id=\"viewer-8gb5g\">Em 2024 teremos Elei\u00e7\u00f5es Municipais e mais um vez refor\u00e7amos a import\u00e2ncia da participa\u00e7\u00e3o de todos no processo eleitoral. Este \u00e9 um momento crucial para decidirmos juntos o futuro do nosso pa\u00eds.<\/p>\n\n\n\n<p id=\"viewer-3pql5\">Seja como candidato e candidata ou eleitor e eleitora, esteja preparado e informado para garantir os seus direitos. Vamos garantir que nossas escolhas reflitam nossos valores de sustentabilidade e justi\u00e7a social. Participe, informe-se e fa\u00e7a a diferen\u00e7a.<\/p>\n\n\n\n<p id=\"viewer-5a7uv\">A inten\u00e7\u00e3o \u00e9 refor\u00e7ar o papel ativo dos eleitores no processo de vota\u00e7\u00e3o e fortalecer a constru\u00e7\u00e3o da democracia. Para manter a vigil\u00e2ncia e acompanhar os detalhes, seja voc\u00ea candidato ou eleitor, veja os principais prazos:<\/p>\n\n\n\n<p id=\"viewer-43md4\"><strong>06\/Mar\u00e7o &#8211;<\/strong> Abertura de prazo para troca de partido sem perda de mandato. \u00c9 a chamada janela Partid\u00e1ria onde vereadores, prefeitos e vices, podem trocar de partido sem preju\u00edzos.<\/p>\n\n\n\n<p id=\"viewer-8p7iu\"><strong>06\/Abril &#8211;<\/strong> Encerramento do prazo da janela partid\u00e1ria e prazo final de filia\u00e7\u00f5es. Quem n\u00e3o estiver filiado a um partido at\u00e9 esta data, n\u00e3o poder\u00e1 ser candidato.<\/p>\n\n\n\n<p id=\"viewer-64mbc\"><strong>06\/Abril &#8211;<\/strong> Prazo limite para desincompatibiliza\u00e7\u00e3o de secret\u00e1rios municipais ou outros cargos de confian\u00e7a que possam ordenar despesas. Prazo de desincompatibiliza\u00e7\u00e3o varia de 6 a 3 meses conforme cada grupo de servidores. Veja cada caso espec\u00edfico.<\/p>\n\n\n\n<p id=\"viewer-ef5v7\"><strong>06\/Maio &#8211;<\/strong> Prazo para emitir o primeiro t\u00edtulo eleitoral. Se aplica apenas a quem tem mais de 16 anos e ainda n\u00e3o tem t\u00edtulo eleitoral.<\/p>\n\n\n\n<p id=\"viewer-e58sf\"><strong>08\/Maio &#8211;<\/strong> Data limite para tirar, transferir o t\u00edtulo, alterar local de vota\u00e7\u00e3o ou regularizar situa\u00e7\u00e3o eleitoral.<\/p>\n\n\n\n<p id=\"viewer-2kmbh\"><strong>15\/Maio &#8211;<\/strong> \u00c9 permitido iniciar arrecada\u00e7\u00e3o de fundos para a campanha, inclusive via &#8220;vaquinhas&#8221; virtuais<\/p>\n\n\n\n<p id=\"viewer-b3mba\"><strong>20\/Junho &#8211;<\/strong> In\u00edcio das conven\u00e7\u00f5es partid\u00e1rias onde se formalizam as candidaturas de vereadores e se for o caso, as coliga\u00e7\u00f5es ao Executivo municipal.<\/p>\n\n\n\n<p id=\"viewer-5mp95\"><strong>05\/Agosto &#8211;<\/strong> Fim do prazo das conven\u00e7\u00f5es partid\u00e1rias.<\/p>\n\n\n\n<p id=\"viewer-47k27\"><strong>15\/Agosto &#8211;<\/strong> Data limite para registro de candidaturas no TRE\/TSE<\/p>\n\n\n\n<p id=\"viewer-cupuq\"><strong>16\/Agosto &#8211;<\/strong> In\u00edcio da campanha eleitoral com impressos, internet e pedido de votos.<\/p>\n\n\n\n<p id=\"viewer-433k5\"><strong>30\/Agosto a 3\/Outubro &#8211;<\/strong> Propaganda eleitoral em r\u00e1dio e TV<\/p>\n\n\n\n<p id=\"viewer-9d6cs\"><strong>6\/Outubro &#8211;<\/strong> Data do primeiro turno das Elei\u00e7\u00f5es Municipais em todo o Brasil<\/p>\n\n\n\n<p id=\"viewer-9utpf\"><strong>27\/Outubro &#8211;<\/strong> Data do segundo turno (se houver).<\/p>\n\n\n\n<p class=\"has-text-align-center\" id=\"viewer-8tph1\"><strong><span style=\"text-decoration: underline;\"><a href=\"http:\/\/contexto.inf.br\">@profsta #profsta @contexto.inf<\/a><\/span><\/strong><\/p>\n\n\n\n<p>Quer receber Not\u00edcias, Coment\u00e1rios, Dicas Culturais e Muito Mais, sobre Cianorte, regi\u00e3o Noroeste, Paran\u00e1, Brasil e o Mundo? Siga o <a target=\"_blank\" href=\"https:\/\/whatsapp.com\/channel\/0029VaALWlh35fLwrfCnwa28\" rel=\"noreferrer noopener\"><strong><u>Canal &#8220;Stallone Ribeiro @profsta&#8221;<\/u><\/strong><\/a> no WhatsApp: <a target=\"_blank\" href=\"https:\/\/whatsapp.com\/channel\/0029VaALWlh35fLwrfCnwa28\" rel=\"noreferrer noopener\"><strong><u>Clique Aqui<\/u><\/strong><\/a>!<\/p>\n","protected":false},"excerpt":{"rendered":"<div class=\"mh-excerpt\"><p> <a class=\"mh-excerpt-more\" href=\"https:\/\/contexto.inf.br\/?p=1277\" title=\"Elei\u00e7\u00f5es 2024 &#8211; A Voz da Democracia\"><\/a><\/p>\n<\/div>","protected":false},"author":2,"featured_media":1278,"comment_status":"closed","ping_status":"open","sticky":false,"template":"","format":"standard","meta":{"footnotes":""},"categories":[4,18,6,15,5,35,31,32],"tags":[],"class_list":{"0":"post-1277","1":"post","2":"type-post","3":"status-publish","4":"format-standard","5":"has-post-thumbnail","7":"category-brasil","8":"category-demografia","9":"category-direitos-sociais","10":"category-justica","11":"category-politica","12":"category-tecnologias","13":"category-_destaque","14":"category-_em-foco"},"_links":{"self":[{"href":"https:\/\/contexto.inf.br\/index.php?rest_route=\/wp\/v2\/posts\/1277","targetHints":{"allow":["GET"]}}],"collection":[{"href":"https:\/\/contexto.inf.br\/index.php?rest_route=\/wp\/v2\/posts"}],"about":[{"href":"https:\/\/contexto.inf.br\/index.php?rest_route=\/wp\/v2\/types\/post"}],"author":[{"embeddable":true,"href":"https:\/\/contexto.inf.br\/index.php?rest_route=\/wp\/v2\/users\/2"}],"replies":[{"embeddable":true,"href":"https:\/\/contexto.inf.br\/index.php?rest_route=%2Fwp%2Fv2%2Fcomments&post=1277"}],"version-history":[{"count":1,"href":"https:\/\/contexto.inf.br\/index.php?rest_route=\/wp\/v2\/posts\/1277\/revisions"}],"predecessor-version":[{"id":1279,"href":"https:\/\/contexto.inf.br\/index.php?rest_route=\/wp\/v2\/posts\/1277\/revisions\/1279"}],"wp:featuredmedia":[{"embeddable":true,"href":"https:\/\/contexto.inf.br\/index.php?rest_route=\/wp\/v2\/media\/1278"}],"wp:attachment":[{"href":"https:\/\/contexto.inf.br\/index.php?rest_route=%2Fwp%2Fv2%2Fmedia&parent=1277"}],"wp:term":[{"taxonomy":"category","embeddable":true,"href":"https:\/\/contexto.inf.br\/index.php?rest_route=%2Fwp%2Fv2%2Fcategories&post=1277"},{"taxonomy":"post_tag","embeddable":true,"href":"https:\/\/contexto.inf.br\/index.php?rest_route=%2Fwp%2Fv2%2Ftags&post=1277"}],"curies":[{"name":"wp","href":"https:\/\/api.w.org\/{rel}","templated":true}]}}