{"id":1314,"date":"2024-08-07T16:00:13","date_gmt":"2024-08-07T19:00:13","guid":{"rendered":"https:\/\/contexto.inf.br\/?p=1314"},"modified":"2024-08-07T16:00:15","modified_gmt":"2024-08-07T19:00:15","slug":"israel-x-todos-ate-eua-aliado-historico-pede-cessar-fogo-na-palestina","status":"publish","type":"post","link":"https:\/\/contexto.inf.br\/?p=1314","title":{"rendered":"Israel X Todos? At\u00e9 EUA, aliado Hist\u00f3rico, pede Cessar Fogo na Palestina"},"content":{"rendered":"<div class=\"wp-block-image\">\n<figure class=\"alignleft size-full is-resized\"><img loading=\"lazy\" decoding=\"async\" width=\"493\" height=\"329\" src=\"https:\/\/contexto.inf.br\/wp-content\/uploads\/2024\/08\/image-23.png\" alt=\"\" class=\"wp-image-1315\" style=\"width:393px;height:auto\" srcset=\"https:\/\/contexto.inf.br\/wp-content\/uploads\/2024\/08\/image-23.png 493w, https:\/\/contexto.inf.br\/wp-content\/uploads\/2024\/08\/image-23-300x200.png 300w\" sizes=\"auto, (max-width: 493px) 100vw, 493px\" \/><\/figure>\n<\/div>\n\n\n<p>20\/2\/24 &#8211; Pela primeira vez, os Estados Unidos v\u00e3o propor um texto para uma resolu\u00e7\u00e3o do Conselho de Seguran\u00e7a da ONU com um pedido de um cessar-fogo na guerra entre Israel e o grupo terrorista Hamas, na faixa de Gaza, territ\u00f3rio Palestino, informou a ag\u00eancia Reuters nesta segunda-feira, 19\/02\/24.<\/p>\n\n\n\n<p id=\"viewer-rz66v388797\">A proposta foi divulgada um dia depois que Israel sinalizou que invadiria Rafah, no sul da Faixa de Gaza, no in\u00edcio do Ramad\u00e3, se o Hamas n\u00e3o libertar os ref\u00e9ns israelenses em seu poder desde o in\u00edcio da guerra, em 7 de outubro de 2023.<\/p>\n\n\n\n<p id=\"viewer-h5v68388799\">O Ramad\u00e3, um m\u00eas sagrado para os mu\u00e7ulmanos, come\u00e7a em 10 de mar\u00e7o.<\/p>\n\n\n\n<p id=\"viewer-pgfvz391256\">Iniciar um novo ataque a Palestina em busca do Hamas, pode elevar o conflito de Gaza a uma guerra maior entre o mundo isl\u00e2mico contra o Estado de Israel.<\/p>\n\n\n\n<p id=\"viewer-ft96q388801\">O Conselho de Seguran\u00e7a da ONU se re\u00fane \u00e0s 10h desta ter\u00e7a-feira (12h no hor\u00e1rio de Bras\u00edlia) para debater o conflito entre lsrael e Hamas na Palestina.<\/p>\n\n\n\n<p id=\"viewer-jp4j9388803\">Uma autoridade dos EUA disse \u00e0 ag\u00eancia Reuters, sob condi\u00e7\u00e3o de anonimato, que n\u00e3o h\u00e1 pressa em submeter o texto a uma vota\u00e7\u00e3o e que os americanos querem ter tempo para negociar.<\/p>\n\n\n\n<p id=\"viewer-7czae388805\">O conselho tem 15 membros. Para que uma resolu\u00e7\u00e3o seja aprovada, \u00e9 preciso que 9 deles votem a favor e que nenhum dos membros permanentes (EUA, Fran\u00e7a, Reino Unido, R\u00fassia e China) vete a proposta.<\/p>\n\n\n\n<p id=\"viewer-p8v2i388807\">EUA e Israel s\u00e3o considerados aliados hist\u00f3ricos desde a origem do pa\u00eds em 1948. Os EUA j\u00e1 apoiaram Israel em diversas guerras na segunda metade do s\u00e9culo XX e recentemente chegou a vetar resolu\u00e7\u00f5es que pediam um cessar-fogo na atual guerra contra Hamas na Palestina.<\/p>\n\n\n\n<p id=\"viewer-cashu388809\">Cerca de 1 milh\u00e3o de pessoas est\u00e3o &#8220;encurraladas&#8221; e vulner\u00e1veis em Rafah, no sul da Faixa de Gaza. A maioria vivendo em tendas como Campos de Refugiados.<\/p>\n\n\n\n<p id=\"viewer-bt6ti388811\">Muitas delas j\u00e1 deixaram suas casas em regi\u00f5es mais ao norte do territ\u00f3rio, onde a a\u00e7\u00e3o militar se concentra.<\/p>\n\n\n\n<p id=\"viewer-oau3t388813\">O rascunho da proposta de resolu\u00e7\u00e3o dos EUA diz que que &#8220;uma grande opera\u00e7\u00e3o em Rafah iria resultar em mais danos aos civis e mais deslocamentos, que poderiam ser inclusive em pa\u00edses vizinhos&#8221;.<\/p>\n\n\n\n<p id=\"viewer-amocx388815\">A guerra come\u00e7ou quando combatentes do grupo Hamas, que controla a Faixa de Gaza, atacaram Israel, em 7 de outubro, mataram 1.200 pessoas e capturaram 253 ref\u00e9ns, de acordo com os registros israelenses.<\/p>\n\n\n\n<p id=\"viewer-htmxr388817\">Em retalia\u00e7\u00e3o, Israel atacou o Hamas dentro da Faixa de Gaza, Sul da Palestina.<\/p>\n\n\n\n<p id=\"viewer-ryvhd388819\">Um total de mais de 28.700 palestinos foram mortos e quase 69.000 outros foram feridos.<\/p>\n\n\n\n<p id=\"viewer-qvjig388821\">Recentemente, Lu\u00eds Lula da Silva comparou os ataques de Israel com o Holocausto por vitimar milhares de mulheres e crian\u00e7as sem efetivamente fragmentar ou reduzir o Hamas. At\u00e9 mesmo o Vaticano classificou a a\u00e7\u00e3o de Israel como &#8220;carnificina&#8221; e pediu Cessar fogo imediato.<\/p>\n\n\n\n<p id=\"viewer-fwhvi388823\">O povo judeu foi v\u00edtima do Holocausto, e agora, separar o povo judeu do Estado de Israel \u00e9 essencial para entender as cr\u00edticas e identificar Benjamin Netanyahu como principal chefe dos ataques \u00e9 vital para separar o povo judeu, do povo israelense das a\u00e7\u00f5es do Estado Israelense.<\/p>\n\n\n\n<p id=\"viewer-ygo6y388825\">Pela Vida e pela Justi\u00e7a, pela pris\u00e3o e responsabiliza\u00e7\u00e3o correta dos criminosos e terroristas do Hamas e pelo fim da extrema viol\u00eancia que v\u00edtima milhares de inocentes como mulheres e crian\u00e7as:<\/p>\n\n\n\n<p id=\"viewer-odnla388827\">Cessar Fogo Urgente em Gaza!<\/p>\n\n\n\n<p class=\"has-text-align-center\" id=\"viewer-yjqec388829\"><strong><span style=\"text-decoration: underline;\"><a href=\"http:\/\/contexto.inf.br\">@profsta #profsta @contexto.inf<\/a><\/span><\/strong><\/p>\n","protected":false},"excerpt":{"rendered":"<div class=\"mh-excerpt\"><p> <a class=\"mh-excerpt-more\" href=\"https:\/\/contexto.inf.br\/?p=1314\" title=\"Israel X Todos? At\u00e9 EUA, aliado Hist\u00f3rico, pede Cessar Fogo na Palestina\"><\/a><\/p>\n<\/div>","protected":false},"author":2,"featured_media":1315,"comment_status":"closed","ping_status":"open","sticky":false,"template":"","format":"standard","meta":{"footnotes":""},"categories":[10,18,6,34,19,15,5,17,31,32],"tags":[],"class_list":{"0":"post-1314","1":"post","2":"type-post","3":"status-publish","4":"format-standard","5":"has-post-thumbnail","7":"category-cultura","8":"category-demografia","9":"category-direitos-sociais","10":"category-diversidade","11":"category-internacional","12":"category-justica","13":"category-politica","14":"category-seguranca","15":"category-_destaque","16":"category-_em-foco"},"_links":{"self":[{"href":"https:\/\/contexto.inf.br\/index.php?rest_route=\/wp\/v2\/posts\/1314","targetHints":{"allow":["GET"]}}],"collection":[{"href":"https:\/\/contexto.inf.br\/index.php?rest_route=\/wp\/v2\/posts"}],"about":[{"href":"https:\/\/contexto.inf.br\/index.php?rest_route=\/wp\/v2\/types\/post"}],"author":[{"embeddable":true,"href":"https:\/\/contexto.inf.br\/index.php?rest_route=\/wp\/v2\/users\/2"}],"replies":[{"embeddable":true,"href":"https:\/\/contexto.inf.br\/index.php?rest_route=%2Fwp%2Fv2%2Fcomments&post=1314"}],"version-history":[{"count":1,"href":"https:\/\/contexto.inf.br\/index.php?rest_route=\/wp\/v2\/posts\/1314\/revisions"}],"predecessor-version":[{"id":1316,"href":"https:\/\/contexto.inf.br\/index.php?rest_route=\/wp\/v2\/posts\/1314\/revisions\/1316"}],"wp:featuredmedia":[{"embeddable":true,"href":"https:\/\/contexto.inf.br\/index.php?rest_route=\/wp\/v2\/media\/1315"}],"wp:attachment":[{"href":"https:\/\/contexto.inf.br\/index.php?rest_route=%2Fwp%2Fv2%2Fmedia&parent=1314"}],"wp:term":[{"taxonomy":"category","embeddable":true,"href":"https:\/\/contexto.inf.br\/index.php?rest_route=%2Fwp%2Fv2%2Fcategories&post=1314"},{"taxonomy":"post_tag","embeddable":true,"href":"https:\/\/contexto.inf.br\/index.php?rest_route=%2Fwp%2Fv2%2Ftags&post=1314"}],"curies":[{"name":"wp","href":"https:\/\/api.w.org\/{rel}","templated":true}]}}