{"id":1317,"date":"2024-08-07T16:03:08","date_gmt":"2024-08-07T19:03:08","guid":{"rendered":"https:\/\/contexto.inf.br\/?p=1317"},"modified":"2024-08-07T16:03:09","modified_gmt":"2024-08-07T19:03:09","slug":"uniao-europeia-pede-cessar-fogo-imediato-em-gaza-na-palestina","status":"publish","type":"post","link":"https:\/\/contexto.inf.br\/?p=1317","title":{"rendered":"Uni\u00e3o Europeia pede Cessar Fogo Imediato em Gaza na Palestina"},"content":{"rendered":"<div class=\"wp-block-image\">\n<figure class=\"alignleft size-full is-resized\"><img loading=\"lazy\" decoding=\"async\" width=\"493\" height=\"427\" src=\"https:\/\/contexto.inf.br\/wp-content\/uploads\/2024\/08\/image-24.png\" alt=\"\" class=\"wp-image-1318\" style=\"width:386px;height:auto\" srcset=\"https:\/\/contexto.inf.br\/wp-content\/uploads\/2024\/08\/image-24.png 493w, https:\/\/contexto.inf.br\/wp-content\/uploads\/2024\/08\/image-24-300x260.png 300w\" sizes=\"auto, (max-width: 493px) 100vw, 493px\" \/><\/figure>\n<\/div>\n\n\n<p>20\/2\/24 &#8211; Os 26 pa\u00edses que comp\u00f5em o bloco da Uni\u00e3o Europeia, menos a Hungria, emitiram um comunicado conjunto em que pedem um cessar-fogo humanit\u00e1rio na faixa de Gaza.<\/p>\n\n\n\n<p id=\"viewer-bwgtb791734\">A decis\u00e3o foi tomada ap\u00f3s dez horas de intensas conversa\u00e7\u00f5es entre os ministros dos Neg\u00f3cios Estrangeiros da UE, na segunda-feira (19), horas ap\u00f3s a fala do presidente brasileiro, Luiz In\u00e1cio Lula da Silva, que condenou os ataques de Israel contra palestinos.<\/p>\n\n\n\n<p id=\"viewer-2st2s791736\">Pela conven\u00e7\u00e3o da UE, qualquer pa\u00eds pode vetar uma resolu\u00e7\u00e3o. Com o voto contr\u00e1rio da Hungria, sob comando de Viktor Orban, os pa\u00edses decidiram ignorar esta cl\u00e1usula e emitir o comunicado conjunto, apelando por uma pausa humanit\u00e1ria nos bombardeios que j\u00e1 mataram mais de 30 mil palestinos, de acordo com levantamentos recentes.<\/p>\n\n\n\n<p id=\"viewer-es58g791738\">As 26 na\u00e7\u00f5es tamb\u00e9m aprovaram uma declara\u00e7\u00e3o pedindo ao governo israelita que n\u00e3o prossiga com sua a\u00e7\u00e3o militar planejada na cidade de Rafah, no sul de Gaza. Um ataque a Rafah &#8220;agravaria uma situa\u00e7\u00e3o humanit\u00e1ria j\u00e1 catastr\u00f3fica e impediria a presta\u00e7\u00e3o urgente de servi\u00e7os b\u00e1sicos e de assist\u00eancia humanit\u00e1ria&#8221;, l\u00ea-se na declara\u00e7\u00e3o.<\/p>\n\n\n\n<p id=\"viewer-1vyqv791742\">&#8220;Se n\u00e3o houver unanimidade, n\u00e3o h\u00e1 uma posi\u00e7\u00e3o comum da UE, mas pode haver uma posi\u00e7\u00e3o apoiada por uma maioria suficiente&#8221;, explicou o Alto Representante da UE para os Neg\u00f3cios Estrangeiros, Josep Borrell.<\/p>\n\n\n\n<p id=\"viewer-jchn5791746\">Cada dia mais pa\u00edses e entidades se manifestam contra os ataques de Israel a Gaza, territ\u00f3rio sul da Palestina devido a grande n\u00famero de civis, mulheres e crian\u00e7as vitimados. \u00c9 consenso internacional que Israel tem direito de defesa contra o Hamas, mas a maioria Civil n\u00e3o pode ser v\u00edtima de viol\u00eancia cega.<\/p>\n\n\n\n<p id=\"viewer-o54nz791748\">Desde 1948 dois Estados foram aprovados pela ONU, Palestina e Israel, entretanto, at\u00e9 hoje, apenas Israel foi efetivamente criado e a Geopol\u00edtica do Oriente M\u00e9dio tem conflitos constantes nestes 76 anos na regi\u00e3o de Jerusal\u00e9m.<\/p>\n\n\n\n<p class=\"has-text-align-center\" id=\"viewer-ox06k791750\"><strong><span style=\"text-decoration: underline;\"><a href=\"http:\/\/contexto.inf.br\">@profsta #profsta @contexto.inf<\/a><\/span><\/strong><\/p>\n","protected":false},"excerpt":{"rendered":"<div class=\"mh-excerpt\"><p> <a class=\"mh-excerpt-more\" href=\"https:\/\/contexto.inf.br\/?p=1317\" title=\"Uni\u00e3o Europeia pede Cessar Fogo Imediato em Gaza na Palestina\"><\/a><\/p>\n<\/div>","protected":false},"author":2,"featured_media":1318,"comment_status":"closed","ping_status":"open","sticky":false,"template":"","format":"standard","meta":{"footnotes":""},"categories":[10,18,6,19,15,5,26,17,31,32],"tags":[],"class_list":{"0":"post-1317","1":"post","2":"type-post","3":"status-publish","4":"format-standard","5":"has-post-thumbnail","7":"category-cultura","8":"category-demografia","9":"category-direitos-sociais","10":"category-internacional","11":"category-justica","12":"category-politica","13":"category-promocao-social","14":"category-seguranca","15":"category-_destaque","16":"category-_em-foco"},"_links":{"self":[{"href":"https:\/\/contexto.inf.br\/index.php?rest_route=\/wp\/v2\/posts\/1317","targetHints":{"allow":["GET"]}}],"collection":[{"href":"https:\/\/contexto.inf.br\/index.php?rest_route=\/wp\/v2\/posts"}],"about":[{"href":"https:\/\/contexto.inf.br\/index.php?rest_route=\/wp\/v2\/types\/post"}],"author":[{"embeddable":true,"href":"https:\/\/contexto.inf.br\/index.php?rest_route=\/wp\/v2\/users\/2"}],"replies":[{"embeddable":true,"href":"https:\/\/contexto.inf.br\/index.php?rest_route=%2Fwp%2Fv2%2Fcomments&post=1317"}],"version-history":[{"count":1,"href":"https:\/\/contexto.inf.br\/index.php?rest_route=\/wp\/v2\/posts\/1317\/revisions"}],"predecessor-version":[{"id":1319,"href":"https:\/\/contexto.inf.br\/index.php?rest_route=\/wp\/v2\/posts\/1317\/revisions\/1319"}],"wp:featuredmedia":[{"embeddable":true,"href":"https:\/\/contexto.inf.br\/index.php?rest_route=\/wp\/v2\/media\/1318"}],"wp:attachment":[{"href":"https:\/\/contexto.inf.br\/index.php?rest_route=%2Fwp%2Fv2%2Fmedia&parent=1317"}],"wp:term":[{"taxonomy":"category","embeddable":true,"href":"https:\/\/contexto.inf.br\/index.php?rest_route=%2Fwp%2Fv2%2Fcategories&post=1317"},{"taxonomy":"post_tag","embeddable":true,"href":"https:\/\/contexto.inf.br\/index.php?rest_route=%2Fwp%2Fv2%2Ftags&post=1317"}],"curies":[{"name":"wp","href":"https:\/\/api.w.org\/{rel}","templated":true}]}}