{"id":1434,"date":"2025-01-08T14:20:12","date_gmt":"2025-01-08T17:20:12","guid":{"rendered":"https:\/\/contexto.inf.br\/?p=1434"},"modified":"2025-01-08T14:34:50","modified_gmt":"2025-01-08T17:34:50","slug":"eua-trump-nem-assumiu-e-ja-ameaca-geopolitica-global-inclusive-otan","status":"publish","type":"post","link":"https:\/\/contexto.inf.br\/?p=1434","title":{"rendered":"EUA: Trump nem Assumiu e j\u00e1 Amea\u00e7a Geopol\u00edtica Global, inclusive OTAN"},"content":{"rendered":"<div class=\"wp-block-image\">\n<figure class=\"alignleft size-full\"><img decoding=\"async\" src=\"https:\/\/contexto.inf.br\/wp-content\/uploads\/2025\/01\/1000466329.jpg\" alt=\"\" class=\"wp-image-1435\"\/><\/figure>\n<\/div>\n\n\n<p>A Doutrina Monroe foi implantada em 1823 e defendia a n\u00e3o interfer\u00eancia de pa\u00edses europeus nas Am\u00e9ricas e a n\u00e3o coloniza\u00e7\u00e3o de novos territ\u00f3rios no continente. <\/p>\n\n\n\n<p>Em resumo, era uma forma dos EUA dizerem &#8220;Am\u00e9rica para os americanos&#8221; o que manteve e ampliou a independ\u00eancia das na\u00e7\u00f5es americanas e garantiu equil\u00edbrio econ\u00f4mico na concorr\u00eancia da Revolu\u00e7\u00e3o Industrial.<\/p>\n\n\n\n<p>J\u00e1 no in\u00edcio do s\u00e9culo XX, a politica do &#8220;Big Stick&#8221; (o grande porrete) foi uma pol\u00edtica externa dos Estados Unidos que complementava a Doutrina Monroe. <\/p>\n\n\n\n<p>Ela simbolizava a combina\u00e7\u00e3o de diplomacia (a &#8220;fala macia&#8221;) com a for\u00e7a militar (o &#8220;grande porrete&#8221;) nas rela\u00e7\u00f5es internacionais americanas. <\/p>\n\n\n\n<p>Em resumo, a pol\u00edtica do Big Stick significava que os Estados Unidos usariam a for\u00e7a militar, se necess\u00e1rio, para proteger seus interesses na Am\u00e9rica Latina e no Caribe.<\/p>\n\n\n\n<p>Agora, em Janeiro de 2025, antes mesmo de tomar posse da presid\u00eancia dos EUA, Donald Trump coleciona uma s\u00e9rie de falas que podem ser consideradas agressivas contra pa\u00edses tradicionalmente aliados e, em uma perspectiva expansionista, podem trazer conflitos diplom\u00e1ticos e por em risco a manuten\u00e7\u00e3o da OTAN.<\/p>\n\n\n\n<p>Uma das falas \u00e9 sobre tomar posse do Canal do Panam\u00e1, travessia estrat\u00e9gica do com\u00e9rcio global e atalho marinho do oceano Atl\u00e2ntico ao Pac\u00edfico onde mais de 5% dos com\u00e9rcio global passa atrav\u00e9s de navios.<\/p>\n\n\n\n<p>Outra fala expansionista foi a de incorporar o Canad\u00e1, inclusive com uma publica\u00e7\u00e3o de Trump hoje (8\/Janeiro) de um mapa do pa\u00edses boreal coberto com a bandeira dos EUA. <\/p>\n\n\n\n<p>Para piorar as tens\u00f5es, ontem o primeiro ministro canadense renunciou o cargo deixando a politica canadense ainda mais fr\u00e1gil, pois at\u00e9 se reorganizar internamente, a amea\u00e7a Trump s\u00f3 cresce.<\/p>\n\n\n\n<p>Nesta mesmo Janeiro de 2025 Trump sugeriu alterar o nome do Golfo do M\u00e9xico para Golfo da Am\u00e9rica pondo M\u00e9xico, Cuba e todo o Caribe sob tens\u00e3o.<\/p>\n\n\n\n<p>H\u00e1 ainda um quarto conflito: Groel\u00e2ndia. Territ\u00f3rio insular no Atl\u00e2ntico Norte e sob dom\u00ednio da Dinamarca h\u00e1 mais de 600 anos. Trump tamb\u00e9m voltou a dizer que por quest\u00f5es estrat\u00e9gicas de <strong>defesa econ\u00f4mica e militar<\/strong> os EUA devem incorporar a Groel\u00e2ndia. A Groel\u00e2ndia afirmou que n\u00e3o est\u00e1 a venda e que apenas se povo soberano pode decidir seu futuro.<\/p>\n\n\n\n<p>As falas do presidente eleito Donald Trump podem parecer brincadeiras e rotina na sua linguagem, por\u00e9m s\u00e3o graves amea\u00e7as a soberania de tr\u00eas pa\u00edses independentes e podem criar novos conflitos, inclusive dentro a OTAN.<\/p>\n\n\n\n<p>Panam\u00e1, Canad\u00e1, Dinamarca e at\u00e9 a Fran\u00e7a j\u00e1 se manifestaram diretamente que n\u00e3o h\u00e1 di\u00e1logo nem interesse nestas ideias de Trump, por\u00e9m <strong>Donald afirmou em entrevista na manh\u00e3 h\u00e1 desta 4\u00aafeira (8\/Jan) que n\u00e3o afasta a\u00e7\u00f5es econ\u00f4micas nem militares para estes assuntos<\/strong>.<\/p>\n\n\n\n<p>Donald Trump tem posse agendada para 20 de Janeiro em Washington, por\u00e9m suas falas agressivas e expansionistas sobre pa\u00edses europeus e americanos, al\u00e9m de resgatar a Dorutrina Monroe e o Big Stick, podem findar a OTAN ap\u00f3s 76 anos redesenhando a Nova Ordem Mundial e geopol\u00edtica global.<\/p>\n\n\n\n<p class=\"has-text-align-center\"><strong>@contexto.inf   @profsta<\/strong><\/p>\n\n\n\n<p class=\"has-text-align-center\"><a href=\"https:\/\/chat.whatsapp.com\/JfxX4uAYN4xDtPxo1g5iJY\" data-type=\"link\" data-id=\"https:\/\/chat.whatsapp.com\/JfxX4uAYN4xDtPxo1g5iJY\">Entre em Nosso grupo WhatsApp e receba as Not\u00edcias em Primeira M\u00e3o: Clique Aqui<\/a><\/p>\n\n\n\n<figure class=\"wp-block-gallery has-nested-images columns-default is-cropped wp-block-gallery-1 is-layout-flex wp-block-gallery-is-layout-flex\">\n<figure class=\"wp-block-image size-large\"><img loading=\"lazy\" decoding=\"async\" width=\"738\" height=\"415\" data-id=\"1436\" src=\"https:\/\/contexto.inf.br\/wp-content\/uploads\/2025\/01\/1000466329-1.jpg\" alt=\"\" class=\"wp-image-1436\" srcset=\"https:\/\/contexto.inf.br\/wp-content\/uploads\/2025\/01\/1000466329-1.jpg 738w, https:\/\/contexto.inf.br\/wp-content\/uploads\/2025\/01\/1000466329-1-300x169.jpg 300w, https:\/\/contexto.inf.br\/wp-content\/uploads\/2025\/01\/1000466329-1-678x381.jpg 678w\" sizes=\"auto, (max-width: 738px) 100vw, 738px\" \/><\/figure>\n\n\n\n<figure class=\"wp-block-image size-large\"><img loading=\"lazy\" decoding=\"async\" width=\"1024\" height=\"1024\" data-id=\"1437\" src=\"https:\/\/contexto.inf.br\/wp-content\/uploads\/2025\/01\/1000466011-1024x1024.jpg\" alt=\"\" class=\"wp-image-1437\" srcset=\"https:\/\/contexto.inf.br\/wp-content\/uploads\/2025\/01\/1000466011-1024x1024.jpg 1024w, https:\/\/contexto.inf.br\/wp-content\/uploads\/2025\/01\/1000466011-300x300.jpg 300w, https:\/\/contexto.inf.br\/wp-content\/uploads\/2025\/01\/1000466011-150x150.jpg 150w, https:\/\/contexto.inf.br\/wp-content\/uploads\/2025\/01\/1000466011-768x768.jpg 768w, https:\/\/contexto.inf.br\/wp-content\/uploads\/2025\/01\/1000466011-1536x1536.jpg 1536w, https:\/\/contexto.inf.br\/wp-content\/uploads\/2025\/01\/1000466011.jpg 1928w\" sizes=\"auto, (max-width: 1024px) 100vw, 1024px\" \/><\/figure>\n\n\n\n<figure class=\"wp-block-image size-large\"><img loading=\"lazy\" decoding=\"async\" width=\"409\" height=\"409\" data-id=\"1438\" src=\"https:\/\/contexto.inf.br\/wp-content\/uploads\/2025\/01\/1000466328.jpg\" alt=\"\" class=\"wp-image-1438\" srcset=\"https:\/\/contexto.inf.br\/wp-content\/uploads\/2025\/01\/1000466328.jpg 409w, https:\/\/contexto.inf.br\/wp-content\/uploads\/2025\/01\/1000466328-300x300.jpg 300w, https:\/\/contexto.inf.br\/wp-content\/uploads\/2025\/01\/1000466328-150x150.jpg 150w\" sizes=\"auto, (max-width: 409px) 100vw, 409px\" \/><\/figure>\n<\/figure>\n\n\n\n<p class=\"has-text-align-center\"><\/p>\n\n\n\n<p> <\/p>\n\n\n\n<p><\/p>\n","protected":false},"excerpt":{"rendered":"<div class=\"mh-excerpt\"><p> <a class=\"mh-excerpt-more\" href=\"https:\/\/contexto.inf.br\/?p=1434\" title=\"EUA: Trump nem Assumiu e j\u00e1 Amea\u00e7a Geopol\u00edtica Global, inclusive OTAN\"><\/a><\/p>\n<\/div>","protected":false},"author":2,"featured_media":1435,"comment_status":"closed","ping_status":"open","sticky":false,"template":"","format":"standard","meta":{"footnotes":""},"categories":[34,19,5,17,31,32],"tags":[],"class_list":{"0":"post-1434","1":"post","2":"type-post","3":"status-publish","4":"format-standard","5":"has-post-thumbnail","7":"category-diversidade","8":"category-internacional","9":"category-politica","10":"category-seguranca","11":"category-_destaque","12":"category-_em-foco"},"_links":{"self":[{"href":"https:\/\/contexto.inf.br\/index.php?rest_route=\/wp\/v2\/posts\/1434","targetHints":{"allow":["GET"]}}],"collection":[{"href":"https:\/\/contexto.inf.br\/index.php?rest_route=\/wp\/v2\/posts"}],"about":[{"href":"https:\/\/contexto.inf.br\/index.php?rest_route=\/wp\/v2\/types\/post"}],"author":[{"embeddable":true,"href":"https:\/\/contexto.inf.br\/index.php?rest_route=\/wp\/v2\/users\/2"}],"replies":[{"embeddable":true,"href":"https:\/\/contexto.inf.br\/index.php?rest_route=%2Fwp%2Fv2%2Fcomments&post=1434"}],"version-history":[{"count":2,"href":"https:\/\/contexto.inf.br\/index.php?rest_route=\/wp\/v2\/posts\/1434\/revisions"}],"predecessor-version":[{"id":1440,"href":"https:\/\/contexto.inf.br\/index.php?rest_route=\/wp\/v2\/posts\/1434\/revisions\/1440"}],"wp:featuredmedia":[{"embeddable":true,"href":"https:\/\/contexto.inf.br\/index.php?rest_route=\/wp\/v2\/media\/1435"}],"wp:attachment":[{"href":"https:\/\/contexto.inf.br\/index.php?rest_route=%2Fwp%2Fv2%2Fmedia&parent=1434"}],"wp:term":[{"taxonomy":"category","embeddable":true,"href":"https:\/\/contexto.inf.br\/index.php?rest_route=%2Fwp%2Fv2%2Fcategories&post=1434"},{"taxonomy":"post_tag","embeddable":true,"href":"https:\/\/contexto.inf.br\/index.php?rest_route=%2Fwp%2Fv2%2Ftags&post=1434"}],"curies":[{"name":"wp","href":"https:\/\/api.w.org\/{rel}","templated":true}]}}