{"id":1475,"date":"2025-01-22T14:33:35","date_gmt":"2025-01-22T17:33:35","guid":{"rendered":"https:\/\/contexto.inf.br\/?p=1475"},"modified":"2025-01-22T14:37:31","modified_gmt":"2025-01-22T17:37:31","slug":"educacao-reclassificacao-escolar-tem-exame-eja-aberto-para-estudantes-fora-da-idade-serie","status":"publish","type":"post","link":"https:\/\/contexto.inf.br\/?p=1475","title":{"rendered":"Reclassifica\u00e7\u00e3o Escolar tem Exame EJA aberto para Estudantes fora da Idade\/S\u00e9rie"},"content":{"rendered":"<div class=\"wp-block-image\">\n<figure class=\"alignleft size-full is-resized\"><img decoding=\"async\" src=\"https:\/\/contexto.inf.br\/wp-content\/uploads\/2025\/01\/1000479698.png\" alt=\"\" class=\"wp-image-1476\" style=\"width:675px;height:auto\"\/><\/figure>\n<\/div>\n\n\n<p>O Exame Estadual de Educa\u00e7\u00e3o de Jovens e Adultos (EJA) de 2025\u00a0do Estado do Paran\u00e1 esta com inscricoes abertas.<\/p>\n\n\n\n<p>Estudantes que ainda n\u00e3o conclu\u00edram sua escolariza\u00e7\u00e3o ou est\u00e3o fora da idade normal para suas s\u00e9ries podem participar.<\/p>\n\n\n\n<p>As provas ser\u00e3o virtuais e aplicadas em laborat\u00f3rios de inform\u00e1tica das Escolas Estaduais credenciadas.<\/p>\n\n\n\n<p><strong>Para se inscrever<\/strong>, era necess\u00e1rio:\u00a0<\/p>\n\n\n\n<ul class=\"wp-block-list\">\n<li>Ter 15 anos ou mais para o Ensino Fundamental e 18 anos ou mais para o Ensino M\u00e9dio<\/li>\n\n\n\n<li>Apresentar documento oficial com foto, como RG, CNH ou passaporte<\/li>\n\n\n\n<li>Menores de idade precisavam de autoriza\u00e7\u00e3o dos respons\u00e1veis<\/li>\n<\/ul>\n\n\n\n<p>Os estudantes das escolas regulares podiam fazer as provas nas institui\u00e7\u00f5es em que estudam.&nbsp;<\/p>\n\n\n\n<p>O EJA \u00e9 uma modalidade de ensino destinada a jovens e adultos que n\u00e3o conclu\u00edram os estudos ou n\u00e3o iniciaram o processo de escolariza\u00e7\u00e3o.&nbsp;<\/p>\n\n\n\n<p class=\"has-text-align-center\"><strong>@contexto.inf    @profsta<\/strong><\/p>\n\n\n\n<p class=\"has-text-align-center\"><a href=\"https:\/\/chat.whatsapp.com\/JfxX4uAYN4xDtPxo1g5iJY\" data-type=\"link\" data-id=\"https:\/\/chat.whatsapp.com\/JfxX4uAYN4xDtPxo1g5iJY\">Entre em Nosso grupo WhatsApp e receba as Not\u00edcias em Primeira M\u00e3o: Clique Aqui<\/a><\/p>\n","protected":false},"excerpt":{"rendered":"<div class=\"mh-excerpt\"><p> <a class=\"mh-excerpt-more\" href=\"https:\/\/contexto.inf.br\/?p=1475\" title=\"Reclassifica\u00e7\u00e3o Escolar tem Exame EJA aberto para Estudantes fora da Idade\/S\u00e9rie\"><\/a><\/p>\n<\/div>","protected":false},"author":2,"featured_media":1476,"comment_status":"closed","ping_status":"open","sticky":false,"template":"","format":"standard","meta":{"footnotes":""},"categories":[2,6,8,3,26,31,32],"tags":[],"class_list":{"0":"post-1475","1":"post","2":"type-post","3":"status-publish","4":"format-standard","5":"has-post-thumbnail","7":"category-cianorte","8":"category-direitos-sociais","9":"category-educacao","10":"category-parana","11":"category-promocao-social","12":"category-_destaque","13":"category-_em-foco"},"_links":{"self":[{"href":"https:\/\/contexto.inf.br\/index.php?rest_route=\/wp\/v2\/posts\/1475","targetHints":{"allow":["GET"]}}],"collection":[{"href":"https:\/\/contexto.inf.br\/index.php?rest_route=\/wp\/v2\/posts"}],"about":[{"href":"https:\/\/contexto.inf.br\/index.php?rest_route=\/wp\/v2\/types\/post"}],"author":[{"embeddable":true,"href":"https:\/\/contexto.inf.br\/index.php?rest_route=\/wp\/v2\/users\/2"}],"replies":[{"embeddable":true,"href":"https:\/\/contexto.inf.br\/index.php?rest_route=%2Fwp%2Fv2%2Fcomments&post=1475"}],"version-history":[{"count":2,"href":"https:\/\/contexto.inf.br\/index.php?rest_route=\/wp\/v2\/posts\/1475\/revisions"}],"predecessor-version":[{"id":1479,"href":"https:\/\/contexto.inf.br\/index.php?rest_route=\/wp\/v2\/posts\/1475\/revisions\/1479"}],"wp:featuredmedia":[{"embeddable":true,"href":"https:\/\/contexto.inf.br\/index.php?rest_route=\/wp\/v2\/media\/1476"}],"wp:attachment":[{"href":"https:\/\/contexto.inf.br\/index.php?rest_route=%2Fwp%2Fv2%2Fmedia&parent=1475"}],"wp:term":[{"taxonomy":"category","embeddable":true,"href":"https:\/\/contexto.inf.br\/index.php?rest_route=%2Fwp%2Fv2%2Fcategories&post=1475"},{"taxonomy":"post_tag","embeddable":true,"href":"https:\/\/contexto.inf.br\/index.php?rest_route=%2Fwp%2Fv2%2Ftags&post=1475"}],"curies":[{"name":"wp","href":"https:\/\/api.w.org\/{rel}","templated":true}]}}