{"id":1515,"date":"2025-02-04T13:15:16","date_gmt":"2025-02-04T16:15:16","guid":{"rendered":"https:\/\/contexto.inf.br\/?p=1515"},"modified":"2025-02-04T13:15:17","modified_gmt":"2025-02-04T16:15:17","slug":"vereadores-de-cianorte-tem-primeira-reuniao-oficial","status":"publish","type":"post","link":"https:\/\/contexto.inf.br\/?p=1515","title":{"rendered":"Vereadores de Cianorte t\u00eam Primeira Reuni\u00e3o Oficial"},"content":{"rendered":"<div class=\"wp-block-image\">\n<figure class=\"alignleft size-large\"><img loading=\"lazy\" decoding=\"async\" width=\"1024\" height=\"742\" src=\"https:\/\/contexto.inf.br\/wp-content\/uploads\/2025\/02\/1000493941-1024x742.jpg\" alt=\"\" class=\"wp-image-1516\"\/><\/figure>\n<\/div>\n\n\n<p>Na tarde desta 2\u00aafeira 3\/Fevereiro\/2025 a C\u00e2mara Legislativa de Cianorte realizou sua primeira reuni\u00e3o ordin\u00e1ria. Estiveram presentes familiares, amigos, cidad\u00e3os atenciosos, os 11 Vereadores e o prefeito de Cianorte, Marco Franzato.<\/p>\n\n\n\n<p>O clima amistoso e emocionado foi marcado por declara\u00e7\u00f5es de compromisso com a \u00e9tica, fiscaliza\u00e7\u00e3o, legislac\u00e3o e indica\u00e7\u00f5es de propostas. Um trabalho independente, por\u00e9m colaborativo entre os poderes Executivo e Legislativo para fazer por Cianorte, as leis e indica\u00e7\u00f5es que tragam melhorias a vida dos Cianortenses.<\/p>\n\n\n\n<p>Foram lidos 17 projetos de Leis, sendo 8 da Prefeitura e 9 dos pr\u00f3prios vereadores e mais de 75 requerimentos lidos. (<a href=\"https:\/\/www.camaracianorte.pr.gov.br\/?pag=T1RRPU9EZz1PVFk9T1RnPU9EWT1PVFk9Tm1FPU9UZz1PVFk9T1dJPU9UYz1PVEk9WVRFPU9UQT0%3D&amp;id=1053&amp;fbclid=PAY2xjawIPGQRleHRuA2FlbQIxMQABpoQY6e4kEH6rKbOh2ZFYpy6RQ3jiTM4qDpMhkV8BdVoVmAED7P3rdHEdOg_aem_y9ALMj4r_fF2MnRAcmHzdA\" data-type=\"link\" data-id=\"https:\/\/www.camaracianorte.pr.gov.br\/?pag=T1RRPU9EZz1PVFk9T1RnPU9EWT1PVFk9Tm1FPU9UZz1PVFk9T1dJPU9UYz1PVEk9WVRFPU9UQT0%3D&amp;id=1053&amp;fbclid=PAY2xjawIPGQRleHRuA2FlbQIxMQABpoQY6e4kEH6rKbOh2ZFYpy6RQ3jiTM4qDpMhkV8BdVoVmAED7P3rdHEdOg_aem_y9ALMj4r_fF2MnRAcmHzdA\"><strong>Detalhes Aqui<\/strong><\/a>)<\/p>\n\n\n\n<p>Tamb\u00e9m foram compostas as comiss\u00f5es parlamentares permanentes e seus membros:<\/p>\n\n\n\n<p><strong>Justi\u00e7a e Reda\u00e7\u00e3o<\/strong><br>Afonso Lima, Beto Nabhan e Thiago Fontes.<\/p>\n\n\n\n<p><strong>Economia<\/strong><br>Coronel Elias, Afonso Lima e Rodrigo Rezende<\/p>\n\n\n\n<p><strong>Servi\u00e7os<\/strong><br>Robson Fagundes, Jorge Garcia e Rafael Araujo<\/p>\n\n\n\n<p><strong>Educa\u00e7\u00e3o<\/strong><br>Kelly Cristina, Marisa Franco e Robson Fagundes.<\/p>\n\n\n\n<p>Ainda em Fevereiro as Comiss\u00f5es ter\u00e3o suas primeiras reuni\u00f5es e eleger\u00e3o seus Presidentes.<\/p>\n\n\n\n<p>Quer saber mais sobre a C\u00e2mara de Vereadores de Cianorte? As reuni\u00f5es ordin\u00e1rias acontecem toda 2\u00aafeira \u00e0s 17h30 na Av Santa Catarina esquina com a Travessa Prof Ant\u00f4nio Trenti<\/p>\n\n\n\n<p class=\"has-text-align-center\"><strong>@contexto.inf @profsta<\/strong><\/p>\n\n\n\n<p class=\"has-text-align-center\"><strong><a href=\"https:\/\/chat.whatsapp.com\/JfxX4uAYN4xDtPxo1g5iJY\" data-type=\"link\" data-id=\"https:\/\/chat.whatsapp.com\/JfxX4uAYN4xDtPxo1g5iJY\">Entre em Nosso grupo WhatsApp e receba as Not\u00edcias em Primeira M\u00e3o: Clique Aqui<\/a><\/strong><\/p>\n","protected":false},"excerpt":{"rendered":"<div class=\"mh-excerpt\"><p> <a class=\"mh-excerpt-more\" href=\"https:\/\/contexto.inf.br\/?p=1515\" title=\"Vereadores de Cianorte t\u00eam Primeira Reuni\u00e3o Oficial\"><\/a><\/p>\n<\/div>","protected":false},"author":2,"featured_media":1516,"comment_status":"closed","ping_status":"open","sticky":false,"template":"","format":"standard","meta":{"footnotes":""},"categories":[2,34,5,31,32],"tags":[],"class_list":{"0":"post-1515","1":"post","2":"type-post","3":"status-publish","4":"format-standard","5":"has-post-thumbnail","7":"category-cianorte","8":"category-diversidade","9":"category-politica","10":"category-_destaque","11":"category-_em-foco"},"_links":{"self":[{"href":"https:\/\/contexto.inf.br\/index.php?rest_route=\/wp\/v2\/posts\/1515","targetHints":{"allow":["GET"]}}],"collection":[{"href":"https:\/\/contexto.inf.br\/index.php?rest_route=\/wp\/v2\/posts"}],"about":[{"href":"https:\/\/contexto.inf.br\/index.php?rest_route=\/wp\/v2\/types\/post"}],"author":[{"embeddable":true,"href":"https:\/\/contexto.inf.br\/index.php?rest_route=\/wp\/v2\/users\/2"}],"replies":[{"embeddable":true,"href":"https:\/\/contexto.inf.br\/index.php?rest_route=%2Fwp%2Fv2%2Fcomments&post=1515"}],"version-history":[{"count":1,"href":"https:\/\/contexto.inf.br\/index.php?rest_route=\/wp\/v2\/posts\/1515\/revisions"}],"predecessor-version":[{"id":1517,"href":"https:\/\/contexto.inf.br\/index.php?rest_route=\/wp\/v2\/posts\/1515\/revisions\/1517"}],"wp:featuredmedia":[{"embeddable":true,"href":"https:\/\/contexto.inf.br\/index.php?rest_route=\/wp\/v2\/media\/1516"}],"wp:attachment":[{"href":"https:\/\/contexto.inf.br\/index.php?rest_route=%2Fwp%2Fv2%2Fmedia&parent=1515"}],"wp:term":[{"taxonomy":"category","embeddable":true,"href":"https:\/\/contexto.inf.br\/index.php?rest_route=%2Fwp%2Fv2%2Fcategories&post=1515"},{"taxonomy":"post_tag","embeddable":true,"href":"https:\/\/contexto.inf.br\/index.php?rest_route=%2Fwp%2Fv2%2Ftags&post=1515"}],"curies":[{"name":"wp","href":"https:\/\/api.w.org\/{rel}","templated":true}]}}