{"id":1555,"date":"2025-02-18T18:38:59","date_gmt":"2025-02-18T21:38:59","guid":{"rendered":"https:\/\/contexto.inf.br\/?p=1555"},"modified":"2025-02-18T18:39:00","modified_gmt":"2025-02-18T21:39:00","slug":"brasil-e-novo-membro-da-opep","status":"publish","type":"post","link":"https:\/\/contexto.inf.br\/?p=1555","title":{"rendered":"Brasil \u00e9 Novo membro da OPEP+"},"content":{"rendered":"<div class=\"wp-block-image\">\n<figure class=\"alignleft size-large\"><img loading=\"lazy\" decoding=\"async\" width=\"1024\" height=\"768\" src=\"https:\/\/contexto.inf.br\/wp-content\/uploads\/2025\/02\/1000505025-1-1024x768.jpg\" alt=\"\" class=\"wp-image-1557\"\/><\/figure>\n<\/div>\n\n\n<p>O Brasil ser\u00e1 o mais novo integrante da OPEP+, uma coaliz\u00e3o que re\u00fane os 13 pa\u00edses membros da Organiza\u00e7\u00e3o dos Pa\u00edses Exportadores de Petr\u00f3leo (OPEP) e outros 10 grandes produtores, incluindo a R\u00fassia. <\/p>\n\n\n\n<p>O an\u00fancio foi realizado durante a COP28, confer\u00eancia das Na\u00e7\u00f5es Unidas sobre mudan\u00e7as clim\u00e1ticas, que ocorre em Dubai, nos Emirados \u00c1rabes Unidos.<\/p>\n\n\n\n<p>A ades\u00e3o do Brasil \u00e0 OPEP+ marca um momento significativo para o pa\u00eds, que agora se consolida como o maior produtor de petr\u00f3leo da Am\u00e9rica Latina a fazer parte do grupo. <\/p>\n\n\n\n<p>A OPEP+ \u00e9 respons\u00e1vel por aproximadamente 40% da produ\u00e7\u00e3o global de petr\u00f3leo, desempenhando um papel crucial na estabiliza\u00e7\u00e3o dos pre\u00e7os desse recurso no mercado internacional.<\/p>\n\n\n\n<p>Ao integrar a OPEP+, o Brasil ganha maior influ\u00eancia nas decis\u00f5es que impactam a produ\u00e7\u00e3o e os pre\u00e7os do petr\u00f3leo, al\u00e9m de fortalecer sua presen\u00e7a no cen\u00e1rio energ\u00e9tico global. Essa participa\u00e7\u00e3o tamb\u00e9m pode gerar vantagens econ\u00f4micas, como o potencial aumento das receitas provenientes das exporta\u00e7\u00f5es de petr\u00f3leo.<\/p>\n\n\n\n<p>A decis\u00e3o de aderir ao grupo foi tomada pelo governo brasileiro, que enxerga nessa movimenta\u00e7\u00e3o uma oportunidade para ampliar a relev\u00e2ncia do pa\u00eds no \u00e2mbito internacional e obter acesso a dados estrat\u00e9gicos sobre o mercado petrol\u00edfero. <\/p>\n\n\n\n<p>No entanto, a entrada do Brasil na OPEP+ divide opini\u00f5es. Enquanto alguns especialistas veem com otimismo a contribui\u00e7\u00e3o brasileira para a estabilidade do mercado global, outros expressam preocupa\u00e7\u00e3o quanto ao poss\u00edvel impacto negativo nos esfor\u00e7os de transi\u00e7\u00e3o energ\u00e9tica e no cumprimento das metas de redu\u00e7\u00e3o de emiss\u00f5es de gases de efeito estufa.<\/p>\n\n\n\n<p>Extras:<\/p>\n\n\n\n<ul class=\"wp-block-list\">\n<li>A OPEP+ \u00e9 uma alian\u00e7a estrat\u00e9gica entre os pa\u00edses da OPEP e outros grandes produtores de petr\u00f3leo, como a R\u00fassia.<\/li>\n\n\n\n<li>O Brasil \u00e9 o maior produtor de petr\u00f3leo da Am\u00e9rica Latina e ocupa a nona posi\u00e7\u00e3o no ranking mundial.<\/li>\n\n\n\n<li>A entrada do Brasil na OPEP+ amplia sua influ\u00eancia no mercado global de petr\u00f3leo.<\/li>\n\n\n\n<li>A decis\u00e3o foi motivada pela busca de fortalecimento da posi\u00e7\u00e3o internacional do pa\u00eds.<\/li>\n\n\n\n<li>A ades\u00e3o \u00e9 vista como positiva por alguns, mas gera debates sobre seus impactos na transi\u00e7\u00e3o energ\u00e9tica.<\/li>\n<\/ul>\n\n\n\n<p class=\"has-text-align-center\"><strong>@contexto.inf @profsta<\/strong><\/p>\n\n\n\n<p class=\"has-text-align-center\"><strong><a href=\"https:\/\/chat.whatsapp.com\/JfxX4uAYN4xDtPxo1g5iJY\" data-type=\"link\" data-id=\"https:\/\/chat.whatsapp.com\/JfxX4uAYN4xDtPxo1g5iJY\">Entre em Nosso grupo WhatsApp e receba as Not\u00edcias em Primeira M\u00e3o: Clique Aqui<\/a><\/strong><\/p>\n\n\n\n<p><\/p>\n","protected":false},"excerpt":{"rendered":"<div class=\"mh-excerpt\"><p> <a class=\"mh-excerpt-more\" href=\"https:\/\/contexto.inf.br\/?p=1555\" title=\"Brasil \u00e9 Novo membro da OPEP+\"><\/a><\/p>\n<\/div>","protected":false},"author":2,"featured_media":1557,"comment_status":"closed","ping_status":"open","sticky":false,"template":"","format":"standard","meta":{"footnotes":""},"categories":[4,37,34,24,16,39,11,19,25,9,3,5,35,31,32],"tags":[],"class_list":{"0":"post-1555","1":"post","2":"type-post","3":"status-publish","4":"format-standard","5":"has-post-thumbnail","7":"category-brasil","8":"category-ciencia","9":"category-diversidade","10":"category-economia","11":"category-energia","12":"category-industria","13":"category-infraestruturas","14":"category-internacional","15":"category-investimentos","16":"category-negocios","17":"category-parana","18":"category-politica","19":"category-tecnologias","20":"category-_destaque","21":"category-_em-foco"},"_links":{"self":[{"href":"https:\/\/contexto.inf.br\/index.php?rest_route=\/wp\/v2\/posts\/1555","targetHints":{"allow":["GET"]}}],"collection":[{"href":"https:\/\/contexto.inf.br\/index.php?rest_route=\/wp\/v2\/posts"}],"about":[{"href":"https:\/\/contexto.inf.br\/index.php?rest_route=\/wp\/v2\/types\/post"}],"author":[{"embeddable":true,"href":"https:\/\/contexto.inf.br\/index.php?rest_route=\/wp\/v2\/users\/2"}],"replies":[{"embeddable":true,"href":"https:\/\/contexto.inf.br\/index.php?rest_route=%2Fwp%2Fv2%2Fcomments&post=1555"}],"version-history":[{"count":1,"href":"https:\/\/contexto.inf.br\/index.php?rest_route=\/wp\/v2\/posts\/1555\/revisions"}],"predecessor-version":[{"id":1558,"href":"https:\/\/contexto.inf.br\/index.php?rest_route=\/wp\/v2\/posts\/1555\/revisions\/1558"}],"wp:featuredmedia":[{"embeddable":true,"href":"https:\/\/contexto.inf.br\/index.php?rest_route=\/wp\/v2\/media\/1557"}],"wp:attachment":[{"href":"https:\/\/contexto.inf.br\/index.php?rest_route=%2Fwp%2Fv2%2Fmedia&parent=1555"}],"wp:term":[{"taxonomy":"category","embeddable":true,"href":"https:\/\/contexto.inf.br\/index.php?rest_route=%2Fwp%2Fv2%2Fcategories&post=1555"},{"taxonomy":"post_tag","embeddable":true,"href":"https:\/\/contexto.inf.br\/index.php?rest_route=%2Fwp%2Fv2%2Ftags&post=1555"}],"curies":[{"name":"wp","href":"https:\/\/api.w.org\/{rel}","templated":true}]}}