{"id":156,"date":"2024-07-12T21:07:36","date_gmt":"2024-07-12T21:07:36","guid":{"rendered":"https:\/\/contexto.inf.br\/?p=156"},"modified":"2024-07-12T21:07:36","modified_gmt":"2024-07-12T21:07:36","slug":"reforma-da-previdencia-cianorte-parecer-juridico-esquenta-tema-auditoria","status":"publish","type":"post","link":"https:\/\/contexto.inf.br\/?p=156","title":{"rendered":"Reforma da Previd\u00eancia Cianorte: Parecer Jur\u00eddico esquenta tema Auditoria"},"content":{"rendered":"<div class=\"wp-block-image\">\n<figure class=\"alignleft size-full\"><img loading=\"lazy\" decoding=\"async\" width=\"233\" height=\"235\" src=\"https:\/\/contexto.inf.br\/wp-content\/uploads\/2024\/07\/image-28.png\" alt=\"\" class=\"wp-image-157\" srcset=\"https:\/\/contexto.inf.br\/wp-content\/uploads\/2024\/07\/image-28.png 233w, https:\/\/contexto.inf.br\/wp-content\/uploads\/2024\/07\/image-28-150x150.png 150w\" sizes=\"auto, (max-width: 233px) 100vw, 233px\" \/><\/figure>\n<\/div>\n\n\n<p>15 de dez. de 2021<\/p>\n\n\n\n<p id=\"viewer-5h64d\">Conforme \u00faltima sess\u00e3o ordin\u00e1ria da Casa Legislativa de Cianorte na noite de 13\/12\/21, um parecer jur\u00eddico do corpo t\u00e9cnico da C\u00e2mara de Vereadores atrav\u00e9s do of\u00edcio 567\/21 de 13\/12\/2021 foi emitido, enviado e lido na sess\u00e3o em resposta ao requerimento 785\/2021 do Vereador Rodrigo Rezende (Rodrigo Enfermeiro &#8211; PSD).<\/p>\n\n\n\n<p id=\"viewer-3q36n\">Conforme of\u00edcio em anexo no final deste texto, resume-se o parecer jur\u00eddico:<\/p>\n\n\n\n<p id=\"viewer-6n7jm\">&#8220;Para que seja poss\u00edvel a contrata\u00e7\u00e3o de empresa privada de auditoria pela C\u00e2mara Municipal de Cianorte, dever\u00e1 ser encaminhada a documenta\u00e7\u00e3o comprobat\u00f3ria da realiza\u00e7\u00e3o ou da demonstra\u00e7\u00e3o justificada da inviabilidade das a\u00e7\u00f5es acima especificadas (pareceres dos conselho fiscal da CAPSECI e TCE PR). Para se ter contrata\u00e7\u00e3o de Auditoria na Capseci pela C\u00e2mara, h\u00e1 que haver <strong>materialidade, relev\u00e2ncia, risco ou oportunidade<\/strong>&#8230;&#8221; (grifo meu).<\/p>\n\n\n\n<p id=\"viewer-cgm5a\">Assim, vale destaque ao Vereador Rodrigo Rezende (Rodrigo Enfermeiro PSD) que de prontid\u00e3o, na mesma sess\u00e3o, minutos ap\u00f3s a leitura do parecer jur\u00eddico, apresentou de modo educado e bem argumentado que a justificativa de se Auditar na CAPSECI \u00e9:<\/p>\n\n\n\n<p id=\"viewer-8itou\">1- Esclarecer os fatores que levaram a d\u00edvida e buscar corrigi-los.<\/p>\n\n\n\n<p id=\"viewer-7c4ab\">2 &#8211; A <strong>materialidade<\/strong> s\u00e3o os R$500 milh\u00f5es de divida atuarial.<\/p>\n\n\n\n<p id=\"viewer-f4d3q\">3 &#8211; A <strong>relev\u00e2ncia<\/strong> \u00e9 o pedido dos pr\u00f3prios servidores municipais que s\u00e3o entes do fundo;<\/p>\n\n\n\n<p id=\"viewer-7o4d\">4 &#8211; O <strong>risco<\/strong> \u00e9 a pr\u00f3pria d\u00edvida e os juros que essa gera, podendo quebrar o fundo;<\/p>\n\n\n\n<p id=\"viewer-6h2fc\">5 &#8211; A <strong>oportunidade <\/strong>\u00e9 o momento atual em que se tem uma reforma da Previd\u00eancia dos Servidores Municipais proposta pelo Executivo Municipal;<\/p>\n\n\n\n<p id=\"viewer-eldki\">6 &#8211; E o <strong>custo<\/strong> n\u00e3o se conhece, mas pra quem tem uma d\u00edvida de R$500 milh\u00f5es \u00e9 um custo necess\u00e1rio.<\/p>\n\n\n\n<p id=\"viewer-9i4m5\">Com a previs\u00e3o de sess\u00f5es legislativas extraordin\u00e1rias ainda em Dezembro de 2021, a auditoria da CAPSECI, o pedido de vistas de 90 dias sobre o projeto de reforma da previd\u00eancia municipal, mais este parecer jur\u00eddico da C\u00e2mara podem surpreender e esquentar ainda mais o clima pol\u00edtico e institucional entre Executivo, Legislativo e os Servidores Municipais de Cianorte. Os procedimentos, a\u00e7\u00f5es e desdobramentos s\u00e3o de in\u00fameras possibilidades. Assim que se apresentarem, voltamos a escrever e apresentar os detalhes.<\/p>\n\n\n\n<p id=\"viewer-7uoj9\">Por fim, espero di\u00e1logo respeitoso, transparente, democr\u00e1tico e Sabedoria aos nobres Vereadores.<\/p>\n\n\n\n<p id=\"viewer-eufrl\">@profsta <a href=\"https:\/\/www.bisbilhoteiro.com.br\/colunas\/hashtags\/profsta\">#profsta<\/a> @contexto.inf<\/p>\n","protected":false},"excerpt":{"rendered":"<div class=\"mh-excerpt\"><p> <a class=\"mh-excerpt-more\" href=\"https:\/\/contexto.inf.br\/?p=156\" title=\"Reforma da Previd\u00eancia Cianorte: Parecer Jur\u00eddico esquenta tema Auditoria\"><\/a><\/p>\n<\/div>","protected":false},"author":2,"featured_media":157,"comment_status":"open","ping_status":"open","sticky":false,"template":"","format":"standard","meta":{"footnotes":""},"categories":[2,6],"tags":[],"class_list":{"0":"post-156","1":"post","2":"type-post","3":"status-publish","4":"format-standard","5":"has-post-thumbnail","7":"category-cianorte","8":"category-direitos-sociais"},"_links":{"self":[{"href":"https:\/\/contexto.inf.br\/index.php?rest_route=\/wp\/v2\/posts\/156","targetHints":{"allow":["GET"]}}],"collection":[{"href":"https:\/\/contexto.inf.br\/index.php?rest_route=\/wp\/v2\/posts"}],"about":[{"href":"https:\/\/contexto.inf.br\/index.php?rest_route=\/wp\/v2\/types\/post"}],"author":[{"embeddable":true,"href":"https:\/\/contexto.inf.br\/index.php?rest_route=\/wp\/v2\/users\/2"}],"replies":[{"embeddable":true,"href":"https:\/\/contexto.inf.br\/index.php?rest_route=%2Fwp%2Fv2%2Fcomments&post=156"}],"version-history":[{"count":1,"href":"https:\/\/contexto.inf.br\/index.php?rest_route=\/wp\/v2\/posts\/156\/revisions"}],"predecessor-version":[{"id":158,"href":"https:\/\/contexto.inf.br\/index.php?rest_route=\/wp\/v2\/posts\/156\/revisions\/158"}],"wp:featuredmedia":[{"embeddable":true,"href":"https:\/\/contexto.inf.br\/index.php?rest_route=\/wp\/v2\/media\/157"}],"wp:attachment":[{"href":"https:\/\/contexto.inf.br\/index.php?rest_route=%2Fwp%2Fv2%2Fmedia&parent=156"}],"wp:term":[{"taxonomy":"category","embeddable":true,"href":"https:\/\/contexto.inf.br\/index.php?rest_route=%2Fwp%2Fv2%2Fcategories&post=156"},{"taxonomy":"post_tag","embeddable":true,"href":"https:\/\/contexto.inf.br\/index.php?rest_route=%2Fwp%2Fv2%2Ftags&post=156"}],"curies":[{"name":"wp","href":"https:\/\/api.w.org\/{rel}","templated":true}]}}