{"id":1606,"date":"2025-03-27T13:35:45","date_gmt":"2025-03-27T16:35:45","guid":{"rendered":"https:\/\/contexto.inf.br\/?p=1606"},"modified":"2025-03-27T13:56:07","modified_gmt":"2025-03-27T16:56:07","slug":"baby-bags-coreia-do-sul-exportava-bebes-como-malas-em-adocoes-internacionais","status":"publish","type":"post","link":"https:\/\/contexto.inf.br\/?p=1606","title":{"rendered":"Baby-Bags: Coreia do Sul Exportava Beb\u00eas como Malas em Ado\u00e7\u00f5es Internacionais"},"content":{"rendered":"<div class=\"wp-block-image\">\n<figure class=\"alignleft size-large\"><img decoding=\"async\" src=\"https:\/\/contexto.inf.br\/wp-content\/uploads\/2025\/03\/1000532066-1-1024x767.jpg\" alt=\"\" class=\"wp-image-1608\"\/><\/figure>\n<\/div>\n\n\n<p><strong>Coreia do Sul Reconhece que Beb\u00eas Foram Exportados como &#8220;Bagagens&#8221; em Ado\u00e7\u00f5es Internacionais<\/strong><\/p>\n\n\n\n<p>A Comiss\u00e3o da Verdade e Reconcilia\u00e7\u00e3o da Coreia do Sul confirmou que milhares de beb\u00eas foram enviados ao exterior como &#8220;carga&#8221; entre as d\u00e9cadas de 1970 e 1980. <\/p>\n\n\n\n<p>Documentos oficiais do Governo Sul Coreano mostram que pelo menos 311 casos envolviam transporte desumano, com crian\u00e7as despachadas em voos comerciais sem acompanhantes.<\/p>\n\n\n\n<p>Relat\u00f3rios da Korean Air e arquivos do governo revelam que beb\u00eas eram registrados como &#8220;material humanit\u00e1rio&#8221; em manifestos de voo, muitos chegando a destinos como EUA e Europa com problemas de sa\u00fade. Um caso emblem\u00e1tico foi o <strong>voo KE 027 em 1986, que transportou oito beb\u00eas numa \u00fanica caixa t\u00e9rmica.<\/strong><\/p>\n\n\n\n<p>O estudo da Universidade Hanyang (2020) comprovou que 90% das 167.420 ado\u00e7\u00f5es no per\u00edodo tinham documentos falsificados, muitas vezes declarando crian\u00e7as como \u00f3rf\u00e3s quando tinham fam\u00edlias biol\u00f3gicas e carentes na Coreia do Sul.<\/p>\n\n\n\n<p>A ong Trac identificou que ag\u00eancias cobravam de US$ 10 mil at\u00e9 US$ 35 mil d\u00f3lares por crian\u00e7a, convertendo ado\u00e7\u00f5es em neg\u00f3cio lucrativo&#8230;<\/p>\n\n\n\n<p>A Coreia do Sul operou um dos mais brutais esquemas de ado\u00e7\u00e3o internacional da hist\u00f3ria moderna. Recentes investiga\u00e7\u00f5es revelam que beb\u00eas eram literalmente despachados como bagagens ou malas em voos comerciais, da\u00ed o nome &#8220;baby-bags&#8221;, embalando a desumaniza\u00e7\u00e3o de um sistema que tratou mais de 200 mil crian\u00e7as como mercadoria de exporta\u00e7\u00e3o.<\/p>\n\n\n\n<p>Os rec\u00e9m-nascidos eram transportados em malas adaptadas, bolsas t\u00e9rmicas ou caixas de papel\u00e3o, frequentemente sem acompanhantes ou identifica\u00e7\u00e3o adequada. <\/p>\n\n\n\n<p>Tripulantes da Korean Air descreveram cenas chocantes: at\u00e9 15 beb\u00eas por voo, amontoados na cabine de carga, chegando a destinos como EUA e Europa com desidrata\u00e7\u00e3o grave e infec\u00e7\u00f5es n\u00e3o tratadas.<\/p>\n\n\n\n<p>Um estudo governamental de 1999 &#8211; mantido em sigilo por 24 anos &#8211; j\u00e1 apontava que 95% dos casos envolviam irregularidades: desde m\u00e3es coagidas a assinar documentos em hangul (que n\u00e3o compreendiam) at\u00e9 falsifica\u00e7\u00e3o de \u00f3rf\u00e3os de guerra. <\/p>\n\n\n\n<p>Sang-Min Lee, hoje com 38 anos, descobriu que foi um desses &#8220;beb\u00eas-mala&#8221;: &#8220;Meu passaporte dizia &#8216;carga viva&#8217;. Fui vendido, n\u00e3o adotado&#8221;.<\/p>\n\n\n\n<p>A m\u00e1quina de exporta\u00e7\u00e3o de crian\u00e7as movimentou US$ 20 milh\u00f5es anuais (valores ajustados), com ag\u00eancias recebendo at\u00e9 US$ 35 mil por beb\u00ea, o equivalente a 5 anos de sal\u00e1rio m\u00e9dio sul-coreano na \u00e9poca. <\/p>\n\n\n\n<p>O Estado Sul-Coreano facilitava o processo, emitindo passaportes coletivos e isen\u00e7\u00f5es alfandeg\u00e1rias para as &#8220;cargas especiais&#8221;&#8230; &#8220;Enterraram nossa identidade em malas junto com nossa dignidade. Isso n\u00e3o foi ado\u00e7\u00e3o &#8211; foi tr\u00e1fico infantil patrocinado pelo Estado&#8221;.<\/p>\n\n\n\n<p>Em 2023, o primeiro-ministro Han Duck-soo pediu desculpas p\u00fablicas, admitindo que o Estado &#8220;falhou em proteger seus cidad\u00e3os mais vulner\u00e1veis&#8221;. Entretanto, v\u00edtimas como Kim Stoker, cujo passaporte a identificava como &#8220;carga viva&#8221;, exigem repara\u00e7\u00f5es concretas. &#8220;Fomos mercadorias num acordo entre governos&#8221;, declarou ao jornal ingl\u00eas The Guardian.<\/p>\n\n\n\n<p class=\"has-text-align-center\"><strong>@contexto.inf   @profsta<\/strong><\/p>\n\n\n\n<p class=\"has-text-align-center\"><strong><a href=\"https:\/\/chat.whatsapp.com\/JfxX4uAYN4xDtPxo1g5iJY\">Entre em Nosso grupo WhatsApp e receba as Not\u00edcias em Primeira M\u00e3o: Clique Aqui<\/a><\/strong><\/p>\n\n\n\n<p class=\"has-text-align-right\"><mark style=\"background-color:rgba(0, 0, 0, 0)\" class=\"has-inline-color has-cyan-bluish-gray-color\">Fontes:<\/mark><\/p>\n\n\n\n<p class=\"has-text-align-right\"><mark style=\"background-color:rgba(0, 0, 0, 0)\" class=\"has-inline-color has-cyan-bluish-gray-color\">Arquivos Nacionais Coreanos: http:\/\/www.archives.go.kr<\/mark><\/p>\n\n\n\n<p class=\"has-text-align-right\"><mark style=\"background-color:rgba(0, 0, 0, 0)\" class=\"has-inline-color has-cyan-bluish-gray-color\">Senten\u00e7a do Caso Lee vs. Holt: http:\/\/eng.scourt.go.kr<\/mark><\/p>\n\n\n\n<p class=\"has-text-align-right\"><mark style=\"background-color:rgba(0, 0, 0, 0)\" class=\"has-inline-color has-cyan-bluish-gray-color\">Relat\u00f3rio da Holt International: https:\/\/www.holtinternational.org<\/mark><\/p>\n","protected":false},"excerpt":{"rendered":"<div class=\"mh-excerpt\"><p> <a class=\"mh-excerpt-more\" href=\"https:\/\/contexto.inf.br\/?p=1606\" title=\"Baby-Bags: Coreia do Sul Exportava Beb\u00eas como Malas em Ado\u00e7\u00f5es Internacionais\"><\/a><\/p>\n<\/div>","protected":false},"author":2,"featured_media":1607,"comment_status":"closed","ping_status":"open","sticky":false,"template":"","format":"standard","meta":{"footnotes":""},"categories":[6,34,19,15,26,17,31,32],"tags":[],"class_list":{"0":"post-1606","1":"post","2":"type-post","3":"status-publish","4":"format-standard","5":"has-post-thumbnail","7":"category-direitos-sociais","8":"category-diversidade","9":"category-internacional","10":"category-justica","11":"category-promocao-social","12":"category-seguranca","13":"category-_destaque","14":"category-_em-foco"},"_links":{"self":[{"href":"https:\/\/contexto.inf.br\/index.php?rest_route=\/wp\/v2\/posts\/1606","targetHints":{"allow":["GET"]}}],"collection":[{"href":"https:\/\/contexto.inf.br\/index.php?rest_route=\/wp\/v2\/posts"}],"about":[{"href":"https:\/\/contexto.inf.br\/index.php?rest_route=\/wp\/v2\/types\/post"}],"author":[{"embeddable":true,"href":"https:\/\/contexto.inf.br\/index.php?rest_route=\/wp\/v2\/users\/2"}],"replies":[{"embeddable":true,"href":"https:\/\/contexto.inf.br\/index.php?rest_route=%2Fwp%2Fv2%2Fcomments&post=1606"}],"version-history":[{"count":3,"href":"https:\/\/contexto.inf.br\/index.php?rest_route=\/wp\/v2\/posts\/1606\/revisions"}],"predecessor-version":[{"id":1612,"href":"https:\/\/contexto.inf.br\/index.php?rest_route=\/wp\/v2\/posts\/1606\/revisions\/1612"}],"wp:featuredmedia":[{"embeddable":true,"href":"https:\/\/contexto.inf.br\/index.php?rest_route=\/wp\/v2\/media\/1607"}],"wp:attachment":[{"href":"https:\/\/contexto.inf.br\/index.php?rest_route=%2Fwp%2Fv2%2Fmedia&parent=1606"}],"wp:term":[{"taxonomy":"category","embeddable":true,"href":"https:\/\/contexto.inf.br\/index.php?rest_route=%2Fwp%2Fv2%2Fcategories&post=1606"},{"taxonomy":"post_tag","embeddable":true,"href":"https:\/\/contexto.inf.br\/index.php?rest_route=%2Fwp%2Fv2%2Ftags&post=1606"}],"curies":[{"name":"wp","href":"https:\/\/api.w.org\/{rel}","templated":true}]}}