{"id":1630,"date":"2025-04-05T01:11:34","date_gmt":"2025-04-05T04:11:34","guid":{"rendered":"https:\/\/contexto.inf.br\/?p=1630"},"modified":"2025-04-05T10:15:37","modified_gmt":"2025-04-05T13:15:37","slug":"tarifaco-trump-eua-ameaca-o-parana-economia-em-alerta","status":"publish","type":"post","link":"https:\/\/contexto.inf.br\/?p=1630","title":{"rendered":"Tarifa\u00e7o Trump\/EUA Amea\u00e7a o Paran\u00e1: Economia em Alerta"},"content":{"rendered":"<div class=\"wp-block-image\">\n<figure class=\"alignleft size-large\"><img loading=\"lazy\" decoding=\"async\" width=\"1024\" height=\"764\" src=\"https:\/\/contexto.inf.br\/wp-content\/uploads\/2025\/04\/1000541368-1024x764.jpg\" alt=\"\" class=\"wp-image-1631\"\/><\/figure>\n<\/div>\n\n\n<p>O <strong>Porto de Paranagu\u00e1<\/strong>, principal modal de exporta\u00e7\u00f5es do Paran\u00e1 e empresas de todo o Estado enfrentam desafios com a taxa\u00e7\u00e3o de 10% sobre exporta\u00e7\u00f5es para os EUA. Aqui voc\u00ea ver\u00e1 por setores e regi\u00f5es do Estado as proje\u00e7\u00f5es de impactos nas maiores empresas e atividades econ\u00f4micas.<\/p>\n\n\n\n<p>A decis\u00e3o dos Estados Unidos de impor tarifas de 10% sobre produtos brasileiros tamb\u00e9m alcan\u00e7a o Estado do Paran\u00e1 que responde por 9,5% das exporta\u00e7\u00f5es nacionais. Com impactos que v\u00e3o do agroneg\u00f3cio \u00e0 ind\u00fastria de transforma\u00e7\u00e3o, a medida fiscal dos EUA amea\u00e7a cadeias produtivas em todas as regi\u00f5es do estado.<\/p>\n\n\n\n<p class=\"has-text-align-center\"><strong>Agroneg\u00f3cio: Cooperativas e Agroind\u00fastrias em Risco<\/strong><\/p>\n\n\n\n<p>O Paran\u00e1, maior exportador de prote\u00edna animal do pa\u00eds, tem suas principais empresas em alerta, pois com novos valores acrescidos de 10% de taxas pelos EUA, os novos valores podem se tornar invi\u00e1veis e por lei da oferta e procura, sejamos obrigados a reduzir pre\u00e7os ou lutar com outros concorrentes. A exemplo, temos as carnes, gr\u00e3os e cereais:<\/p>\n\n\n\n<p><strong>JBS (Toledo):<\/strong> Maior processadora de carnes do estado, com US$ 800 milh\u00f5es em exporta\u00e7\u00f5es para os EUA em 2023 (Dados: Relat\u00f3rios anuais da empresa e FAEP); <\/p>\n\n\n\n<p><strong>Frimesa (Medianeira): <\/strong>Cooperativa que exporta 40% de sua produ\u00e7\u00e3o de su\u00ednos para o mercado norte-americano (Dados: Relat\u00f3rios anuais da empresa e FAEP);<\/p>\n\n\n\n<p><strong>Cocamar (Maring\u00e1):<\/strong> 30% da soja exportada vai para os EUA \u2013 faturamento de US$ 1,2 bilh\u00e3o em 2023 (Dados: Relat\u00f3rios anuais da empresa)<\/p>\n\n\n\n<p><strong>C.Vale (Palotina):<\/strong> Perda estimada em US$ 50 milh\u00f5es com a taxa\u00e7\u00e3o sobre milho e farelo de soja (Dados: Relat\u00f3rios anuais da empresa e FAEP)<\/p>\n\n\n\n<p class=\"has-text-align-center\"><strong>Ind\u00fastria: A\u00e7o, Papel e Autope\u00e7as Sob Press\u00e3o <\/strong><\/p>\n\n\n\n<p><strong>Gerdau (Arauc\u00e1ria)<\/strong>: Produ\u00e7\u00e3o de 3 milh\u00f5es de toneladas\/ano \u2013 15% destinados ao mercado americano (FIEP) <\/p>\n\n\n\n<p><strong>WestRock (Ponta Grossa)<\/strong>: Exporta\u00e7\u00f5es de celulose podem cair 12% em 2025<\/p>\n\n\n\n<p><strong>Volvo (Curitiba)<\/strong>: Custos adicionais de US$ 2 milh\u00f5es\/ano com pe\u00e7as taxadas<\/p>\n\n\n\n<p><strong>Renault (S\u00e3o Jos\u00e9 dos Pinhais)<\/strong>: Cadeia de suprimentos de autope\u00e7as ser\u00e1 impactada nos pre\u00e7os ou redu\u00e7\u00e3o do mercado.<\/p>\n\n\n\n<p class=\"has-text-align-center\"><strong>Porto de Paranagu\u00e1 e Log\u00edstica<\/strong><\/p>\n\n\n\n<p>O maior terminal de gr\u00e3os do Brasil movimentou 58 milh\u00f5es de toneladas em 2023 e apresenta risco de queda de 5 a 8% no volume entre 2024 e 2025, afetando diversas Empresas do ramo da Log\u00edstica. Outra preocupa\u00e7\u00e3o \u00e9 com estoques de cont\u00eaineres vazios.<\/p>\n\n\n\n<p><strong>Londrina<\/strong>: Empresas de T.I., softwares e inform\u00e1tica em geral estimam +15% custos com hardwares importados.<\/p>\n\n\n\n<p><strong>Cascavel<\/strong>:  Cooperativas avaliam R$840 Milh\u00f5es de Reais (US$ 150 milh\u00f5es) em exporta\u00e7\u00f5es amea\u00e7adas aos EUA.<\/p>\n\n\n\n<p><strong>Guarapuava<\/strong>: Estima-se queda de 20% nas vendas de pain\u00e9is de madeiras.<\/p>\n\n\n\n<p class=\"has-text-align-center\"><strong>Rea\u00e7\u00f5es e Estrat\u00e9gias<\/strong><\/p>\n\n\n\n<p>A an\u00e1lise de Stallone Ribeiro (@profsta) estamos diante do maior desafio comercial desde a crise de 2008 tamb\u00e9m dos EUA que afetou o mundo todo. Para que esta onda agora seja mais uma &#8220;marolinha&#8221;, Stallone Ribeiro destaca 4 medidas emergenciais capazes de reduzir os impactos da taxa\u00e7\u00e3o estadunidense e equilibrar o com\u00e9rcio com a abertura ou fortalecimento de novos mercados como:<\/p>\n\n\n\n<p>1) Acelera\u00e7\u00e3o do acordo Mercosul-Uni\u00e3o Europeia e engajamento com o Itamaraty para sincronizar estrat\u00e9gias diplom\u00e1ticas e comerciais;<\/p>\n\n\n\n<p>2) Linhas de cr\u00e9dito espec\u00edficas para exportadores com juros mais baixos e maior prazo de car\u00eancia;<\/p>\n\n\n\n<p>3) Incentivos fiscais para diversifica\u00e7\u00e3o de mercados;<\/p>\n\n\n\n<p>4) Atrair empresas de pa\u00edses com maior taxa\u00e7\u00e3o dos EUA para aproveitar a tarifa reduzida do Brasil e, ao se instalarem no Paran\u00e1, investirem em terrenos, obras, gera\u00e7\u00e3o de empregos, dinamismo econ\u00f4mico local e ainda aumentar a arrecada\u00e7\u00e3o dos munic\u00edpios, do Paran\u00e1 e do Brasil.<\/p>\n\n\n\n<p>Deste \u00faltimo item, h\u00e1 que ser prudente e n\u00e3o doar terrenos ou renunciar receitas, pois a crise dos impostos estadunidenses n\u00e3o ser\u00e1 permanente e em poucos anos uma nova normalidade deve retornar. Da\u00ed a necessidade de se prevenir, se preciso realizar contratos de cess\u00e3o e n\u00e3o doa\u00e7\u00f5es e dar incentivos sim, mas n\u00e3o renunciar a novas receitas fiscais como impostos reduzidos por d\u00e9cadas.<\/p>\n\n\n\n<p>Enquanto isso, a Apex-Brasil (Ag\u00eancia Brasileira de Promo\u00e7\u00e3o de Exporta\u00e7\u00f5es e Investimentos) j\u00e1 age para ampliar a participa\u00e7\u00e3o de empresas brasileiras em feiras na \u00c1sia e Oriente M\u00e9dio.<\/p>\n\n\n\n<p class=\"has-text-align-center\"><strong>Perspectivas<\/strong><\/p>\n\n\n\n<p>Conforme proje\u00e7\u00f5es, o Paran\u00e1 pode perder R$ 10 bilh\u00f5es de Reais (US$ 1,8 bilh\u00e3o) em exporta\u00e7\u00f5es em 2025, 15 mil postos de trabalho diretos e indiretos.<\/p>\n\n\n\n<p>Diante do cen\u00e1rio desafiador imposto pelo &#8220;tarifa\u00e7o&#8221; de Trump, presidente dos EUA ao Brasil, nosso Paran\u00e1 se v\u00ea diante da necessidade urgente de reestruturar suas estrat\u00e9gias de com\u00e9rcio exterior. A diversifica\u00e7\u00e3o de mercados, a busca por acordos comerciais alternativos e o fortalecimento da competitividade interna se tornam imperativos para mitigar os impactos negativos e garantir a sustentabilidade da economia paranaense a longo prazo.<\/p>\n\n\n\n<p class=\"has-text-align-center\"><strong>@contexto.inf @profsta<\/strong><\/p>\n\n\n\n<p class=\"has-text-align-center\"><strong><a href=\"https:\/\/chat.whatsapp.com\/JfxX4uAYN4xDtPxo1g5iJY\">Entre em Nosso grupo WhatsApp e receba as Not\u00edcias em Primeira M\u00e3o: Clique Aqui<\/a><\/strong><\/p>\n\n\n\n<p class=\"has-text-align-right\">Fontes<\/p>\n\n\n\n<p class=\"has-text-align-right\">Secretaria de Com\u00e9rcio Exterior (SECEX) &#8211; Dados 2023: https:\/\/balanca.economia.gov.br\/balanca\/pg_principal_bc\/principais_resultados.html<\/p>\n\n\n\n<p class=\"has-text-align-right\">Federa\u00e7\u00e3o da Agricultura do Paran\u00e1 (FAEP)<\/p>\n\n\n\n<p class=\"has-text-align-right\">Instituto de Pesquisa Econ\u00f4mica Aplicada (IPEA): https:\/\/www.ipea.gov.br\/<\/p>\n\n\n\n<p class=\"has-text-align-right\">Federa\u00e7\u00e3o das Ind\u00fastrias do Estado do Paran\u00e1 (FIEP): https:\/\/novo.sistemafiep.org.br\/<\/p>\n\n\n\n<p class=\"has-text-align-right\">Portos do Paran\u00e1: https:\/\/www.portosdoparana.pr.gov.br\/<\/p>\n\n\n\n<p class=\"has-text-align-right\">Sinduscon Paran\u00e1: https:\/\/sindusconpr.com.br\/<\/p>\n\n\n\n<p class=\"has-text-align-right\">Apex Brasil: https:\/\/apexbrasil.com.br\/<\/p>\n\n\n\n<p class=\"has-text-align-right\"><\/p>\n","protected":false},"excerpt":{"rendered":"<div class=\"mh-excerpt\"><p> <a class=\"mh-excerpt-more\" href=\"https:\/\/contexto.inf.br\/?p=1630\" title=\"Tarifa\u00e7o Trump\/EUA Amea\u00e7a o Paran\u00e1: Economia em Alerta\"><\/a><\/p>\n<\/div>","protected":false},"author":2,"featured_media":1631,"comment_status":"closed","ping_status":"open","sticky":false,"template":"","format":"standard","meta":{"footnotes":""},"categories":[38,4,24,39,19,25,9,3,5,31,32],"tags":[],"class_list":{"0":"post-1630","1":"post","2":"type-post","3":"status-publish","4":"format-standard","5":"has-post-thumbnail","7":"category-agronegocio","8":"category-brasil","9":"category-economia","10":"category-industria","11":"category-internacional","12":"category-investimentos","13":"category-negocios","14":"category-parana","15":"category-politica","16":"category-_destaque","17":"category-_em-foco"},"_links":{"self":[{"href":"https:\/\/contexto.inf.br\/index.php?rest_route=\/wp\/v2\/posts\/1630","targetHints":{"allow":["GET"]}}],"collection":[{"href":"https:\/\/contexto.inf.br\/index.php?rest_route=\/wp\/v2\/posts"}],"about":[{"href":"https:\/\/contexto.inf.br\/index.php?rest_route=\/wp\/v2\/types\/post"}],"author":[{"embeddable":true,"href":"https:\/\/contexto.inf.br\/index.php?rest_route=\/wp\/v2\/users\/2"}],"replies":[{"embeddable":true,"href":"https:\/\/contexto.inf.br\/index.php?rest_route=%2Fwp%2Fv2%2Fcomments&post=1630"}],"version-history":[{"count":5,"href":"https:\/\/contexto.inf.br\/index.php?rest_route=\/wp\/v2\/posts\/1630\/revisions"}],"predecessor-version":[{"id":1640,"href":"https:\/\/contexto.inf.br\/index.php?rest_route=\/wp\/v2\/posts\/1630\/revisions\/1640"}],"wp:featuredmedia":[{"embeddable":true,"href":"https:\/\/contexto.inf.br\/index.php?rest_route=\/wp\/v2\/media\/1631"}],"wp:attachment":[{"href":"https:\/\/contexto.inf.br\/index.php?rest_route=%2Fwp%2Fv2%2Fmedia&parent=1630"}],"wp:term":[{"taxonomy":"category","embeddable":true,"href":"https:\/\/contexto.inf.br\/index.php?rest_route=%2Fwp%2Fv2%2Fcategories&post=1630"},{"taxonomy":"post_tag","embeddable":true,"href":"https:\/\/contexto.inf.br\/index.php?rest_route=%2Fwp%2Fv2%2Ftags&post=1630"}],"curies":[{"name":"wp","href":"https:\/\/api.w.org\/{rel}","templated":true}]}}