{"id":166,"date":"2024-07-12T21:19:11","date_gmt":"2024-07-12T21:19:11","guid":{"rendered":"https:\/\/contexto.inf.br\/?p=166"},"modified":"2024-07-12T21:19:11","modified_gmt":"2024-07-12T21:19:11","slug":"retrospectiva-2021-camara-de-vereadores-de-cianorte","status":"publish","type":"post","link":"https:\/\/contexto.inf.br\/?p=166","title":{"rendered":"Retrospectiva 2021: C\u00e2mara de Vereadores de Cianorte"},"content":{"rendered":"<div class=\"wp-block-image\">\n<figure class=\"alignleft size-full\"><img loading=\"lazy\" decoding=\"async\" width=\"260\" height=\"173\" src=\"https:\/\/contexto.inf.br\/wp-content\/uploads\/2024\/07\/image-32.png\" alt=\"\" class=\"wp-image-167\"\/><\/figure>\n<\/div>\n\n\n<p>20 de dez. de 2021<\/p>\n\n\n\n<p id=\"viewer-khs6\">Em 2021, primeiro ano para a maioria de 80% dos vereadores, ou melhor, 90% ap\u00f3s o m\u00eas de Abril&#8230;<\/p>\n\n\n\n<p id=\"viewer-57np3\">Diante de 42 sess\u00f5es ordin\u00e1rias (normais), 6 extraordin\u00e1rias (fora da agenda para quest\u00f5es especiais, imprevistas ou urgentes) e 1 solene (premia\u00e7\u00f5es), foram no m\u00ednimo 49 reuni\u00f5es oficiais com a presen\u00e7a de todos os vereadores.<\/p>\n\n\n\n<p id=\"viewer-cfiqd\">Vale destacar que ao menos 3 vereadores comp\u00f5em cada uma das 4 comiss\u00f5es especiais que tem outras in\u00fameras reuni\u00f5es a contar a Comiss\u00e3o de Justi\u00e7a e Reda\u00e7\u00e3o (CJR), Comiss\u00e3o de Economia, Finan\u00e7as e Fiscaliza\u00e7\u00e3o (CEFF), Comiss\u00e3o de Servi\u00e7os e Obras P\u00fablicas (CSOP) e Comiss\u00e3o de Educa\u00e7\u00e3o, Cultura, Sa\u00fade e Ecologia (CECSE). Estas comiss\u00f5es s\u00e3o as respons\u00e1veis pelos pareceres favor\u00e1veis e emendas de texto nos documentos de vota\u00e7\u00e3o. E este ano tamb\u00e9m se comp\u00f4s a Comiss\u00e3o Especial Processante do processo de cassa\u00e7\u00e3o de Fevereiro a Abril. Ou seja, foram bem mais de uma reuni\u00e3o por semana na C\u00e2mara Legislativa de Cianorte. Os Vereadores e seus assessores trabalharam bastante, vide os n\u00fameros:<\/p>\n\n\n\n<p id=\"viewer-b8btg\">Foram 1580 indica\u00e7\u00f5es; 810 requerimentos; 132 projetos de lei de vereador; 112 indica\u00e7\u00f5es legislativas; 9 projetos de lei complementar de vereador; 77 projetos de lei do executivo; 39 projetos de lei complementar do executivo.<\/p>\n\n\n\n<p id=\"viewer-a9i59\">Escolhi como destaques os projetos densos, pol\u00eamicos e eventos marcantes como os projetos da Zona Azul e da Guarda Municipal, a Reforma da Previd\u00eancia ainda em tramita\u00e7\u00e3o, a cassa\u00e7\u00e3o de um Vereador, a morte do Marc\u00e3o Madeforte (\u00d4h Pot\u00eancia! Saudades!) e a convoca\u00e7\u00e3o de 4 suplentes onde um renunciou, outro participou de apenas uma sess\u00e3o extraordin\u00e1ria, ambos vinculados ao pedido de cassa\u00e7\u00e3o, um terceiro para ocupar em definitivo a vaga do Marcos Madeforte, agora Vereador Nen\u00e3o da J\u00fapiter, e a suplente, Vereadora em Exerc\u00edcio, Maria Neuza Casassa, por estar <em>sub judice<\/em> o processo de cassa\u00e7\u00e3o do vereador Ada\u00edlson&#8230;<\/p>\n\n\n\n<p id=\"viewer-7jqfa\">Cianorte iniciou o ano de 2021 com 80% de renova\u00e7\u00e3o e em Abril passou a ter 90% de novos parlamentares. Iniciou o ano com 1 mulher (experiente Vereadora Marcia) e agora tem duas, somando 20% de mulheres na casa legislativa com a Vereadora Maria Neusa Casassa.<\/p>\n\n\n\n<p id=\"viewer-aekhd\">Por fim, Cianorte agradece os servi\u00e7os, protesta contra alguns projetos e mantem confian\u00e7a na independ\u00eancia e boa rela\u00e7\u00e3o institucional dos Vereadores com o poder judici\u00e1rio, executivo e imprensa. Fiscalizar, Legislar e Indicar propostas \u00e9 o que esperamos dentro da Legalidade, Impessoalidade, Moralidade, Publicidade e Efici\u00eancia, doa a quem doer&#8230;<\/p>\n\n\n\n<p id=\"viewer-31au6\">Obrigado Vereadores! Acompanhamos e Confiamos em Voc\u00eas!<\/p>\n\n\n\n<p id=\"viewer-91gta\">@profsta <a href=\"https:\/\/www.bisbilhoteiro.com.br\/colunas\/hashtags\/profsta\">#profsta<\/a> @contexto.inf<\/p>\n\n\n\n<p id=\"viewer-6g422\"><em>fonte: <\/em><a target=\"_blank\" href=\"https:\/\/www.camaracianorte.pr.gov.br\/\" rel=\"noreferrer noopener\"><em><u>C\u00e2mara de Vereadores de Cianorte<\/u><\/em><\/a><em> e Jornalista Fernando Melo<\/em><\/p>\n","protected":false},"excerpt":{"rendered":"<div class=\"mh-excerpt\"><p> <a class=\"mh-excerpt-more\" href=\"https:\/\/contexto.inf.br\/?p=166\" title=\"Retrospectiva 2021: C\u00e2mara de Vereadores de Cianorte\"><\/a><\/p>\n<\/div>","protected":false},"author":2,"featured_media":167,"comment_status":"open","ping_status":"open","sticky":false,"template":"","format":"standard","meta":{"footnotes":""},"categories":[2,5],"tags":[],"class_list":{"0":"post-166","1":"post","2":"type-post","3":"status-publish","4":"format-standard","5":"has-post-thumbnail","7":"category-cianorte","8":"category-politica"},"_links":{"self":[{"href":"https:\/\/contexto.inf.br\/index.php?rest_route=\/wp\/v2\/posts\/166","targetHints":{"allow":["GET"]}}],"collection":[{"href":"https:\/\/contexto.inf.br\/index.php?rest_route=\/wp\/v2\/posts"}],"about":[{"href":"https:\/\/contexto.inf.br\/index.php?rest_route=\/wp\/v2\/types\/post"}],"author":[{"embeddable":true,"href":"https:\/\/contexto.inf.br\/index.php?rest_route=\/wp\/v2\/users\/2"}],"replies":[{"embeddable":true,"href":"https:\/\/contexto.inf.br\/index.php?rest_route=%2Fwp%2Fv2%2Fcomments&post=166"}],"version-history":[{"count":1,"href":"https:\/\/contexto.inf.br\/index.php?rest_route=\/wp\/v2\/posts\/166\/revisions"}],"predecessor-version":[{"id":168,"href":"https:\/\/contexto.inf.br\/index.php?rest_route=\/wp\/v2\/posts\/166\/revisions\/168"}],"wp:featuredmedia":[{"embeddable":true,"href":"https:\/\/contexto.inf.br\/index.php?rest_route=\/wp\/v2\/media\/167"}],"wp:attachment":[{"href":"https:\/\/contexto.inf.br\/index.php?rest_route=%2Fwp%2Fv2%2Fmedia&parent=166"}],"wp:term":[{"taxonomy":"category","embeddable":true,"href":"https:\/\/contexto.inf.br\/index.php?rest_route=%2Fwp%2Fv2%2Fcategories&post=166"},{"taxonomy":"post_tag","embeddable":true,"href":"https:\/\/contexto.inf.br\/index.php?rest_route=%2Fwp%2Fv2%2Ftags&post=166"}],"curies":[{"name":"wp","href":"https:\/\/api.w.org\/{rel}","templated":true}]}}