{"id":1677,"date":"2025-05-08T13:33:23","date_gmt":"2025-05-08T16:33:23","guid":{"rendered":"https:\/\/contexto.inf.br\/?p=1677"},"modified":"2025-05-08T14:38:34","modified_gmt":"2025-05-08T17:38:34","slug":"habemus-papam-fumaca-branca-anuncia-fim-do-conclave","status":"publish","type":"post","link":"https:\/\/contexto.inf.br\/?p=1677","title":{"rendered":"Habemus Papam: Fuma\u00e7a Branca Anuncia fim do Conclave"},"content":{"rendered":"\n<figure class=\"wp-block-image size-large\"><img loading=\"lazy\" decoding=\"async\" width=\"1024\" height=\"768\" src=\"https:\/\/contexto.inf.br\/wp-content\/uploads\/2025\/05\/1000562915-1-1024x768.jpg\" alt=\"\" class=\"wp-image-1686\"\/><\/figure>\n\n\n\n<p>13h08 &#8211; Vaticano anuncia elei\u00e7\u00e3o de novo Papa ap\u00f3s conclave hist\u00f3rico na tarde deste 8 de maio de 2025. Antes das 14h30 o nome do Cardeal e nome do Novo Papa ser\u00e1 divulgado. Os 133 cardeais de 70 pa\u00edses diferentes elegeram novo Papa ap\u00f3s 4 vota\u00e7\u00f5es. Fuma\u00e7a Branca foi liberada \u00e0s 13h08h hor\u00e1rio de Bras\u00edlia e \u00e0s 18h08 hora de Roma.<\/p>\n\n\n\n<p>O Vaticano surpreendeu o mundo nesta quinta-feira ao anunciar a elei\u00e7\u00e3o de um novo Papa, encerrando um conclave que durou 4 dias. <\/p>\n\n\n\n<p>Com a tradicional <strong>fuma\u00e7a branca <\/strong>sainda da Capela Sistina e o an\u00fancio &#8220;Habemus Papam&#8221; (&#8220;Temos Papa&#8221;), os cardeais elegeram o novo l\u00edder da Igreja Cat\u00f3lica, cujo nome ainda n\u00e3o foi divulgado oficialmente.<\/p>\n\n\n\n<p>O conclave, que come\u00e7ou em 5 de maio, foi considerado relativamente r\u00e1pido em compara\u00e7\u00e3o com elei\u00e7\u00f5es anteriores, como a de 2013 (2 dias) e a de 2005 (menos de 24 horas). <\/p>\n\n\n\n<p>A agilidade no processo sugeriu um consenso r\u00e1pido entre os cardeais, mas tamb\u00e9m gerou especula\u00e7\u00f5es sobre os desafios que a Igreja enfrentar\u00e1 sob o novo pontificado.  <\/p>\n\n\n\n<p><strong>Papa Le\u00e3o XIV,<\/strong> nascido Robert Francis Prevost Mart\u00ednez em Chicago nos EUA em 14 de setembro de 1955 \u00e9 o atual Papa da Igreja Cat\u00f3lica, Bispo de Roma e Soberano da Cidade do Vaticano desde hoje 8 de maio de 2025. Antes de eleito era frei, bispo em\u00e9rito de Chiclayo, no Peru, e cardeal da C\u00faria Romana da Igreja Cat\u00f3lica. Ele foi nomeado Prefeito do Dicast\u00e9rio para os Bispos em janeiro de 2023 e substituiu seu predecessor, o cardeal Marc Ouellet, em abril do mesmo ano.<\/p>\n\n\n\n<p>A escolha do novo Papa ocorre em um momento de grandes debates dentro da Igreja, incluindo discuss\u00f5es sobre transpar\u00eancia financeira, o papel das mulheres e a abordagem pastoral a fi\u00e9is LGBTQ+.  <\/p>\n\n\n\n<p class=\"has-text-align-center\"><strong>@contexto.inf @profsta<\/strong><\/p>\n\n\n\n<p class=\"has-text-align-center\"><strong><a href=\"https:\/\/chat.whatsapp.com\/JfxX4uAYN4xDtPxo1g5iJY\" data-type=\"link\" data-id=\"https:\/\/chat.whatsapp.com\/JfxX4uAYN4xDtPxo1g5iJY\">Entre em Nosso grupo WhatsApp e receba as Not\u00edcias em Primeira M\u00e3o: Clique Aqui<\/a><\/strong><\/p>\n\n\n\n<figure class=\"wp-block-image size-large\"><img loading=\"lazy\" decoding=\"async\" width=\"576\" height=\"1024\" src=\"https:\/\/contexto.inf.br\/wp-content\/uploads\/2025\/05\/1000562919-576x1024.jpg\" alt=\"\" class=\"wp-image-1688\" srcset=\"https:\/\/contexto.inf.br\/wp-content\/uploads\/2025\/05\/1000562919-576x1024.jpg 576w, https:\/\/contexto.inf.br\/wp-content\/uploads\/2025\/05\/1000562919-169x300.jpg 169w, https:\/\/contexto.inf.br\/wp-content\/uploads\/2025\/05\/1000562919.jpg 720w\" sizes=\"auto, (max-width: 576px) 100vw, 576px\" \/><\/figure>\n\n\n\n<p><\/p>\n","protected":false},"excerpt":{"rendered":"<div class=\"mh-excerpt\"><p> <a class=\"mh-excerpt-more\" href=\"https:\/\/contexto.inf.br\/?p=1677\" title=\"Habemus Papam: Fuma\u00e7a Branca Anuncia fim do Conclave\"><\/a><\/p>\n<\/div>","protected":false},"author":2,"featured_media":1686,"comment_status":"closed","ping_status":"open","sticky":false,"template":"","format":"standard","meta":{"footnotes":""},"categories":[10,34,33,19,5,31,32],"tags":[],"class_list":{"0":"post-1677","1":"post","2":"type-post","3":"status-publish","4":"format-standard","5":"has-post-thumbnail","7":"category-cultura","8":"category-diversidade","9":"category-espiritualidade","10":"category-internacional","11":"category-politica","12":"category-_destaque","13":"category-_em-foco"},"_links":{"self":[{"href":"https:\/\/contexto.inf.br\/index.php?rest_route=\/wp\/v2\/posts\/1677","targetHints":{"allow":["GET"]}}],"collection":[{"href":"https:\/\/contexto.inf.br\/index.php?rest_route=\/wp\/v2\/posts"}],"about":[{"href":"https:\/\/contexto.inf.br\/index.php?rest_route=\/wp\/v2\/types\/post"}],"author":[{"embeddable":true,"href":"https:\/\/contexto.inf.br\/index.php?rest_route=\/wp\/v2\/users\/2"}],"replies":[{"embeddable":true,"href":"https:\/\/contexto.inf.br\/index.php?rest_route=%2Fwp%2Fv2%2Fcomments&post=1677"}],"version-history":[{"count":6,"href":"https:\/\/contexto.inf.br\/index.php?rest_route=\/wp\/v2\/posts\/1677\/revisions"}],"predecessor-version":[{"id":1690,"href":"https:\/\/contexto.inf.br\/index.php?rest_route=\/wp\/v2\/posts\/1677\/revisions\/1690"}],"wp:featuredmedia":[{"embeddable":true,"href":"https:\/\/contexto.inf.br\/index.php?rest_route=\/wp\/v2\/media\/1686"}],"wp:attachment":[{"href":"https:\/\/contexto.inf.br\/index.php?rest_route=%2Fwp%2Fv2%2Fmedia&parent=1677"}],"wp:term":[{"taxonomy":"category","embeddable":true,"href":"https:\/\/contexto.inf.br\/index.php?rest_route=%2Fwp%2Fv2%2Fcategories&post=1677"},{"taxonomy":"post_tag","embeddable":true,"href":"https:\/\/contexto.inf.br\/index.php?rest_route=%2Fwp%2Fv2%2Ftags&post=1677"}],"curies":[{"name":"wp","href":"https:\/\/api.w.org\/{rel}","templated":true}]}}