{"id":173,"date":"2024-07-12T21:27:46","date_gmt":"2024-07-12T21:27:46","guid":{"rendered":"https:\/\/contexto.inf.br\/?p=173"},"modified":"2024-07-12T21:27:46","modified_gmt":"2024-07-12T21:27:46","slug":"gestao-bongiorno-recebeu-premio-nesta-2afeira-20-12","status":"publish","type":"post","link":"https:\/\/contexto.inf.br\/?p=173","title":{"rendered":"Gest\u00e3o Bongiorno recebeu Pr\u00eamio nesta 2\u00aafeira! 20\/12"},"content":{"rendered":"<div class=\"wp-block-image\">\n<figure class=\"alignleft size-full\"><img loading=\"lazy\" decoding=\"async\" width=\"227\" height=\"227\" src=\"https:\/\/contexto.inf.br\/wp-content\/uploads\/2024\/07\/image-34.png\" alt=\"\" class=\"wp-image-174\" srcset=\"https:\/\/contexto.inf.br\/wp-content\/uploads\/2024\/07\/image-34.png 227w, https:\/\/contexto.inf.br\/wp-content\/uploads\/2024\/07\/image-34-150x150.png 150w\" sizes=\"auto, (max-width: 227px) 100vw, 227px\" \/><\/figure>\n<\/div>\n\n\n<p>21 de dez. de 2021<\/p>\n\n\n\n<p id=\"viewer-55ipk\">Na noite de ontem 20\/12\/21, o deputado estadual Jonas Guimar\u00e3es representou a Assembleia Legislativa do Paran\u00e1 (ALEP) na entrega do <strong>Pr\u00eamio Gestor P\u00fablico<\/strong> ao ex-prefeito Claudemir Bongiorno (1957-2021), pela excel\u00eancia do Programa Minha Casa Melhor, que destina materiais de constru\u00e7\u00e3o a fam\u00edlias de baixa renda.<\/p>\n\n\n\n<p id=\"viewer-cjns0\">O Pr\u00eamio \u00e9 organizado pelo Sindicato dos Auditores Fiscais do Paran\u00e1 junto a Assembleia Legislativa do Paran\u00e1. O pr\u00eamio foi recebido pelas m\u00e3os da ex primeira-dama F\u00e1tima Bongiorno junto aos filhos Hugo, Victor e Bruna.<\/p>\n\n\n<div class=\"wp-block-image\">\n<figure class=\"alignright\"><img decoding=\"async\" src=\"https:\/\/static.wixstatic.com\/media\/84fe8b_0b2b14489c114ac99bf19e42b45f535a~mv2.jpg\/v1\/fill\/w_185,h_249,al_c,q_80,usm_0.66_1.00_0.01,enc_auto\/84fe8b_0b2b14489c114ac99bf19e42b45f535a~mv2.jpg\" alt=\"\"\/><\/figure>\n<\/div>\n\n\n<p id=\"viewer-5bfam\">Estiveram presentes na cerim\u00f4nia de premia\u00e7\u00e3o v\u00e1rios convidados como o delegado da Receita Estadual, Osni Vito e o auditor fiscal e avaliador de campo do Pr\u00eamio, Luiz Augusto Vidal; o ent\u00e3o vice-prefeito Beto Nabhan; os vereadores Maria Neuza Casassa, Marcia Pereira, Edvaldo Estancia Luana e Thiago Fontes; os ex vereadores Silvio do P\u00e1tio e Natal Reis; al\u00e9m do Secretariado que comp\u00f4s a gest\u00e3o Bongiorno; O deputado federal Zeca Dirceu, familiares e amigos&#8230;<\/p>\n\n\n\n<p id=\"viewer-7lb05\">Beto Nabhan, vice-prefeito do Bongiorno at\u00e9 dezembro de 2020 tamb\u00e9m discursou sobre o pr\u00eamio e o per\u00edodo da gest\u00e3o Claudemir Romero Bongiorno.<\/p>\n\n\n\n<p id=\"viewer-eh8tg\">Convidados testemunham e resumem a cerim\u00f4nia como cheia de alegrias pelas boas mem\u00f3rias e de saudades&#8230;<\/p>\n\n\n\n<p id=\"viewer-54t36\">Parab\u00e9ns ex-prefeito Bongiorno, ex vice Beto Nabhan, secret\u00e1rios, Vereadores, Receita Estadual, ALEP, deputado Jonas Guimar\u00e3es, Familiares e Amigos! Cianorte \u00e9 terra f\u00e9rtil de muita gente competente e que agradece: Obrigado!<\/p>\n\n\n\n<p>@profsta #profsta @contexto.inf<\/p>\n","protected":false},"excerpt":{"rendered":"<div class=\"mh-excerpt\"><p> <a class=\"mh-excerpt-more\" href=\"https:\/\/contexto.inf.br\/?p=173\" title=\"Gest\u00e3o Bongiorno recebeu Pr\u00eamio nesta 2\u00aafeira! 20\/12\"><\/a><\/p>\n<\/div>","protected":false},"author":2,"featured_media":174,"comment_status":"open","ping_status":"open","sticky":false,"template":"","format":"standard","meta":{"footnotes":""},"categories":[2,5],"tags":[],"class_list":{"0":"post-173","1":"post","2":"type-post","3":"status-publish","4":"format-standard","5":"has-post-thumbnail","7":"category-cianorte","8":"category-politica"},"_links":{"self":[{"href":"https:\/\/contexto.inf.br\/index.php?rest_route=\/wp\/v2\/posts\/173","targetHints":{"allow":["GET"]}}],"collection":[{"href":"https:\/\/contexto.inf.br\/index.php?rest_route=\/wp\/v2\/posts"}],"about":[{"href":"https:\/\/contexto.inf.br\/index.php?rest_route=\/wp\/v2\/types\/post"}],"author":[{"embeddable":true,"href":"https:\/\/contexto.inf.br\/index.php?rest_route=\/wp\/v2\/users\/2"}],"replies":[{"embeddable":true,"href":"https:\/\/contexto.inf.br\/index.php?rest_route=%2Fwp%2Fv2%2Fcomments&post=173"}],"version-history":[{"count":1,"href":"https:\/\/contexto.inf.br\/index.php?rest_route=\/wp\/v2\/posts\/173\/revisions"}],"predecessor-version":[{"id":175,"href":"https:\/\/contexto.inf.br\/index.php?rest_route=\/wp\/v2\/posts\/173\/revisions\/175"}],"wp:featuredmedia":[{"embeddable":true,"href":"https:\/\/contexto.inf.br\/index.php?rest_route=\/wp\/v2\/media\/174"}],"wp:attachment":[{"href":"https:\/\/contexto.inf.br\/index.php?rest_route=%2Fwp%2Fv2%2Fmedia&parent=173"}],"wp:term":[{"taxonomy":"category","embeddable":true,"href":"https:\/\/contexto.inf.br\/index.php?rest_route=%2Fwp%2Fv2%2Fcategories&post=173"},{"taxonomy":"post_tag","embeddable":true,"href":"https:\/\/contexto.inf.br\/index.php?rest_route=%2Fwp%2Fv2%2Ftags&post=173"}],"curies":[{"name":"wp","href":"https:\/\/api.w.org\/{rel}","templated":true}]}}