{"id":176,"date":"2024-07-12T21:30:04","date_gmt":"2024-07-12T21:30:04","guid":{"rendered":"https:\/\/contexto.inf.br\/?p=176"},"modified":"2024-07-12T21:30:04","modified_gmt":"2024-07-12T21:30:04","slug":"vereador-afonso-lima-apresenta-prestacao-de-contas-2021","status":"publish","type":"post","link":"https:\/\/contexto.inf.br\/?p=176","title":{"rendered":"Vereador Afonso Lima Apresenta Presta\u00e7\u00e3o de Contas 2021"},"content":{"rendered":"<div class=\"wp-block-image\">\n<figure class=\"alignleft size-full\"><img loading=\"lazy\" decoding=\"async\" width=\"233\" height=\"234\" src=\"https:\/\/contexto.inf.br\/wp-content\/uploads\/2024\/07\/image-35.png\" alt=\"\" class=\"wp-image-177\" srcset=\"https:\/\/contexto.inf.br\/wp-content\/uploads\/2024\/07\/image-35.png 233w, https:\/\/contexto.inf.br\/wp-content\/uploads\/2024\/07\/image-35-150x150.png 150w\" sizes=\"auto, (max-width: 233px) 100vw, 233px\" \/><\/figure>\n<\/div>\n\n\n<p>22 de dez. de 2021<\/p>\n\n\n\n<p id=\"viewer-dvgcl\">O Vereador Afonso S\u00e9rgio Lima (Rede) apresentou sua Presta\u00e7\u00e3o de Contas referente ao 1\u00b0 ano de mandato legislativo. Em suas palavras descreveu como &#8220;um mandato participativo, de muito trabalho, feito em conjunto com a popula\u00e7\u00e3o&#8221;. A presta\u00e7\u00e3o de contas foi apresentada em live nas redes sociais em v\u00eddeo.<\/p>\n\n\n\n<p id=\"viewer-4geh1\"><strong><u>Em 2021 o Vereador Afonso apresentou:<\/u><\/strong><\/p>\n\n\n\n<p id=\"viewer-9t25\">&gt;&gt; 283 Indica\u00e7\u00f5es sugerindo melhorias nos bairros e distritos;<\/p>\n\n\n\n<p id=\"viewer-4rm1u\">&gt;&gt; 212 Requerimentos solicitando informa\u00e7\u00f5es e esclarecimentos do poder executivo e secretarias;<\/p>\n\n\n\n<p id=\"viewer-7n5k\">&gt;&gt; 24 projetos de Leis aprovados com destaque a Educa\u00e7\u00e3o, Sa\u00fade e Contra Corrup\u00e7\u00e3o;<\/p>\n\n\n\n<p id=\"viewer-a6329\">&gt;&gt; 09 projetos de leis ainda em tramita\u00e7\u00e3o;<\/p>\n\n\n\n<p id=\"viewer-dip78\">&gt;&gt; 04 projetos de leis complementares para regrar ou cooperar com o munic\u00edpio;<\/p>\n\n\n\n<p id=\"viewer-5975a\">&gt;&gt; 169 of\u00edcios para secretarias e \u00f3rg\u00e3os competentes;<\/p>\n\n\n\n<p id=\"viewer-3k31j\">&gt;&gt; 08 mo\u00e7\u00f5es de louvor, aplausos e de pesar;<\/p>\n\n\n\n<p id=\"viewer-5fprk\">&gt;&gt; 01pedido de cassa\u00e7\u00e3o de outro vereador por quebra de decoro;<\/p>\n\n\n\n<p id=\"viewer-en0md\">&gt;&gt; 01 den\u00fancia no Minist\u00e9rio P\u00fablico sobre suspeitas de irregularidades; e<\/p>\n\n\n\n<p id=\"viewer-6j445\">&gt;&gt; 01 auditoria para averiguar detalhes na Capseci.<\/p>\n\n\n<div class=\"wp-block-image\">\n<figure class=\"alignright\"><img decoding=\"async\" src=\"https:\/\/static.wixstatic.com\/media\/38e790_a0bf3064d057402794333e6dc8bd9577~mv2.png\/v1\/fill\/w_233,h_234,al_c,q_85,usm_0.66_1.00_0.01,enc_auto\/38e790_a0bf3064d057402794333e6dc8bd9577~mv2.png\" alt=\"\"\/><\/figure>\n<\/div>\n\n\n<p id=\"viewer-9io78\">Como o Vereador Afonso destaca, foram mais de 540 proposi\u00e7\u00f5es em 2021 em prol do cidad\u00e3o cianortense. M\u00e9dia de 45 atos por m\u00eas e mais de 10 por sess\u00e3o. Parab\u00e9ns Vereador Afonso e obrigado pela transpar\u00eancia.<\/p>\n\n\n\n<p id=\"viewer-9u0du\">Por fim, Cianorte agradece os servi\u00e7os, protesta contra alguns projetos e mantem confian\u00e7a na independ\u00eancia e boa rela\u00e7\u00e3o institucional dos Vereadores com o poder judici\u00e1rio, executivo e imprensa. Fiscalizar, Legislar e Indicar propostas \u00e9 o que esperamos dentro da Legalidade, Impessoalidade, Moralidade, Publicidade e Efici\u00eancia, doa a quem doer&#8230;<\/p>\n\n\n\n<p id=\"viewer-9620c\">Obrigado Vereadores! Acompanhamos e Confiamos em Voc\u00eas!<\/p>\n\n\n\n<p id=\"viewer-93mkt\">@profsta <a href=\"https:\/\/www.bisbilhoteiro.com.br\/colunas\/hashtags\/profsta\">#profsta<\/a> @contexto.inf<\/p>\n","protected":false},"excerpt":{"rendered":"<div class=\"mh-excerpt\"><p> <a class=\"mh-excerpt-more\" href=\"https:\/\/contexto.inf.br\/?p=176\" title=\"Vereador Afonso Lima Apresenta Presta\u00e7\u00e3o de Contas 2021\"><\/a><\/p>\n<\/div>","protected":false},"author":2,"featured_media":177,"comment_status":"open","ping_status":"open","sticky":false,"template":"","format":"standard","meta":{"footnotes":""},"categories":[2,5],"tags":[],"class_list":{"0":"post-176","1":"post","2":"type-post","3":"status-publish","4":"format-standard","5":"has-post-thumbnail","7":"category-cianorte","8":"category-politica"},"_links":{"self":[{"href":"https:\/\/contexto.inf.br\/index.php?rest_route=\/wp\/v2\/posts\/176","targetHints":{"allow":["GET"]}}],"collection":[{"href":"https:\/\/contexto.inf.br\/index.php?rest_route=\/wp\/v2\/posts"}],"about":[{"href":"https:\/\/contexto.inf.br\/index.php?rest_route=\/wp\/v2\/types\/post"}],"author":[{"embeddable":true,"href":"https:\/\/contexto.inf.br\/index.php?rest_route=\/wp\/v2\/users\/2"}],"replies":[{"embeddable":true,"href":"https:\/\/contexto.inf.br\/index.php?rest_route=%2Fwp%2Fv2%2Fcomments&post=176"}],"version-history":[{"count":1,"href":"https:\/\/contexto.inf.br\/index.php?rest_route=\/wp\/v2\/posts\/176\/revisions"}],"predecessor-version":[{"id":178,"href":"https:\/\/contexto.inf.br\/index.php?rest_route=\/wp\/v2\/posts\/176\/revisions\/178"}],"wp:featuredmedia":[{"embeddable":true,"href":"https:\/\/contexto.inf.br\/index.php?rest_route=\/wp\/v2\/media\/177"}],"wp:attachment":[{"href":"https:\/\/contexto.inf.br\/index.php?rest_route=%2Fwp%2Fv2%2Fmedia&parent=176"}],"wp:term":[{"taxonomy":"category","embeddable":true,"href":"https:\/\/contexto.inf.br\/index.php?rest_route=%2Fwp%2Fv2%2Fcategories&post=176"},{"taxonomy":"post_tag","embeddable":true,"href":"https:\/\/contexto.inf.br\/index.php?rest_route=%2Fwp%2Fv2%2Ftags&post=176"}],"curies":[{"name":"wp","href":"https:\/\/api.w.org\/{rel}","templated":true}]}}