{"id":1801,"date":"2025-07-15T10:24:39","date_gmt":"2025-07-15T13:24:39","guid":{"rendered":"https:\/\/contexto.inf.br\/?p=1801"},"modified":"2025-07-15T10:24:40","modified_gmt":"2025-07-15T13:24:40","slug":"pe-de-meia-2026-sera-a-todos-os-estudantes-do-ensino-medio-publico","status":"publish","type":"post","link":"https:\/\/contexto.inf.br\/?p=1801","title":{"rendered":"P\u00e9 de Meia 2026 ser\u00e1 a Todos os Estudantes do Ensino M\u00e9dio P\u00fablico?"},"content":{"rendered":"<div class=\"wp-block-image\">\n<figure class=\"alignleft size-large\"><img loading=\"lazy\" decoding=\"async\" width=\"1024\" height=\"767\" src=\"https:\/\/contexto.inf.br\/wp-content\/uploads\/2025\/07\/image-1024x767.png\" alt=\"\" class=\"wp-image-1802\"\/><\/figure>\n<\/div>\n\n\n<p>P\u00e9 de Meia Ser\u00e1 para Todos os Estudantes do Ensino M\u00e9dio P\u00fablico em 2026? O ministro da Educa\u00e7\u00e3o, Camilo Santana, anunciou na sexta-feira (11\/Julho) a meta de <strong>universalizar o programa P\u00e9 de Meia para todos os 6,3 milh\u00f5es de estudantes do ensino m\u00e9dio p\u00fablico brasileiro a partir de 2026<\/strong>. A declara\u00e7\u00e3o ocorreu durante o lan\u00e7amento do Indicador Crian\u00e7a Alfabetizada 2024.<\/p>\n\n\n\n<p>Atualmente, o programa beneficia <strong>apenas 1,7 milh\u00e3o de alunos<\/strong> (27% do total), limitados a jovens de fam\u00edlias com renda <em>per capita<\/em> de at\u00e9 meio sal\u00e1rio m\u00ednimo e matriculados em estados que aderiram ao programa. A expans\u00e3o, portanto, representar\u00e1 um <strong>aumento de 4,6 milh\u00f5es de benefici\u00e1rios<\/strong>.<\/p>\n\n\n\n<p><strong>Investimento necess\u00e1rio:<\/strong><br>Para viabilizar a universaliza\u00e7\u00e3o, o MEC estima necessidade de <strong>R$ 5 bilh\u00f5es adicionais<\/strong> no or\u00e7amento de 2026. O valor atual do programa \u00e9 de R$ 1,8 bilh\u00e3o (2025). O ministro destacou articula\u00e7\u00f5es com o Congresso Nacional:<\/p>\n\n\n\n<blockquote class=\"wp-block-quote is-layout-flow wp-block-quote-is-layout-flow\">\n<p><em>&#8220;Tenho debatido com os presidentes da C\u00e2mara e do Senado, e com a Comiss\u00e3o de Educa\u00e7\u00e3o, a import\u00e2ncia de garantir no or\u00e7amento do ano que vem os recursos para universalizar o P\u00e9 de Meia.&#8221;<\/em><\/p>\n<\/blockquote>\n\n\n\n<p><strong>Como funciona o programa:<\/strong><br>O P\u00e9 de Meia oferece incentivo financeiro para combater a evas\u00e3o escolar (que atinge <strong>5,6%<\/strong> no ensino m\u00e9dio, segundo o Inep 2023). Os valores s\u00e3o:<\/p>\n\n\n\n<p class=\"has-text-align-center\"><strong>R$ 200\/ano<\/strong> (1\u00aa s\u00e9rie)   <strong>R$ 300\/ano<\/strong> (2\u00aa s\u00e9rie)   <strong>R$ 400\/ano<\/strong> (3\u00aa s\u00e9rie)<br>Pagos em duas parcelas semestrais, condicionados \u00e0 frequ\u00eancia m\u00ednima de 80%.<\/p>\n\n\n\n<p><strong>Contexto e objetivos:<\/strong> Criado em 2023 como parte do Bolsa Fam\u00edlia e renomeado em 2024, o programa visa:<\/p>\n\n\n\n<ol class=\"wp-block-list\">\n<li><strong>Reduzir desigualdades:<\/strong> 72% dos estudantes do ensino m\u00e9dio p\u00fablico s\u00e3o de fam\u00edlias com renda <em>per capita<\/em> inferior a 1 sal\u00e1rio m\u00ednimo (PNAD Cont\u00ednua 2023).<\/li>\n\n\n\n<li><strong>Combater a evas\u00e3o:<\/strong> Principalmente entre jovens de baixa renda, que representam 60% dos que abandonam os estudos.<\/li>\n\n\n\n<li><strong>Incentivar conclus\u00e3o escolar:<\/strong> Apenas 64% dos brasileiros de 19 anos conclu\u00edram o ensino m\u00e9dio (Pnad Educa\u00e7\u00e3o 2022).<\/li>\n<\/ol>\n\n\n\n<p><strong>Pr\u00f3ximos passos:<\/strong> A proposta depende da aprova\u00e7\u00e3o do Congresso na Lei Or\u00e7ament\u00e1ria Anual (LOA) 2026. Caso confirmada, ser\u00e1 o maior programa de incentivo \u00e0 perman\u00eancia escolar do Brasil, com potencial para impactar <strong>1 em cada 4 jovens entre 15 e 17 anos<\/strong>.<\/p>\n\n\n\n<p class=\"has-text-align-center\"><strong>@contexto.inf @profsta<\/strong><\/p>\n\n\n\n<p class=\"has-text-align-center\"><strong><a href=\"https:\/\/chat.whatsapp.com\/JfxX4uAYN4xDtPxo1g5iJY\">Entre em Nosso grupo WhatsApp e receba as Not\u00edcias em Primeira M\u00e3o: Clique Aqui<\/a><\/strong><\/p>\n","protected":false},"excerpt":{"rendered":"<div class=\"mh-excerpt\"><p> <a class=\"mh-excerpt-more\" href=\"https:\/\/contexto.inf.br\/?p=1801\" title=\"P\u00e9 de Meia 2026 ser\u00e1 a Todos os Estudantes do Ensino M\u00e9dio P\u00fablico?\"><\/a><\/p>\n<\/div>","protected":false},"author":2,"featured_media":1802,"comment_status":"closed","ping_status":"open","sticky":false,"template":"","format":"standard","meta":{"footnotes":""},"categories":[4,10,6,24,8,25,5,26,31,32],"tags":[],"class_list":{"0":"post-1801","1":"post","2":"type-post","3":"status-publish","4":"format-standard","5":"has-post-thumbnail","7":"category-brasil","8":"category-cultura","9":"category-direitos-sociais","10":"category-economia","11":"category-educacao","12":"category-investimentos","13":"category-politica","14":"category-promocao-social","15":"category-_destaque","16":"category-_em-foco"},"_links":{"self":[{"href":"https:\/\/contexto.inf.br\/index.php?rest_route=\/wp\/v2\/posts\/1801","targetHints":{"allow":["GET"]}}],"collection":[{"href":"https:\/\/contexto.inf.br\/index.php?rest_route=\/wp\/v2\/posts"}],"about":[{"href":"https:\/\/contexto.inf.br\/index.php?rest_route=\/wp\/v2\/types\/post"}],"author":[{"embeddable":true,"href":"https:\/\/contexto.inf.br\/index.php?rest_route=\/wp\/v2\/users\/2"}],"replies":[{"embeddable":true,"href":"https:\/\/contexto.inf.br\/index.php?rest_route=%2Fwp%2Fv2%2Fcomments&post=1801"}],"version-history":[{"count":1,"href":"https:\/\/contexto.inf.br\/index.php?rest_route=\/wp\/v2\/posts\/1801\/revisions"}],"predecessor-version":[{"id":1803,"href":"https:\/\/contexto.inf.br\/index.php?rest_route=\/wp\/v2\/posts\/1801\/revisions\/1803"}],"wp:featuredmedia":[{"embeddable":true,"href":"https:\/\/contexto.inf.br\/index.php?rest_route=\/wp\/v2\/media\/1802"}],"wp:attachment":[{"href":"https:\/\/contexto.inf.br\/index.php?rest_route=%2Fwp%2Fv2%2Fmedia&parent=1801"}],"wp:term":[{"taxonomy":"category","embeddable":true,"href":"https:\/\/contexto.inf.br\/index.php?rest_route=%2Fwp%2Fv2%2Fcategories&post=1801"},{"taxonomy":"post_tag","embeddable":true,"href":"https:\/\/contexto.inf.br\/index.php?rest_route=%2Fwp%2Fv2%2Ftags&post=1801"}],"curies":[{"name":"wp","href":"https:\/\/api.w.org\/{rel}","templated":true}]}}