{"id":1892,"date":"2025-08-15T19:23:11","date_gmt":"2025-08-15T22:23:11","guid":{"rendered":"https:\/\/contexto.inf.br\/?p=1892"},"modified":"2025-08-15T19:23:12","modified_gmt":"2025-08-15T22:23:12","slug":"stf-decide-se-partidos-podem-reaver-mandatos-de-governadores-e-senadores-que-trocaram-de-siglas","status":"publish","type":"post","link":"https:\/\/contexto.inf.br\/?p=1892","title":{"rendered":"STF decide se Partidos podem reaver mandatos de Governadores e Senadores que Trocaram de Siglas"},"content":{"rendered":"<div class=\"wp-block-image\">\n<figure class=\"alignleft size-large\"><img loading=\"lazy\" decoding=\"async\" width=\"1024\" height=\"769\" src=\"https:\/\/contexto.inf.br\/wp-content\/uploads\/2025\/08\/1000647736-1024x769.png\" alt=\"\" class=\"wp-image-1893\"\/><\/figure>\n<\/div>\n\n\n<p>STF decide se partidos podem reaver mandatos de governadores e senadores que trocaram de siglas em julgamento hist\u00f3rico que segue no plen\u00e1rio virtual at\u00e9 22 de agosto. O Supremo Tribunal Federal (STF) analisa a extens\u00e3o da fidelidade partid\u00e1ria a todos os cargos eletivos do Brasil.  <\/p>\n\n\n\n<p>A a\u00e7\u00e3o, movida pelo PSDB com apoio de PSB e MDB, questiona por que apenas deputados e vereadores perdem o mandato ao trocarem de partido sem justa causa. O artigo 22-A da Lei 9.096\/1995, que atualmente protege a legenda de deser\u00e7\u00f5es no Legislativo proporcional, pode ter seu escopo ampliado para governadores, senadores e at\u00e9 o presidente da Rep\u00fablica.  <\/p>\n\n\n\n<p><strong>A ess\u00eancia do debate<\/strong> reside na natureza do mandato pol\u00edtico: embora eleitos por votos individuais, os candidatos dependem integralmente da estrutura partid\u00e1ria para financiamento, suporte jur\u00eddico e chancela program\u00e1tica. Se o partido fornece esses pilares, \u00e9 coerente que detenha o direito de reaver o mandato quando o pol\u00edtico rompe o v\u00ednculo sem justifica\u00e7\u00e3o. Ao abandonar a sigla que o elegeu, o agente p\u00fablico desestabiliza o sistema de representa\u00e7\u00e3o que o legitimou. <\/p>\n\n\n\n<p><strong>Nove governadores est\u00e3o na mira<\/strong> desta interpreta\u00e7\u00e3o, incluindo Jo\u00e3o Azev\u00eado (PSB\u2192Cidadania\u2192PSB), Cl\u00e1udio Castro (PSC\u2192PL) e os recentes Eduardo Leite e Raquel Lyra (PSDB\u2192PSD).  <\/p>\n\n\n\n<p><strong>No Senado, os 27 casos<\/strong> documentados abrangem desde o presidente Rodrigo Pacheco (DEM\u2192PSD) at\u00e9 Zequinha Marinho (PSC\u2192Podemos), passando por Fabiano Contarato (Rede\u2192PT) e Soraya Thronicke (PSL\u2192Podemos).<\/p>\n\n\n\n<p> <strong>Quanto ao risco de instabilidade<\/strong>, a solu\u00e7\u00e3o n\u00e3o \u00e9 manter a impunidade, mas aplicar a regra prospectivamente: a fidelidade deve valer para futuros mandatos, com transi\u00e7\u00e3o planejada para evitar vac\u00e2ncias sem supl\u00eancia direta. <\/p>\n\n\n\n<p><strong>O veredito do STF<\/strong> far\u00e1 justi\u00e7a ao princ\u00edpio basilar da democracia partid\u00e1ria: o mandato pertence \u00e0 legenda, o pol\u00edtico \u00e9 seu representante, n\u00e3o propriet\u00e1rio. A exce\u00e7\u00e3o? Janelas legais ou justa causa comprovada.<\/p>\n\n\n\n<p class=\"has-text-align-center\"><strong>@contexto.inf @profsta<\/strong><\/p>\n\n\n\n<p class=\"has-text-align-center\"><strong><a href=\"https:\/\/chat.whatsapp.com\/JfxX4uAYN4xDtPxo1g5iJY\" data-type=\"link\" data-id=\"https:\/\/chat.whatsapp.com\/JfxX4uAYN4xDtPxo1g5iJY\">Entre em Nosso grupo WhatsApp e receba as Not\u00edcias em Primeira M\u00e3o: Clique Aqui<\/a><\/strong><\/p>\n\n\n\n<p class=\"has-text-align-left\">Lista dos governadores e senadores que trocaram de partido e est\u00e3o sob analise no STF:<\/p>\n\n\n\n<p class=\"has-text-align-left\"><strong>Governadores que trocaram de partido<\/strong><\/p>\n\n\n\n<p class=\"has-text-align-left\">Fl\u00e1vio Dino (MA): do PC do B para o PSB <\/p>\n\n\n\n<p class=\"has-text-align-left\">Jo\u00e3o Azev\u00eado (PB): do PSB para o Cidadania (e retornou ao PSB)<\/p>\n\n\n\n<p class=\"has-text-align-left\">Cl\u00e1udio Castro (RJ): do PSC para o PL <\/p>\n\n\n\n<p class=\"has-text-align-left\">Wilson Lima (AM): do PSC para a Uni\u00e3o Brasil <\/p>\n\n\n\n<p class=\"has-text-align-left\">Antonio Denarium (RR): do PSL para o PP <\/p>\n\n\n\n<p class=\"has-text-align-left\">Carlos Mois\u00e9s (SC): do PSL para o Republicanos <\/p>\n\n\n\n<p class=\"has-text-align-left\">Mauro Carlesse (TO): do PHS para o DEM (atual Uni\u00e3o Brasil)<\/p>\n\n\n\n<p class=\"has-text-align-left\">Eduardo Leite (RS): do PSDB para o PSD <\/p>\n\n\n\n<p class=\"has-text-align-left\">Raquel Lyra (PE): do PSDB para o PSD<\/p>\n\n\n\n<p class=\"has-text-align-left\"><strong>Senadores que trocaram de partido<\/strong><\/p>\n\n\n\n<p class=\"has-text-align-left\">Alessandro Vieira (SE): da Rede para o MDB <\/p>\n\n\n\n<p class=\"has-text-align-left\">Chico Rodrigues (RR): do DEM para o PSB <\/p>\n\n\n\n<p class=\"has-text-align-left\">Cid Gomes (CE): do PDT para o PSB <\/p>\n\n\n\n<p class=\"has-text-align-left\">Cleitinho (MG): do PSC para o Republicanos <\/p>\n\n\n\n<p class=\"has-text-align-left\">Eduardo Gir\u00e3o (CE): do Pros para o NOVO * Eduardo Gomes (TO): do Solidariedade para o PL <\/p>\n\n\n\n<p class=\"has-text-align-left\">Eliziane Gama (MA): do Cidadania para o PSD <\/p>\n\n\n\n<p class=\"has-text-align-left\">Fabiano Contarato (ES): da Rede para o PT <\/p>\n\n\n\n<p class=\"has-text-align-left\">Fl\u00e1vio Arns (PR): da Rede para o PSB <\/p>\n\n\n\n<p class=\"has-text-align-left\">Fl\u00e1vio Bolsonaro (RJ): do PSL para o PL <\/p>\n\n\n\n<p class=\"has-text-align-left\">Izalci Lucas (DF): do PSDB para o PL <\/p>\n\n\n\n<p class=\"has-text-align-left\">Jorge Kajuru (GO): do PRP para o PSB <\/p>\n\n\n\n<p class=\"has-text-align-left\">Leila Barros (DF): do PSB para o PDT <\/p>\n\n\n\n<p class=\"has-text-align-left\">Lucas Barreto (AP): do PTB para o PSD <\/p>\n\n\n\n<p class=\"has-text-align-left\">Mara Gabrilli (SP): do PSDB para o PSD <\/p>\n\n\n\n<p class=\"has-text-align-left\">M\u00e1rcio Bittar (AC): do MDB para a Uni\u00e3o Brasil <\/p>\n\n\n\n<p class=\"has-text-align-left\">Marcos do Val (ES): do Cidadania para o Podemos <\/p>\n\n\n\n<p class=\"has-text-align-left\">Marcos Rog\u00e9rio (RO): do DEM para o PL <\/p>\n\n\n\n<p class=\"has-text-align-left\">Mecias de Jesus (RR): do PRP para o Republicanos <\/p>\n\n\n\n<p class=\"has-text-align-left\">Nelsinho Trad (MS): do PTB para o PSD <\/p>\n\n\n\n<p class=\"has-text-align-left\">Oriovisto Guimar\u00e3es (PR): do Podemos para o PSDB <\/p>\n\n\n\n<p class=\"has-text-align-left\">Randolfe Rodrigues (AP): da Rede para o PT <\/p>\n\n\n\n<p class=\"has-text-align-left\">Rodrigo Pacheco (MG): do DEM para o PSD <\/p>\n\n\n\n<p class=\"has-text-align-left\">Soraya Thronicke (MS): do PSL para o Podemos <\/p>\n\n\n\n<p class=\"has-text-align-left\">Styvenson Valentim (RN): da Rede para o PSD <\/p>\n\n\n\n<p class=\"has-text-align-left\">Vital do R\u00eago (PB): do PSB para o MDB <\/p>\n\n\n\n<p class=\"has-text-align-left\">Zenaide Maia (RN): do PHS para o PSD <\/p>\n\n\n\n<p class=\"has-text-align-left\">Zequinha Marinho (PA): do PSC para o Podemos<\/p>\n","protected":false},"excerpt":{"rendered":"<div class=\"mh-excerpt\"><p> <a class=\"mh-excerpt-more\" href=\"https:\/\/contexto.inf.br\/?p=1892\" title=\"STF decide se Partidos podem reaver mandatos de Governadores e Senadores que Trocaram de Siglas\"><\/a><\/p>\n<\/div>","protected":false},"author":2,"featured_media":1893,"comment_status":"closed","ping_status":"open","sticky":false,"template":"","format":"standard","meta":{"footnotes":""},"categories":[4,18,15,5,31,32],"tags":[],"class_list":{"0":"post-1892","1":"post","2":"type-post","3":"status-publish","4":"format-standard","5":"has-post-thumbnail","7":"category-brasil","8":"category-demografia","9":"category-justica","10":"category-politica","11":"category-_destaque","12":"category-_em-foco"},"_links":{"self":[{"href":"https:\/\/contexto.inf.br\/index.php?rest_route=\/wp\/v2\/posts\/1892","targetHints":{"allow":["GET"]}}],"collection":[{"href":"https:\/\/contexto.inf.br\/index.php?rest_route=\/wp\/v2\/posts"}],"about":[{"href":"https:\/\/contexto.inf.br\/index.php?rest_route=\/wp\/v2\/types\/post"}],"author":[{"embeddable":true,"href":"https:\/\/contexto.inf.br\/index.php?rest_route=\/wp\/v2\/users\/2"}],"replies":[{"embeddable":true,"href":"https:\/\/contexto.inf.br\/index.php?rest_route=%2Fwp%2Fv2%2Fcomments&post=1892"}],"version-history":[{"count":1,"href":"https:\/\/contexto.inf.br\/index.php?rest_route=\/wp\/v2\/posts\/1892\/revisions"}],"predecessor-version":[{"id":1894,"href":"https:\/\/contexto.inf.br\/index.php?rest_route=\/wp\/v2\/posts\/1892\/revisions\/1894"}],"wp:featuredmedia":[{"embeddable":true,"href":"https:\/\/contexto.inf.br\/index.php?rest_route=\/wp\/v2\/media\/1893"}],"wp:attachment":[{"href":"https:\/\/contexto.inf.br\/index.php?rest_route=%2Fwp%2Fv2%2Fmedia&parent=1892"}],"wp:term":[{"taxonomy":"category","embeddable":true,"href":"https:\/\/contexto.inf.br\/index.php?rest_route=%2Fwp%2Fv2%2Fcategories&post=1892"},{"taxonomy":"post_tag","embeddable":true,"href":"https:\/\/contexto.inf.br\/index.php?rest_route=%2Fwp%2Fv2%2Ftags&post=1892"}],"curies":[{"name":"wp","href":"https:\/\/api.w.org\/{rel}","templated":true}]}}