{"id":2117,"date":"2026-02-23T15:22:15","date_gmt":"2026-02-23T18:22:15","guid":{"rendered":"https:\/\/contexto.inf.br\/?p=2117"},"modified":"2026-02-23T15:22:16","modified_gmt":"2026-02-23T18:22:16","slug":"historico-coletivo-cultural-xerox-e-1-ponto-de-cultura-oficial-de-cianorte-reconhecido-pelo-ministerio-da-cultura","status":"publish","type":"post","link":"https:\/\/contexto.inf.br\/?p=2117","title":{"rendered":"Hist\u00f3rico: &#8220;Coletivo Cultural X\u00e9rox&#8221; \u00e9 1\u00b0 Ponto de Cultura Oficial de Cianorte reconhecido pelo Minist\u00e9rio da Cultura"},"content":{"rendered":"\n<figure class=\"wp-block-image size-large\"><img loading=\"lazy\" decoding=\"async\" width=\"1024\" height=\"1024\" src=\"https:\/\/contexto.inf.br\/wp-content\/uploads\/2026\/02\/1000872629-1024x1024.jpg\" alt=\"\" class=\"wp-image-2118\"\/><\/figure>\n\n\n\n<p> Em uma data que ficar\u00e1 marcada no cronograma cultural da regi\u00e3o, o <strong>Coletivo Cultural da Xerox<\/strong>, liderado por Day Regis e Paulla Braz, recebeu oficialmente o reconhecimento do Minist\u00e9rio da Cultura (MinC) como o primeiro Ponto de Cultura de Cianorte. <\/p>\n\n\n\n<p>O an\u00fancio, celebrado nesta segunda-feira (23\/Fevereiro), eleva o patamar das atividades art\u00edsticas realizadas no espa\u00e7o e consolida a &#8220;X\u00e9rox Gr\u00e1fica e Caf\u00e9&#8221; como um epicentro de fomento \u00e0 identidade local.<\/p>\n\n\n\n<p><strong>Um Legado de Arte e Comunidade<\/strong> &#8211; O reconhecimento n\u00e3o vem por acaso. O Coletivo Cultural da Xerox tem se destacado por uma atua\u00e7\u00e3o multifacetada que transp\u00f5e as paredes do caf\u00e9. Entre as principais frentes de trabalho, destacam-se patroc\u00ednio a Mostra de Arte e outras, veja: <\/p>\n\n\n\n<p>* Educa\u00e7\u00e3o e Oralidade: Promo\u00e7\u00e3o de conta\u00e7\u00e3o de hist\u00f3rias em eventos culturais, CMEIs e escolas da rede p\u00fablica. <\/p>\n\n\n\n<p>* M\u00fasica: Organiza\u00e7\u00e3o de shows de MPB e as tradicionais rodas de choro e samba que d\u00e3o vida \u00e0 cena bo\u00eamia e art\u00edstica da cidade. <\/p>\n\n\n\n<p>* Acesso \u00e0 Leitura: O espa\u00e7o abriga uma biblioteca com um rico acervo de acesso gratuito, incluindo o servi\u00e7o de empr\u00e9stimos para a comunidade. <\/p>\n\n\n\n<p>* Museu do S\u00e9culo XX: Um espa\u00e7o l\u00fadico e nost\u00e1lgico que conta com equipamentos ic\u00f4nicos, como telefones de disco, vitrolas, discos de vinil e videogames antigos, permitindo uma &#8220;viagem no tempo&#8221; para as novas gera\u00e7\u00f5es.<\/p>\n\n\n\n<p><strong>Cianorte Digital: O Resgate da Mem\u00f3ria nas Redes<\/strong> &#8211; Al\u00e9m das atividades presenciais, Day e Paulla comandam o perfil no Instagram &#8220;<strong>J\u00e1 te Contei essa Hist\u00f3ria?<\/strong>&#8220;. O projeto utiliza uma linguagem criativa e empolgante para narrar a hist\u00f3ria de pontos tur\u00edsticos e refer\u00eancias urbanas, tornando o passado de Cianorte din\u00e2mico e presente no cotidiano dos internautas.<\/p>\n\n\n\n<p><strong>O Impacto do Selo &#8220;Ponto de Cultura&#8221;<\/strong> &#8211; Ao se tornar um Ponto de Cultura oficial, o coletivo passa a integrar a Rede Cultura Viva, o que facilita o acesso a editais federais, interc\u00e2mbios culturais e parcerias institucionais. Para Cianorte, isso significa a garantia de que a cultura popular continuar\u00e1 pulsando com incentivo e respaldo governamental.<\/p>\n\n\n\n<p> &#8220;Ter um Ponto de Cultura oficial em nossa cidade \u00e9 um divisor de \u00e1guas. O trabalho de Dayane e Paulla \u00e9 de uma diversidade art\u00edstica impressionante; elas conseguem unir o resgate hist\u00f3rico \u00e0 pr\u00e1tica pedag\u00f3gica e musical com maestria. Este reconhecimento \u00e9 uma alegria imensa n\u00e3o s\u00f3 para elas, mas para toda Cianorte e regi\u00e3o, que agora ganha mais for\u00e7a no mapa cultural do Brasil&#8221; &#8230; afirma o professor Stallone Ribeiro.<\/p>\n\n\n\n<p>Este selo \u00e9 a prova de que, quando a paix\u00e3o pela arte se encontra com a organiza\u00e7\u00e3o coletiva, quem ganha \u00e9 a sociedade. Parab\u00e9ns ao Coletivo Cultural da Xerox por essa conquista hist\u00f3rica!<\/p>\n\n\n\n<p class=\"has-text-align-center\"><strong>@contexto.inf @profsta<\/strong><\/p>\n\n\n\n<p class=\"has-text-align-center\"><strong><a href=\"https:\/\/chat.whatsapp.com\/JfxX4uAYN4xDtPxo1g5iJY\" data-type=\"link\" data-id=\"https:\/\/chat.whatsapp.com\/JfxX4uAYN4xDtPxo1g5iJY\">Entre em Nosso grupo WhatsApp e receba as Not\u00edcias em Primeira M\u00e3o: Clique Aqui.<\/a><\/strong><\/p>\n\n\n\n<p><\/p>\n","protected":false},"excerpt":{"rendered":"<div class=\"mh-excerpt\"><p> <a class=\"mh-excerpt-more\" href=\"https:\/\/contexto.inf.br\/?p=2117\" title=\"Hist\u00f3rico: &#8220;Coletivo Cultural X\u00e9rox&#8221; \u00e9 1\u00b0 Ponto de Cultura Oficial de Cianorte reconhecido pelo Minist\u00e9rio da Cultura\"><\/a><\/p>\n<\/div>","protected":false},"author":2,"featured_media":2118,"comment_status":"closed","ping_status":"open","sticky":false,"template":"","format":"standard","meta":{"footnotes":""},"categories":[4,2,10,1,34,30,9,3,31,32],"tags":[],"class_list":{"0":"post-2117","1":"post","2":"type-post","3":"status-publish","4":"format-standard","5":"has-post-thumbnail","7":"category-brasil","8":"category-cianorte","9":"category-cultura","10":"category-dicas-culturais","11":"category-diversidade","12":"category-mulheres","13":"category-negocios","14":"category-parana","15":"category-_destaque","16":"category-_em-foco"},"_links":{"self":[{"href":"https:\/\/contexto.inf.br\/index.php?rest_route=\/wp\/v2\/posts\/2117","targetHints":{"allow":["GET"]}}],"collection":[{"href":"https:\/\/contexto.inf.br\/index.php?rest_route=\/wp\/v2\/posts"}],"about":[{"href":"https:\/\/contexto.inf.br\/index.php?rest_route=\/wp\/v2\/types\/post"}],"author":[{"embeddable":true,"href":"https:\/\/contexto.inf.br\/index.php?rest_route=\/wp\/v2\/users\/2"}],"replies":[{"embeddable":true,"href":"https:\/\/contexto.inf.br\/index.php?rest_route=%2Fwp%2Fv2%2Fcomments&post=2117"}],"version-history":[{"count":1,"href":"https:\/\/contexto.inf.br\/index.php?rest_route=\/wp\/v2\/posts\/2117\/revisions"}],"predecessor-version":[{"id":2119,"href":"https:\/\/contexto.inf.br\/index.php?rest_route=\/wp\/v2\/posts\/2117\/revisions\/2119"}],"wp:featuredmedia":[{"embeddable":true,"href":"https:\/\/contexto.inf.br\/index.php?rest_route=\/wp\/v2\/media\/2118"}],"wp:attachment":[{"href":"https:\/\/contexto.inf.br\/index.php?rest_route=%2Fwp%2Fv2%2Fmedia&parent=2117"}],"wp:term":[{"taxonomy":"category","embeddable":true,"href":"https:\/\/contexto.inf.br\/index.php?rest_route=%2Fwp%2Fv2%2Fcategories&post=2117"},{"taxonomy":"post_tag","embeddable":true,"href":"https:\/\/contexto.inf.br\/index.php?rest_route=%2Fwp%2Fv2%2Ftags&post=2117"}],"curies":[{"name":"wp","href":"https:\/\/api.w.org\/{rel}","templated":true}]}}