{"id":2185,"date":"2026-04-28T21:12:19","date_gmt":"2026-04-29T00:12:19","guid":{"rendered":"https:\/\/contexto.inf.br\/?p=2185"},"modified":"2026-04-28T21:22:56","modified_gmt":"2026-04-29T00:22:56","slug":"cianorte-camara-abre-processo-de-cassacao-contra-victor-hugo-davanco","status":"publish","type":"post","link":"https:\/\/contexto.inf.br\/?p=2185","title":{"rendered":"Cianorte: C\u00e2mara Abre Processo de Cassa\u00e7\u00e3o contra Victor Hugo Davan\u00e7o"},"content":{"rendered":"\n<figure class=\"wp-block-image size-large\"><img loading=\"lazy\" decoding=\"async\" width=\"1024\" height=\"1024\" src=\"https:\/\/contexto.inf.br\/wp-content\/uploads\/2026\/04\/70410-1-1024x1024.jpg\" alt=\"\" class=\"wp-image-2186\" srcset=\"https:\/\/contexto.inf.br\/wp-content\/uploads\/2026\/04\/70410-1-1024x1024.jpg 1024w, https:\/\/contexto.inf.br\/wp-content\/uploads\/2026\/04\/70410-1-300x300.jpg 300w, https:\/\/contexto.inf.br\/wp-content\/uploads\/2026\/04\/70410-1-150x150.jpg 150w, https:\/\/contexto.inf.br\/wp-content\/uploads\/2026\/04\/70410-1-768x768.jpg 768w, https:\/\/contexto.inf.br\/wp-content\/uploads\/2026\/04\/70410-1-1536x1536.jpg 1536w, https:\/\/contexto.inf.br\/wp-content\/uploads\/2026\/04\/70410-1-2048x2048.jpg 2048w\" sizes=\"auto, (max-width: 1024px) 100vw, 1024px\" \/><\/figure>\n\n\n\n<p>Cianorte: C\u00e2mara Abre Processo de Cassa\u00e7\u00e3o Contra Presidente Victor Hugo Davan\u00e7o &#8211; O cen\u00e1rio pol\u00edtico de Cianorte atingiu seu ponto de fervura na tarde desta segunda-feira (27\/Abril\/2026). Por uma vota\u00e7\u00e3o un\u00e2nime de 8 a 0, a C\u00e2mara Municipal aprovou a abertura de uma Comiss\u00e3o Processante (CP) que pode culminar na cassa\u00e7\u00e3o do mandato do atual presidente da Casa, o vereador Victor Hugo Davan\u00e7o (Podemos).<\/p>\n\n\n\n<p><strong>Iniciativa Cidad\u00e3 e Distanciamento Partid\u00e1rio<\/strong> &#8211; A den\u00fancia foi protocolada por Elder Pirelli de Fran\u00e7a (Elder do P\u00e1tio) cidad\u00e3o que integrou a chapa de candidatos a vereador pelo Progressistas (PP) em 2024, apoiando na \u00e9poca a candidatura majorit\u00e1ria de Rodrigo Guimar\u00e3es (PL).<\/p>\n\n\n\n<p>O car\u00e1ter individual da a\u00e7\u00e3o foi refor\u00e7ado por lideran\u00e7as do pr\u00f3prio partido. O vereador Beto Nabhan, presidente do PP em Cianorte, afirmou que a iniciativa foi estritamente pessoal e que a executiva municipal n\u00e3o teve qualquer participa\u00e7\u00e3o ou consulta pr\u00e9via sobre o pedido.<\/p>\n\n\n\n<p>No mesmo sentido, o Coronel Elias Ariel de Souza (PP), tamb\u00e9m vereador e sorteado como relator da comiss\u00e3o, confirmou que, apesar de pertencer \u00e0 mesma chapa de Elder nas \u00faltimas elei\u00e7\u00f5es, n\u00e3o tinha conhecimento sobre o registro do pedido de cassa\u00e7\u00e3o. O fato corrobora a tese de que o movimento partiu de uma decis\u00e3o isolada de um cidad\u00e3o, e n\u00e3o de uma estrat\u00e9gia articulada de grupo pol\u00edtico.<\/p>\n\n\n\n<p><strong>Rigor e Imparcialidade na Relatoria<\/strong> &#8211; Ocupando a fun\u00e7\u00e3o de relator, o Tenente-Coronel Elias traz para a comiss\u00e3o o peso de sua trajet\u00f3ria na reserva da Pol\u00edcia Militar do Paran\u00e1. Conhecido por declara\u00e7\u00f5es firmes contra qualquer tipo de il\u00edcito, o parlamentar assegurou que conduzir\u00e1 os trabalhos com total imparcialidade. O foco, segundo ele, ser\u00e1 a defesa do devido processo legal, garantindo ao denunciado o amplo direito \u00e0 defesa e ao contradit\u00f3rio.<\/p>\n\n\n\n<p><strong>O Peso da Opera\u00e7\u00e3o Big Fish<\/strong> &#8211; Davan\u00e7o \u00e9 investigado no \u00e2mbito da Opera\u00e7\u00e3o Big Fish, conduzida pela Pol\u00edcia Civil, sob suspeita de envolvimento em um esquema de jogos de azar e lavagem de dinheiro. Embora n\u00e3o haja condena\u00e7\u00e3o em primeira inst\u00e2ncia, o Legislativo cianortense adotou o mesmo crit\u00e9rio de rigor \u00e9tico aplicado ao ex-vereador Rafael Ara\u00fajo (PL), entendendo que a pris\u00e3o e as graves suspeitas configuram, em tese, quebra de decoro parlamentar.<\/p>\n\n\n\n<p><strong>Futuro Incerto: Ren\u00fancia ou Inelegibilidade? <\/strong>&#8211; A Comiss\u00e3o Processante, presidida pelo vereador Robson Fagundes, tem o prazo legal de 90 dias para apresentar o relat\u00f3rio final, com previs\u00e3o de encerramento antes de agosto de 2026.Atualmente afastado por licen\u00e7a m\u00e9dica, Victor Hugo Davan\u00e7o enfrenta um dilema estrat\u00e9gico. Boatos sugerem uma poss\u00edvel ren\u00fancia para preservar sua imagem e focar na defesa jur\u00eddica. No entanto, a estrat\u00e9gia pode ser ineficaz contra a inelegibilidade.<\/p>\n\n\n\n<p>Seguindo o entendimento da Lei da Ficha Limpa (aplicada em casos de repercuss\u00e3o nacional como o de Deltan Dallagnol), a jurisprud\u00eancia do Tribunal Superior Eleitoral (TSE) indica que a ren\u00fancia de parlamentar ap\u00f3s o protocolo de pedido de cassa\u00e7\u00e3o n\u00e3o interrompe os efeitos da inelegibilidade por oito anos. Assim, mesmo fora do cargo, o atual presidente poder\u00e1 enfrentar as mesmas restri\u00e7\u00f5es eleitorais que tentaria evitar com a sa\u00edda antecipada.<\/p>\n\n\n\n<p>Caso Davan\u00e7o se licencie por mais de 120 dias, seja cassado ou renuncie, seu primeiro suplente no Podemos \u00e9 F\u00e1bio Juliano.<\/p>\n\n\n\n<p class=\"has-text-align-center\"><strong>@contexto.inf @profsta<\/strong><\/p>\n\n\n\n<p class=\"has-text-align-center\"><strong>Entre em Nosso grupo WhatsApp e receba as Not\u00edcias em Primeira M\u00e3o: Clique Aqui.<\/strong><\/p>\n\n\n\n<p>Leia Tamb\u00e9m: <strong><a href=\"https:\/\/contexto.inf.br\/?p=2165\" data-type=\"link\" data-id=\"https:\/\/contexto.inf.br\/?p=2165\">Cianorte: Dilema Legislativo \u2013 Cassar Todos os Edis Presos? Quem se Beneficia Disto?<\/a><\/strong><\/p>\n","protected":false},"excerpt":{"rendered":"<div class=\"mh-excerpt\"><p> <a class=\"mh-excerpt-more\" href=\"https:\/\/contexto.inf.br\/?p=2185\" title=\"Cianorte: C\u00e2mara Abre Processo de Cassa\u00e7\u00e3o contra Victor Hugo Davan\u00e7o\"><\/a><\/p>\n<\/div>","protected":false},"author":2,"featured_media":2183,"comment_status":"closed","ping_status":"open","sticky":false,"template":"","format":"standard","meta":{"footnotes":""},"categories":[2,15,3,5,31,32],"tags":[],"class_list":{"0":"post-2185","1":"post","2":"type-post","3":"status-publish","4":"format-standard","5":"has-post-thumbnail","7":"category-cianorte","8":"category-justica","9":"category-parana","10":"category-politica","11":"category-_destaque","12":"category-_em-foco"},"_links":{"self":[{"href":"https:\/\/contexto.inf.br\/index.php?rest_route=\/wp\/v2\/posts\/2185","targetHints":{"allow":["GET"]}}],"collection":[{"href":"https:\/\/contexto.inf.br\/index.php?rest_route=\/wp\/v2\/posts"}],"about":[{"href":"https:\/\/contexto.inf.br\/index.php?rest_route=\/wp\/v2\/types\/post"}],"author":[{"embeddable":true,"href":"https:\/\/contexto.inf.br\/index.php?rest_route=\/wp\/v2\/users\/2"}],"replies":[{"embeddable":true,"href":"https:\/\/contexto.inf.br\/index.php?rest_route=%2Fwp%2Fv2%2Fcomments&post=2185"}],"version-history":[{"count":2,"href":"https:\/\/contexto.inf.br\/index.php?rest_route=\/wp\/v2\/posts\/2185\/revisions"}],"predecessor-version":[{"id":2189,"href":"https:\/\/contexto.inf.br\/index.php?rest_route=\/wp\/v2\/posts\/2185\/revisions\/2189"}],"wp:featuredmedia":[{"embeddable":true,"href":"https:\/\/contexto.inf.br\/index.php?rest_route=\/wp\/v2\/media\/2183"}],"wp:attachment":[{"href":"https:\/\/contexto.inf.br\/index.php?rest_route=%2Fwp%2Fv2%2Fmedia&parent=2185"}],"wp:term":[{"taxonomy":"category","embeddable":true,"href":"https:\/\/contexto.inf.br\/index.php?rest_route=%2Fwp%2Fv2%2Fcategories&post=2185"},{"taxonomy":"post_tag","embeddable":true,"href":"https:\/\/contexto.inf.br\/index.php?rest_route=%2Fwp%2Fv2%2Ftags&post=2185"}],"curies":[{"name":"wp","href":"https:\/\/api.w.org\/{rel}","templated":true}]}}