{"id":246,"date":"2024-07-12T22:36:38","date_gmt":"2024-07-12T22:36:38","guid":{"rendered":"https:\/\/contexto.inf.br\/?p=246"},"modified":"2024-07-12T22:36:38","modified_gmt":"2024-07-12T22:36:38","slug":"voltas-as-aulas-e-2feira-7-fevereiro","status":"publish","type":"post","link":"https:\/\/contexto.inf.br\/?p=246","title":{"rendered":"Voltas \u00e0s Aulas \u00e9 2Feira 7\/Fevereiro"},"content":{"rendered":"<div class=\"wp-block-image\">\n<figure class=\"alignleft size-full is-resized\"><img loading=\"lazy\" decoding=\"async\" width=\"236\" height=\"236\" src=\"https:\/\/contexto.inf.br\/wp-content\/uploads\/2024\/07\/image-59.png\" alt=\"\" class=\"wp-image-247\" style=\"width:226px;height:auto\" srcset=\"https:\/\/contexto.inf.br\/wp-content\/uploads\/2024\/07\/image-59.png 236w, https:\/\/contexto.inf.br\/wp-content\/uploads\/2024\/07\/image-59-150x150.png 150w\" sizes=\"auto, (max-width: 236px) 100vw, 236px\" \/><\/figure>\n<\/div>\n\n\n<p>4 de fev. de 2022 &#8211; Segunda-feira, 7 de Fevereiro \u00e9 o dia de <strong><u>Volta \u00e0s Aulas<\/u><\/strong> nas Escolas municipais e Estaduais de Cianorte!<\/p>\n\n\n\n<p id=\"viewer-fog42\">Depois de suspens\u00e3o das aulas por causa da pandemia de covid19, aulas remotas via internet e atividades impressas, mais um 2021 com revezamento de estudantes e volta ao sistema presencial gradativamente, agora em 2022 a <strong><u>Volta \u00e0s Aulas<\/u><\/strong> ser\u00e1 100% presencial.<\/p>\n\n\n\n<p id=\"viewer-8a0u\">J\u00e1 preparem os uniformes, o material escolar, as m\u00e1scaras e acerte o rel\u00f3gio para n\u00e3o perder a hora, n\u00e3o se atrasar nem faltar neste primeiro dia de Aulas em 2022!<\/p>\n\n\n\n<p id=\"viewer-6121l\">Sobre o <strong><u>transporte escolar<\/u><\/strong>, servi\u00e7o essencial a milhares de estudantes, estes devem buscar informa\u00e7\u00f5es em cada Escola ou no p\u00e1tio da prefeitura de Cianorte onde h\u00e1 os hor\u00e1rios e rotas de cada \u00f4nibus.<\/p>\n\n\n\n<p id=\"viewer-f4hp9\">As Aulas Nunca Pararam! E agora elas voltam de modo definitivo ao modelo presencial. Nestes termos, <strong><u>oriente seus filhos e Estudantes<\/u><\/strong> a se dedicarem aos estudos, acompanhar as aulas e se dedicarem ainda mais nas aulas para aprender ainda mais com todos os cuidados de preven\u00e7\u00e3o ao covid19:<\/p>\n\n\n\n<p id=\"viewer-86ae9\"><strong>Use m\u00e1scaras, mantenha distanciamento, use \u00e1lcool em gel, evite aglomera\u00e7\u00f5es, vacine-se, respeite as orienta\u00e7\u00f5es dos professores e mantenha-se vivo e saud\u00e1vel!<\/strong><\/p>\n\n\n\n<p id=\"viewer-6gh4g\">Apesar da pandemia, <strong><u>a Educa\u00e7\u00e3o nunca parou e \u00e9 cada dia mais importante<\/u><\/strong> para formar nossa Sociedade com maior intelig\u00eancia, independ\u00eancia e cidadania.<\/p>\n\n\n\n<p id=\"viewer-1i8c1\">@profsta <a href=\"https:\/\/www.bisbinoticias.com.br\/colunas\/hashtags\/profsta\" target=\"_blank\" rel=\"noreferrer noopener\">#profsta<\/a> @contexto.inf<\/p>\n\n\n<div class=\"wp-block-image\">\n<figure class=\"aligncenter\"><img decoding=\"async\" src=\"https:\/\/static.wixstatic.com\/media\/84fe8b_96e897fabbce4d43966ab1d1d5ade6b2~mv2.jpg\/v1\/fill\/w_493,h_277,al_c,q_80,usm_0.66_1.00_0.01,enc_auto\/84fe8b_96e897fabbce4d43966ab1d1d5ade6b2~mv2.jpg\" alt=\"\"\/><\/figure>\n<\/div>","protected":false},"excerpt":{"rendered":"<div class=\"mh-excerpt\"><p> <a class=\"mh-excerpt-more\" href=\"https:\/\/contexto.inf.br\/?p=246\" title=\"Voltas \u00e0s Aulas \u00e9 2Feira 7\/Fevereiro\"><\/a><\/p>\n<\/div>","protected":false},"author":2,"featured_media":247,"comment_status":"open","ping_status":"open","sticky":false,"template":"","format":"standard","meta":{"footnotes":""},"categories":[1,8,3],"tags":[],"class_list":{"0":"post-246","1":"post","2":"type-post","3":"status-publish","4":"format-standard","5":"has-post-thumbnail","7":"category-dicas-culturais","8":"category-educacao","9":"category-parana"},"_links":{"self":[{"href":"https:\/\/contexto.inf.br\/index.php?rest_route=\/wp\/v2\/posts\/246","targetHints":{"allow":["GET"]}}],"collection":[{"href":"https:\/\/contexto.inf.br\/index.php?rest_route=\/wp\/v2\/posts"}],"about":[{"href":"https:\/\/contexto.inf.br\/index.php?rest_route=\/wp\/v2\/types\/post"}],"author":[{"embeddable":true,"href":"https:\/\/contexto.inf.br\/index.php?rest_route=\/wp\/v2\/users\/2"}],"replies":[{"embeddable":true,"href":"https:\/\/contexto.inf.br\/index.php?rest_route=%2Fwp%2Fv2%2Fcomments&post=246"}],"version-history":[{"count":1,"href":"https:\/\/contexto.inf.br\/index.php?rest_route=\/wp\/v2\/posts\/246\/revisions"}],"predecessor-version":[{"id":248,"href":"https:\/\/contexto.inf.br\/index.php?rest_route=\/wp\/v2\/posts\/246\/revisions\/248"}],"wp:featuredmedia":[{"embeddable":true,"href":"https:\/\/contexto.inf.br\/index.php?rest_route=\/wp\/v2\/media\/247"}],"wp:attachment":[{"href":"https:\/\/contexto.inf.br\/index.php?rest_route=%2Fwp%2Fv2%2Fmedia&parent=246"}],"wp:term":[{"taxonomy":"category","embeddable":true,"href":"https:\/\/contexto.inf.br\/index.php?rest_route=%2Fwp%2Fv2%2Fcategories&post=246"},{"taxonomy":"post_tag","embeddable":true,"href":"https:\/\/contexto.inf.br\/index.php?rest_route=%2Fwp%2Fv2%2Ftags&post=246"}],"curies":[{"name":"wp","href":"https:\/\/api.w.org\/{rel}","templated":true}]}}