{"id":252,"date":"2024-07-12T22:41:21","date_gmt":"2024-07-12T22:41:21","guid":{"rendered":"https:\/\/contexto.inf.br\/?p=252"},"modified":"2024-07-12T22:41:21","modified_gmt":"2024-07-12T22:41:21","slug":"uem-tem-622-vagas-via-sisu-em-78-cursos","status":"publish","type":"post","link":"https:\/\/contexto.inf.br\/?p=252","title":{"rendered":"UEM tem 622 Vagas via SISU em 78 Cursos!"},"content":{"rendered":"<div class=\"wp-block-image\">\n<figure class=\"alignleft size-full is-resized\"><img loading=\"lazy\" decoding=\"async\" width=\"233\" height=\"233\" src=\"https:\/\/contexto.inf.br\/wp-content\/uploads\/2024\/07\/image-61.png\" alt=\"\" class=\"wp-image-253\" style=\"width:223px;height:auto\" srcset=\"https:\/\/contexto.inf.br\/wp-content\/uploads\/2024\/07\/image-61.png 233w, https:\/\/contexto.inf.br\/wp-content\/uploads\/2024\/07\/image-61-150x150.png 150w\" sizes=\"auto, (max-width: 233px) 100vw, 233px\" \/><\/figure>\n<\/div>\n\n\n<p class=\"wp-block-paragraph\">7 de fev. de 2022 &#8211;  As inscri\u00e7\u00f5es para o Sistema de Sele\u00e7\u00e3o Unificada (<strong>SiSU<\/strong>) do Minist\u00e9rio da Educa\u00e7\u00e3o (MEC) poder\u00e3o ser feitas daqui a duas semanas, de 15 a 18 de fevereiro.<\/p>\n\n\n\n<p class=\"wp-block-paragraph\" id=\"viewer-cv6jg\">Com 622 vagas em 78 cursos, esta \u00e9 a primeira vez que a Universidade Estadual de Maring\u00e1 (UEM) oferece oportunidade de ingresso em gradua\u00e7\u00f5es presenciais por meio do processo.<\/p>\n\n\n\n<p class=\"wp-block-paragraph\" id=\"viewer-7nbgi\">Com <a target=\"_blank\" href=\"https:\/\/www.npd.uem.br\/cvu\/relatorios\/27\/quadro.pdf\" rel=\"noreferrer noopener\">622 vagas em 78 cursos<\/a>, esta \u00e9 a primeira vez que a Universidade Estadual de Maring\u00e1 (<strong>UEM<\/strong>) oferece oportunidade de ingresso em gradua\u00e7\u00f5es presenciais por meio do processo.<\/p>\n\n\n\n<p class=\"wp-block-paragraph\" id=\"viewer-450bl\">De acordo com o MEC, os resultados finais do <a target=\"_blank\" href=\"https:\/\/www.gov.br\/inep\/pt-br\/areas-de-atuacao\/avaliacao-e-exames-educacionais\/enem\" rel=\"noreferrer noopener\">Exame Nacional do Ensino M\u00e9dio (Enem) 2021<\/a> ser\u00e3o divulgados em 11 de fevereiro. A partir do desempenho nele, o interessado buscar\u00e1 acesso ao SiSU, sem pagar inscri\u00e7\u00e3o.<\/p>\n\n\n\n<p class=\"wp-block-paragraph\" id=\"viewer-ci6hb\"><a target=\"_blank\" href=\"https:\/\/sisu.mec.gov.br\/#\/vagas?categoria=instituicao&amp;id=57\" rel=\"noreferrer noopener\"><strong><u>Clique aqui<\/u><\/strong><\/a><strong><u> para ver as vagas a serem ofertadas na universidade, sendo que para cada curso h\u00e1 <\/u><\/strong><a target=\"_blank\" href=\"https:\/\/www.npd.uem.br\/cvu\/relatorios\/27\/termo5.pdf\" rel=\"noreferrer noopener\"><strong><u>exig\u00eancia de notas m\u00ednimas no Enem<\/u><\/strong><\/a><strong><u>.<\/u><\/strong><\/p>\n\n\n\n<p class=\"wp-block-paragraph\" id=\"viewer-58ifv\"><strong>Distribui\u00e7\u00e3o de vagas<\/strong> \u2013 Segundo Elyson Andrew Pozo Liberati, respons\u00e1vel institucional pelo processo, para cada curso ser\u00e1 disponibilizado pelo menos 10% de vagas totais ao SiSU, as quais ser\u00e3o descontadas do sistema universal.<\/p>\n\n\n\n<p class=\"wp-block-paragraph\" id=\"viewer-1j219\">Ou seja, as vagas das a\u00e7\u00f5es afirmativas permanecer\u00e3o com os percentuais atuais. Por exemplo, a gradua\u00e7\u00e3o em Agronomia do c\u00e2mpus de Maring\u00e1 disponibiliza cem vagas, as quais, a partir do ano letivo de 2022, ser\u00e3o distribu\u00eddas da seguinte maneira: 70 para o vestibular (estas se dividem em: 34 universais, 20 para cotistas sociais e 16 para cotistas negros); 20 para o Processo de Avalia\u00e7\u00e3o Seriada (PAS); e 10 para o SiSU.<\/p>\n\n\n\n<p class=\"wp-block-paragraph\" id=\"viewer-3fqtm\">Mais detalhes Aqui na <a target=\"_blank\" href=\"https:\/\/vestibular.uem.br\/sisu\/\" rel=\"noreferrer noopener\"><strong><u>P\u00e1gina da UEM<\/u><\/strong><\/a><strong><u>.<\/u><\/strong><\/p>\n\n\n\n<p class=\"wp-block-paragraph\" id=\"viewer-bqm9r\">@profsta <a href=\"https:\/\/www.bisbilhoteiro.com.br\/colunas\/hashtags\/profsta\">#profsta<\/a> @contexto.inf<\/p>\n","protected":false},"excerpt":{"rendered":"<div class=\"mh-excerpt\"><p> <a class=\"mh-excerpt-more\" href=\"https:\/\/contexto.inf.br\/?p=252\" title=\"UEM tem 622 Vagas via SISU em 78 Cursos!\"><\/a><\/p>\n<\/div>","protected":false},"author":2,"featured_media":253,"comment_status":"open","ping_status":"open","sticky":false,"template":"","format":"standard","meta":{"footnotes":""},"categories":[1,8,3],"tags":[],"class_list":["post-252","post","type-post","status-publish","format-standard","has-post-thumbnail","category-dicas-culturais","category-educacao","category-parana"],"_links":{"self":[{"href":"https:\/\/contexto.inf.br\/index.php?rest_route=\/wp\/v2\/posts\/252","targetHints":{"allow":["GET"]}}],"collection":[{"href":"https:\/\/contexto.inf.br\/index.php?rest_route=\/wp\/v2\/posts"}],"about":[{"href":"https:\/\/contexto.inf.br\/index.php?rest_route=\/wp\/v2\/types\/post"}],"author":[{"embeddable":true,"href":"https:\/\/contexto.inf.br\/index.php?rest_route=\/wp\/v2\/users\/2"}],"replies":[{"embeddable":true,"href":"https:\/\/contexto.inf.br\/index.php?rest_route=%2Fwp%2Fv2%2Fcomments&post=252"}],"version-history":[{"count":1,"href":"https:\/\/contexto.inf.br\/index.php?rest_route=\/wp\/v2\/posts\/252\/revisions"}],"predecessor-version":[{"id":254,"href":"https:\/\/contexto.inf.br\/index.php?rest_route=\/wp\/v2\/posts\/252\/revisions\/254"}],"wp:featuredmedia":[{"embeddable":true,"href":"https:\/\/contexto.inf.br\/index.php?rest_route=\/wp\/v2\/media\/253"}],"wp:attachment":[{"href":"https:\/\/contexto.inf.br\/index.php?rest_route=%2Fwp%2Fv2%2Fmedia&parent=252"}],"wp:term":[{"taxonomy":"category","embeddable":true,"href":"https:\/\/contexto.inf.br\/index.php?rest_route=%2Fwp%2Fv2%2Fcategories&post=252"},{"taxonomy":"post_tag","embeddable":true,"href":"https:\/\/contexto.inf.br\/index.php?rest_route=%2Fwp%2Fv2%2Ftags&post=252"}],"curies":[{"name":"wp","href":"https:\/\/api.w.org\/{rel}","templated":true}]}}