{"id":258,"date":"2024-07-12T22:46:00","date_gmt":"2024-07-12T22:46:00","guid":{"rendered":"https:\/\/contexto.inf.br\/?p=258"},"modified":"2024-07-12T22:46:00","modified_gmt":"2024-07-12T22:46:00","slug":"educacao-do-parana-tem-intercambio-com-canada100-gratis-boas-notas-e-presencas-ajudam","status":"publish","type":"post","link":"https:\/\/contexto.inf.br\/?p=258","title":{"rendered":"Educa\u00e7\u00e3o do Paran\u00e1 tem Interc\u00e2mbio com Canad\u00e1100% Gr\u00e1tis! Boas Notas e Presen\u00e7as Ajudam"},"content":{"rendered":"<div class=\"wp-block-image\">\n<figure class=\"alignleft size-full is-resized\"><img loading=\"lazy\" decoding=\"async\" width=\"233\" height=\"131\" src=\"https:\/\/contexto.inf.br\/wp-content\/uploads\/2024\/07\/image-63.png\" alt=\"\" class=\"wp-image-259\" style=\"width:214px;height:auto\" srcset=\"https:\/\/contexto.inf.br\/wp-content\/uploads\/2024\/07\/image-63.png 233w, https:\/\/contexto.inf.br\/wp-content\/uploads\/2024\/07\/image-63-180x101.png 180w, https:\/\/contexto.inf.br\/wp-content\/uploads\/2024\/07\/image-63-120x67.png 120w\" sizes=\"auto, (max-width: 233px) 100vw, 233px\" \/><\/figure>\n<\/div>\n\n\n<p>9 de fev. de 2022 &#8211; <strong><u>Estudantes!<\/u><\/strong>  <strong>Educa\u00e7\u00e3o do Paran\u00e1 tem Interc\u00e2mbio com Canad\u00e1100% Gr\u00e1tis! Boas Notas e Presen\u00e7as ajudam.<\/strong><\/p>\n\n\n\n<p id=\"viewer-9han3\">Criado pela Secretaria de Estado da Educa\u00e7\u00e3o e do Esporte, o programa Ganhando o Mundo oferece a alunos do Ensino M\u00e9dio uma forma\u00e7\u00e3o acad\u00eamica em institui\u00e7\u00f5es de ensino estrangeiras que tenham curso equivalente no Brasil.<\/p>\n\n\n\n<p id=\"viewer-4edde\">A iniciativa, criada pela Secretaria de Estado da Educa\u00e7\u00e3o e do Esporte (Seed-PR), oferece a estudantes do Ensino M\u00e9dio uma forma\u00e7\u00e3o acad\u00eamica em institui\u00e7\u00f5es de ensino estrangeiras que tenham curso equivalente ao Ensino M\u00e9dio no Brasil. \u201cQuero que voc\u00eas voltem inspirando outras pessoas e sejam refer\u00eancia na sala de aula, na escola, na fam\u00edlia de voc\u00eas\u201d, disse o governador Carlos Massa Ratinho Junior aos estudantes. \u201cO Brasil \u00e9 um pa\u00eds escasso de l\u00edderes, seja em qual \u00e1rea voc\u00eas seguirem. Se voc\u00eas t\u00eam a oportunidade de estar entre os cem melhores alunos, o que pedimos \u00e9 que voc\u00eas voltem inspirando outros alunos paranaenses, para que a gente possa lutar para que um dia a gente tamb\u00e9m possa ser um Canad\u00e1\u201d, acrescentou.<\/p>\n\n\n\n<p id=\"viewer-a0rbs\">A sele\u00e7\u00e3o dos intercambistas \u00e9 feita com base na m\u00e9dia de notas e frequ\u00eancia. Os crit\u00e9rios era m\u00e9dia maior ou igual a sete (7,0) em todas as mat\u00e9rias e frequ\u00eancia maior ou igual a 85%. Para chegar \u00e0 pontua\u00e7\u00e3o final s\u00e3o somadas as m\u00e9dias de todas as disciplinas da Base Nacional Comum Curricular (BNCC) cursadas no 9\u00ba ano. Na etapa final, foram classificados os 100 estudantes com as maiores notas.<\/p>\n\n\n\n<p id=\"viewer-3vj1d\">Os gastos executados durante o semestre letivo no Exterior ser\u00e3o custeados pela Seed-PR. Os custos incluem emiss\u00e3o de passaportes e vistos, exames m\u00e9dicos e vacinas, passagens a\u00e9reas e terrestres, transporte, hospedagem (que ser\u00e1 feita em casas de fam\u00edlias com experi\u00eancia em receber estudantes estrangeiros), seguro viagem e sa\u00fade, al\u00e9m das despesas vinculadas \u00e0 parte acad\u00eamica, como taxa de matr\u00edcula, tradu\u00e7\u00e3o juramentada da documenta\u00e7\u00e3o escolar, mensalidade da escola, material did\u00e1tico e uniforme.<\/p>\n\n\n\n<p id=\"viewer-4lchd\">O intercambista tamb\u00e9m receber\u00e1 uma ajuda de custo mensal de R$ 800.<\/p>\n\n\n\n<p id=\"viewer-9sv9d\">@profsta <a href=\"https:\/\/www.bisbilhoteiro.com.br\/colunas\/hashtags\/profsta\">#profsta<\/a> @contexto.inf<\/p>\n\n\n\n<p id=\"viewer-bmvh4\"><a target=\"_blank\" href=\"https:\/\/www.aen.pr.gov.br\/Noticia\/Intercambio-no-Canada-da-oportunidade-de-desenvolvimento-alunos-paranaenses\" rel=\"noreferrer noopener\"><u>AEN PR<\/u><\/a><\/p>\n","protected":false},"excerpt":{"rendered":"<div class=\"mh-excerpt\"><p> <a class=\"mh-excerpt-more\" href=\"https:\/\/contexto.inf.br\/?p=258\" title=\"Educa\u00e7\u00e3o do Paran\u00e1 tem Interc\u00e2mbio com Canad\u00e1100% Gr\u00e1tis! Boas Notas e Presen\u00e7as Ajudam\"><\/a><\/p>\n<\/div>","protected":false},"author":2,"featured_media":259,"comment_status":"open","ping_status":"open","sticky":false,"template":"","format":"standard","meta":{"footnotes":""},"categories":[10,1,8,3,26],"tags":[],"class_list":{"0":"post-258","1":"post","2":"type-post","3":"status-publish","4":"format-standard","5":"has-post-thumbnail","7":"category-cultura","8":"category-dicas-culturais","9":"category-educacao","10":"category-parana","11":"category-promocao-social"},"_links":{"self":[{"href":"https:\/\/contexto.inf.br\/index.php?rest_route=\/wp\/v2\/posts\/258","targetHints":{"allow":["GET"]}}],"collection":[{"href":"https:\/\/contexto.inf.br\/index.php?rest_route=\/wp\/v2\/posts"}],"about":[{"href":"https:\/\/contexto.inf.br\/index.php?rest_route=\/wp\/v2\/types\/post"}],"author":[{"embeddable":true,"href":"https:\/\/contexto.inf.br\/index.php?rest_route=\/wp\/v2\/users\/2"}],"replies":[{"embeddable":true,"href":"https:\/\/contexto.inf.br\/index.php?rest_route=%2Fwp%2Fv2%2Fcomments&post=258"}],"version-history":[{"count":1,"href":"https:\/\/contexto.inf.br\/index.php?rest_route=\/wp\/v2\/posts\/258\/revisions"}],"predecessor-version":[{"id":260,"href":"https:\/\/contexto.inf.br\/index.php?rest_route=\/wp\/v2\/posts\/258\/revisions\/260"}],"wp:featuredmedia":[{"embeddable":true,"href":"https:\/\/contexto.inf.br\/index.php?rest_route=\/wp\/v2\/media\/259"}],"wp:attachment":[{"href":"https:\/\/contexto.inf.br\/index.php?rest_route=%2Fwp%2Fv2%2Fmedia&parent=258"}],"wp:term":[{"taxonomy":"category","embeddable":true,"href":"https:\/\/contexto.inf.br\/index.php?rest_route=%2Fwp%2Fv2%2Fcategories&post=258"},{"taxonomy":"post_tag","embeddable":true,"href":"https:\/\/contexto.inf.br\/index.php?rest_route=%2Fwp%2Fv2%2Ftags&post=258"}],"curies":[{"name":"wp","href":"https:\/\/api.w.org\/{rel}","templated":true}]}}