{"id":267,"date":"2024-07-12T22:55:34","date_gmt":"2024-07-12T22:55:34","guid":{"rendered":"https:\/\/contexto.inf.br\/?p=267"},"modified":"2024-07-12T22:55:34","modified_gmt":"2024-07-12T22:55:34","slug":"rascunho-22-sao-12-pre-candidatos-a-deputados-de-cianorte-troca-de-nomes-e-mulher-aparecem","status":"publish","type":"post","link":"https:\/\/contexto.inf.br\/?p=267","title":{"rendered":"Rascunho 22: S\u00e3o 12 Pr\u00e9 Candidatos a Deputados de Cianorte. Troca de Nomes e Mulher Aparecem"},"content":{"rendered":"<div class=\"wp-block-image\">\n<figure class=\"alignleft size-full is-resized\"><img loading=\"lazy\" decoding=\"async\" width=\"233\" height=\"175\" src=\"https:\/\/contexto.inf.br\/wp-content\/uploads\/2024\/07\/image-66.png\" alt=\"\" class=\"wp-image-268\" style=\"width:225px;height:auto\"\/><\/figure>\n<\/div>\n\n\n<p>14 de fev. de 2022 &#8211; <strong>Rascunho Pol\u00edtico Cianorte 2022<\/strong>. <strong>Ainda s\u00e3o 12 Pr\u00e9-Candidatos<\/strong> <strong>a Deputados de Cianorte.<\/strong> <strong>Troca de Nomes e <u>Mulher<\/u> Aparecem!<\/strong><\/p>\n\n\n\n<p id=\"viewer-abvq9\">Na mat\u00e9ria original de 17\/6\/2021 (<a target=\"_blank\" href=\"https:\/\/www.bisbinoticias.com.br\/post\/rascunho-pol%C3%ADtico-j%C3%A1-s%C3%A3o-12-os-pr%C3%A9-candidatos-a-deputados-de-cianorte\" rel=\"noreferrer noopener\"><u>dispon\u00edvel aqui<\/u><\/a>), eram 12 os nomes de pr\u00e9-candidatos a deputados estaduais e federais em Cianorte. Seus nomes sobressa\u00edram das an\u00e1lises hist\u00f3ricas das ocorr\u00eancias pol\u00edticas em Cianorte, na imagina\u00e7\u00e3o sociol\u00f3gica e dedu\u00e7\u00f5es de v\u00e1rios cidad\u00e3os. Ressalto que os nomes das pr\u00e9-candidatura adv\u00e9m de an\u00e1lises e conversas di\u00e1rias com a sociedade cianortense que comenta, e como de costume, as verdades v\u00e3o aparecendo, hora corrigindo, hora confirmando os fatos.<\/p>\n\n\n\n<p id=\"viewer-3q7gq\">Caso confirmem, os doze pr\u00e9-candidatos ao Legislativo Estadual ou Federal, juntos n\u00e3o garantem uma vaga legislativa exclusiva de Cianorte, nem estadual nem federal, pois s\u00e3o de v\u00e1rios partidos diferentes. Entretanto vale destacar que as elei\u00e7\u00f5es contam votos de quase 8 milh\u00f5es de paranaenses em 399 munic\u00edpios, ou seja, \u00e9 uma elei\u00e7\u00e3o que conta votos de Todo o Paran\u00e1, n\u00e3o apenas de uma cidade ou uma regi\u00e3o, logo, todos estes e quem sabe, mais alguns nomes, todos tem chances de se eleger se bem organizados.<\/p>\n\n\n\n<p id=\"viewer-9t5nd\">Para ser eleito deputado estadual o m\u00ednimo estimado \u00e9 20 mil votos individuais e 150 mil no partido, e deputado federal o m\u00ednimo s\u00e3o 25 mil votos individuais com 190 mil no partido. Disputas eleitorais, partid\u00e1rias e pol\u00edticas a parte, Cianorte pode e deve ter no m\u00ednimo um Deputado Estadual e um Deputado Federal eleitos em 2022. Se forem parceiros em uma &#8220;dobradinha&#8221; as chances aumentam.<\/p>\n\n\n\n<p id=\"viewer-7i6nb\">Faltam menos de 2 meses ao prazo final de filia\u00e7\u00f5es e mudan\u00e7as de partidos, logo, bem como estes nomes podem se confirmar nos pr\u00f3ximos dias, outros nomes podem se apresentar e reorganizar as expectativas pol\u00edticas em Cianorte.<\/p>\n\n\n\n<p id=\"viewer-8flam\"><strong><u>Pr\u00e9-candidatos a Deputados de Cianorte<\/u><\/strong><\/p>\n\n\n\n<p id=\"viewer-c1glf\"><strong><u>Carlos Destefano<\/u><\/strong> afirmou em entrevista a Revista CiaFm em 4\/12\/21 que seu foco \u00e9 a dire\u00e7\u00e3o do Ciscenop; <strong><u>Coronel Elias<\/u><\/strong> tamb\u00e9m afastou esta possibilidade em entrevista a Revista CiaFm de 6\/11\/21, disse que tem compromisso com a seguran\u00e7a e defesa social de Cianorte; <strong><u>Delegado Franscischin<\/u><\/strong>i foi cassado por fake-news e ainda n\u00e3o pode concorrer.<\/p>\n\n\n\n<p id=\"viewer-1htv0\"><strong><u>Domingos Cruz, Eliab Vieira Moreno, Pastor Dejair, Jo\u00e3o do Barbante e Jo\u00e3o Alexandre<\/u><\/strong> continuam nas conversas da sociedade cianortense e paranaense e tamb\u00e9m em di\u00e1logos de bastidores n\u00e3o confirmaram ainda. <strong><u>Jonas Guimar\u00e3es e Serginho Pereira<\/u><\/strong> j\u00e1 confirmaram pr\u00e9-candidatura.<\/p>\n\n\n\n<p id=\"viewer-c4dq0\">Outro nome popular e j\u00e1 analisado e avaliado pela popula\u00e7\u00e3o \u00e9 o educador <strong><u>Vitor Hugo Davan\u00e7o<\/u><\/strong><strong>.<\/strong> Vereador pela Rede de 2017 a 2020 e candidato a Prefeito em 2020, Davan\u00e7o \u00e9 pr\u00e9 candidato j\u00e1 aguardado a alguma cadeira legislativa na ALEP ou em Bras\u00edlia. Em termos de estrat\u00e9gia, pode escolher qual concorr\u00eancia ser\u00e1 melhor a seus projetos e n\u00fameros.<\/p>\n\n\n\n<p id=\"viewer-8h92a\">Entretanto, neste fim de semana (12\/2\/22) publicou em redes sociais sua sa\u00edda de uma Institui\u00e7\u00e3o de Ensino Superior privada e recebeu muitos cumprimentos de apoio a seu novo projeto profissional. Declarou tamb\u00e9m em grupos privados que n\u00e3o est\u00e1 filiado a nenhum partido pol\u00edtico e que sua dedica\u00e7\u00e3o ser\u00e1 exclusiva a nova atividade profissional. Ou seja, Vitor Hugo Davan\u00e7o n\u00e3o \u00e9 mais um pr\u00e9-candidato.<\/p>\n\n\n\n<p id=\"viewer-clnlj\">Motivos particulares a parte, at\u00e9 3 de Abril sua filia\u00e7\u00e3o em algum partido ainda \u00e9 poss\u00edvel e caso confirme n\u00e3o ser pr\u00e9-candidato, ainda tem voz ativa e influ\u00eancia nos bastidores da pol\u00edtica cianortense. Seja pr\u00e9-candidato ou n\u00e3o, posso desejar boa sorte na nova atividade profissional e que amizade e respeito continuam.<\/p>\n\n\n\n<p id=\"viewer-aje87\">A surpresa democr\u00e1tica \u00e9 a confirma\u00e7\u00e3o de <strong><u>Patricia Aleotti<\/u><\/strong> como &#8220;pr\u00e9-candidatA!&#8221; Bem ativa nas redes sociais, participou ativamente da campanha de 2020 como pr\u00e9-candidata a vereadora e depois na milit\u00e2ncia do prefeito eleito. Hoje tem di\u00e1logo direto com a c\u00fapula do Podemos onde se re\u00fane com frequ\u00eancia, inclusive com fotos a \u00c1lvaro Dias, Deltan Dallagnol, Fl\u00e1vio Arns e at\u00e9 Sergio Moro. Bem Vinda Patricia! A pol\u00edtica \u00e9 dificil e as mulheres podem e devem ter participa\u00e7\u00e3o efetiva no processo.<\/p>\n\n\n\n<p class=\"has-text-align-center\" id=\"viewer-cpscv\"><strong>Nossa Cianorte tem Potencial e Merece Mais!<\/strong>  <strong>Cianorte Merece Deputado(a)s Estaduais e Federais!<\/strong><\/p>\n\n\n\n<p id=\"viewer-8nlm5\">@profsta <a href=\"https:\/\/www.bisbilhoteiro.com.br\/colunas\/hashtags\/profsta\">#profsta<\/a> @contexto.inf<\/p>\n","protected":false},"excerpt":{"rendered":"<div class=\"mh-excerpt\"><p> <a class=\"mh-excerpt-more\" href=\"https:\/\/contexto.inf.br\/?p=267\" title=\"Rascunho 22: S\u00e3o 12 Pr\u00e9 Candidatos a Deputados de Cianorte. Troca de Nomes e Mulher Aparecem\"><\/a><\/p>\n<\/div>","protected":false},"author":2,"featured_media":268,"comment_status":"open","ping_status":"open","sticky":false,"template":"","format":"standard","meta":{"footnotes":""},"categories":[2,5],"tags":[],"class_list":{"0":"post-267","1":"post","2":"type-post","3":"status-publish","4":"format-standard","5":"has-post-thumbnail","7":"category-cianorte","8":"category-politica"},"_links":{"self":[{"href":"https:\/\/contexto.inf.br\/index.php?rest_route=\/wp\/v2\/posts\/267","targetHints":{"allow":["GET"]}}],"collection":[{"href":"https:\/\/contexto.inf.br\/index.php?rest_route=\/wp\/v2\/posts"}],"about":[{"href":"https:\/\/contexto.inf.br\/index.php?rest_route=\/wp\/v2\/types\/post"}],"author":[{"embeddable":true,"href":"https:\/\/contexto.inf.br\/index.php?rest_route=\/wp\/v2\/users\/2"}],"replies":[{"embeddable":true,"href":"https:\/\/contexto.inf.br\/index.php?rest_route=%2Fwp%2Fv2%2Fcomments&post=267"}],"version-history":[{"count":1,"href":"https:\/\/contexto.inf.br\/index.php?rest_route=\/wp\/v2\/posts\/267\/revisions"}],"predecessor-version":[{"id":269,"href":"https:\/\/contexto.inf.br\/index.php?rest_route=\/wp\/v2\/posts\/267\/revisions\/269"}],"wp:featuredmedia":[{"embeddable":true,"href":"https:\/\/contexto.inf.br\/index.php?rest_route=\/wp\/v2\/media\/268"}],"wp:attachment":[{"href":"https:\/\/contexto.inf.br\/index.php?rest_route=%2Fwp%2Fv2%2Fmedia&parent=267"}],"wp:term":[{"taxonomy":"category","embeddable":true,"href":"https:\/\/contexto.inf.br\/index.php?rest_route=%2Fwp%2Fv2%2Fcategories&post=267"},{"taxonomy":"post_tag","embeddable":true,"href":"https:\/\/contexto.inf.br\/index.php?rest_route=%2Fwp%2Fv2%2Ftags&post=267"}],"curies":[{"name":"wp","href":"https:\/\/api.w.org\/{rel}","templated":true}]}}