{"id":293,"date":"2024-07-12T23:18:39","date_gmt":"2024-07-12T23:18:39","guid":{"rendered":"https:\/\/contexto.inf.br\/?p=293"},"modified":"2024-07-12T23:18:39","modified_gmt":"2024-07-12T23:18:39","slug":"revista-ciafm-deste-sabado-26-fev-entrevista-serginho-assessor-da-casa-civil-governo-do-parana","status":"publish","type":"post","link":"https:\/\/contexto.inf.br\/?p=293","title":{"rendered":"Revista CiaFm deste S\u00e1bado 26\/Fev Entrevista Serginho: Assessor da Casa Civil &#8211; Governo do Paran\u00e1"},"content":{"rendered":"<div class=\"wp-block-image\">\n<figure class=\"alignleft size-full is-resized\"><img loading=\"lazy\" decoding=\"async\" width=\"233\" height=\"291\" src=\"https:\/\/contexto.inf.br\/wp-content\/uploads\/2024\/07\/image-75.png\" alt=\"\" class=\"wp-image-294\" style=\"width:218px;height:auto\"\/><\/figure>\n<\/div>\n\n\n<p>25 de fev. de 2022 &#8211; Neste S\u00e1bado 26\/Fev\/22 \u00e0s 12h tem <strong>Revista CiaFm !<\/strong> Informa\u00e7\u00e3o na Comunica\u00e7\u00e3o!<\/p>\n\n\n\n<p id=\"viewer-agcop\">Not\u00edcias, coment\u00e1rios, dicas culturais e divers\u00e3o com Stallone Ribeiro e uma Entrevista Especial com <strong><u>SERGINHO<\/u><\/strong> <strong><u>Assessor da Casa Civil do Paran\u00e1<\/u><\/strong><\/p>\n\n\n\n<p id=\"viewer-2n75t\">Pautas envolvem Projetos e Investimentos a Cianorte e Pol\u00edtica do Paran\u00e1 em 2022. Neste S\u00e1bado 26\/Fev\/22 \u00e0s 12h na <strong>Revista CiaFm!<\/strong> ciafm959.com<\/p>\n\n\n\n<p class=\"has-text-align-center\" id=\"viewer-2lfm\">@profsta &#x267b;&#xfe0f; <a href=\"https:\/\/www.bisbinoticias.com.br\/colunas\/hashtags\/profsta\" target=\"_blank\" rel=\"noreferrer noopener\"><u>#profsta<\/u><\/a> @contexto.inf<\/p>\n","protected":false},"excerpt":{"rendered":"<div class=\"mh-excerpt\"><p> <a class=\"mh-excerpt-more\" href=\"https:\/\/contexto.inf.br\/?p=293\" title=\"Revista CiaFm deste S\u00e1bado 26\/Fev Entrevista Serginho: Assessor da Casa Civil &#8211; Governo do Paran\u00e1\"><\/a><\/p>\n<\/div>","protected":false},"author":2,"featured_media":294,"comment_status":"open","ping_status":"open","sticky":false,"template":"","format":"standard","meta":{"footnotes":""},"categories":[2,13,3,5],"tags":[],"class_list":{"0":"post-293","1":"post","2":"type-post","3":"status-publish","4":"format-standard","5":"has-post-thumbnail","7":"category-cianorte","8":"category-entrevista","9":"category-parana","10":"category-politica"},"_links":{"self":[{"href":"https:\/\/contexto.inf.br\/index.php?rest_route=\/wp\/v2\/posts\/293","targetHints":{"allow":["GET"]}}],"collection":[{"href":"https:\/\/contexto.inf.br\/index.php?rest_route=\/wp\/v2\/posts"}],"about":[{"href":"https:\/\/contexto.inf.br\/index.php?rest_route=\/wp\/v2\/types\/post"}],"author":[{"embeddable":true,"href":"https:\/\/contexto.inf.br\/index.php?rest_route=\/wp\/v2\/users\/2"}],"replies":[{"embeddable":true,"href":"https:\/\/contexto.inf.br\/index.php?rest_route=%2Fwp%2Fv2%2Fcomments&post=293"}],"version-history":[{"count":1,"href":"https:\/\/contexto.inf.br\/index.php?rest_route=\/wp\/v2\/posts\/293\/revisions"}],"predecessor-version":[{"id":295,"href":"https:\/\/contexto.inf.br\/index.php?rest_route=\/wp\/v2\/posts\/293\/revisions\/295"}],"wp:featuredmedia":[{"embeddable":true,"href":"https:\/\/contexto.inf.br\/index.php?rest_route=\/wp\/v2\/media\/294"}],"wp:attachment":[{"href":"https:\/\/contexto.inf.br\/index.php?rest_route=%2Fwp%2Fv2%2Fmedia&parent=293"}],"wp:term":[{"taxonomy":"category","embeddable":true,"href":"https:\/\/contexto.inf.br\/index.php?rest_route=%2Fwp%2Fv2%2Fcategories&post=293"},{"taxonomy":"post_tag","embeddable":true,"href":"https:\/\/contexto.inf.br\/index.php?rest_route=%2Fwp%2Fv2%2Ftags&post=293"}],"curies":[{"name":"wp","href":"https:\/\/api.w.org\/{rel}","templated":true}]}}