{"id":300,"date":"2024-07-12T23:23:25","date_gmt":"2024-07-12T23:23:25","guid":{"rendered":"https:\/\/contexto.inf.br\/?p=300"},"modified":"2024-07-12T23:23:25","modified_gmt":"2024-07-12T23:23:25","slug":"cianorte-2022-o-que-vem-por-ai","status":"publish","type":"post","link":"https:\/\/contexto.inf.br\/?p=300","title":{"rendered":"Cianorte 2022: O que Vem por A\u00ed?"},"content":{"rendered":"<div class=\"wp-block-image\">\n<figure class=\"alignleft size-full\"><img loading=\"lazy\" decoding=\"async\" width=\"233\" height=\"175\" src=\"https:\/\/contexto.inf.br\/wp-content\/uploads\/2024\/07\/image-77.png\" alt=\"\" class=\"wp-image-301\"\/><\/figure>\n<\/div>\n\n\n<p>28 de fev. de 2022 &#8211; Existe um ditado popular que &#8220;o ano s\u00f3 come\u00e7a depois do Carnaval&#8221;&#8230; Mentira! Os planos e projetos come\u00e7am bem antes, alguns h\u00e1 v\u00e1rios meses antes.<\/p>\n\n\n\n<p id=\"viewer-bc34d\">\u00c9 o caso dos programas pol\u00edticos que s\u00e3o pensados e amadurecidos nos planejamentos de campanhas, divulgados nas elei\u00e7\u00f5es e postos em projetos de Leis, pr\u00e1ticas or\u00e7ament\u00e1rias e obras assim que uma nova gest\u00e3o se inicia.<\/p>\n\n\n\n<p id=\"viewer-avp38\">Nestes termos em 2022 Cianorte tem v\u00e1rios projetos de Leis, pr\u00e1ticas or\u00e7ament\u00e1rias e &#8220;obras&#8221; a se desenvolverem. Vejamos alguns projetos pol\u00eamicos e outros h\u00e1 muito esperados pela nossa popula\u00e7\u00e3o:<\/p>\n\n\n\n<p id=\"viewer-ad0gq\"><strong>1 &#8211; Reforma da Previd\u00eancia Municipal<\/strong>: Projeto teve aprova\u00e7\u00e3o em primeira vota\u00e7\u00e3o em 2021 e pedido de vistas na segunda vota\u00e7\u00e3o para se buscar auditoria na CAPSECI. Auditoria n\u00e3o saiu e prazo do pedido de vistas est\u00e1 quase no fim. Ainda em Mar\u00e7o projeto pode voltar a di\u00e1logo na C\u00e2mara Legislativa;<\/p>\n\n\n\n<p id=\"viewer-20l7d\"><strong>2 &#8211; Reajuste dos Servidores Municipais \u00e9 anunciado em +11%<\/strong> pelo executivo. Pauta deve ser facilmente aprovada na C\u00e2mara, mas cancelamento dos -4.5% em Novembro de 2021 vai assombrar c\u00e1lculos dos rendimentos e categoria dos Educadores tendem a levantar debate sobre os +33% do Piso Nacional do Magist\u00e9rio anunciado em Janeiro\/22 pelo presidente Jair Bolsonaro com base no FUNDEB;<\/p>\n\n\n\n<p id=\"viewer-3pe4j\"><strong>3 &#8211; Duplica\u00e7\u00e3o da Avenida Makio Sato<\/strong> j\u00e1 est\u00e1 em fase final e promete ainda v\u00e1rias manobras administrativas e ambientais como sinaliza\u00e7\u00f5es, c\u00e2meras, passagem de animais (a\u00e9reas e subterr\u00e2neas) e controle do fluxo nas rotat\u00f3rias de entradas e sa\u00eddas como no final da Av Mato Grosso (Zona 1) e na entrada do Jardim Atl\u00e2ntico (Zona Oeste) com rua J\u00e1como Zamberlan e rua Laguna. Apesar de duplicada, ainda h\u00e1 2 rotat\u00f3rias de controle nas entradas e sa\u00eddas da nova avenida que corta o Parque Cintur\u00e3o Verde;<\/p>\n\n\n\n<p id=\"viewer-2pc9e\"><strong>4 &#8211; Audi\u00eancia p\u00fablica sobre Meio Ambiente<\/strong> agendada para 24\/Fevereiro e adiada para 7\/Abril promete apontar problemas e solu\u00e7\u00f5es ao Meio Ambiente de Cianorte e \u00c1rvores da Avenida Para\u00edba plantadas por um grupo de amigos cianortenses no final de Janeiro e retiradas pela prefeitura no \u00faltimo s\u00e1bado 26\/2 podem esquentar o di\u00e1logo;<\/p>\n\n\n\n<p id=\"viewer-bmca2\"><strong>5 &#8211; Parque Urbano projetado ao Parque Manduhi<\/strong> \u00e9 obra esperada e passa por alguns questionamentos de ordem ambiental e or\u00e7ament\u00e1ria. MP PR e GAEMA da regi\u00e3o de Curitiba questionam se or\u00e7amento dos Parques Urbanos defendidos pelo IAT\/SEDEST \u00e9 recurso pr\u00f3prio ou de uma indeniza\u00e7\u00e3o da Petrobras quanto a derrame de \u00f3leo em 2000. Se for dinheiro da indeniza\u00e7\u00e3o da Petrobr\u00e1s, GAEMA e MPPR pedem embargo das obras e devolu\u00e7\u00e3o dos recursos. (A\u00e7\u00e3o Civil P\u00fablica (N\u00b0 5071436-43.2014.4.04.7000 do MPPR\/GAEMA) que levanta suspei\u00e7\u00e3o sobre o uso dos valores da indeniza\u00e7\u00e3o da Petrobras pelo IAT\/SEDEST PR); <strong>6 &#8211; Subprefeituras em Cianorte<\/strong>, projeto prev\u00ea cria\u00e7\u00e3o de 4 subprefeituras em Cianorte para aproximar gest\u00e3o do cidad\u00e3o, bem como planejar e executar pol\u00edticas p\u00fablicas.<\/p>\n\n\n\n<p id=\"viewer-98p49\"><strong>7 &#8211; AME &#8211; Ambulat\u00f3rio de Especialidades M\u00e9dicas<\/strong> promete ser anunciado e iniciado ainda no primeiro semestre de 2022. Prefeito Marco Franzato em v\u00e1rios discursos, Carlos Dest\u00e9fano diretor do CISCENOP, Beto Preto Secret\u00e1rio de Sa\u00fade do Paran\u00e1 e Serginho de Vidigal Assessor da Casa Civil, confirmaram projeto \u00e0 Revista CiaFM em entrevistas no final de 2021 e in\u00edcio de 2022;<\/p>\n\n\n\n<p id=\"viewer-8ocnq\"><strong>8 &#8211; 500 Casas Populares<\/strong> ser\u00e3o constru\u00eddas para moradia popular em Cianorte. Terrenos e or\u00e7amentos j\u00e1 est\u00e3o reservados;<\/p>\n\n\n\n<p id=\"viewer-eq286\"><strong>9 &#8211; Batalh\u00e3o da Pol\u00edcia Militar<\/strong>, a 5\u00aa Cia. Independente da Pol\u00edcia Militar de Cianorte tende a ser reclassificada e reorganizada em estrutura f\u00edsica e administrativa para se tornar Batalh\u00e3o de Pol\u00edcia, uma organiza\u00e7\u00e3o mais ampla que pode trazer mais equipamentos e efetivo policial a Cianorte e regi\u00e3o. An\u00fancio foi realizado por Serginho (Assessor da Casa Civil) em entrevista a Revista CiaFM neste s\u00e1bado 26\/2;<\/p>\n\n\n\n<p id=\"viewer-ej2km\"><strong>10 &#8211; IML, Delegacia Cidad\u00e3, Escola de PMs, de Bombeiros e Restaurante Popular<\/strong> s\u00e3o outros projetos a sa\u00edrem do papel em 2022 e melhorar atendimento a popula\u00e7\u00e3o de Cianorte e regi\u00e3o. O IML j\u00e1 tem terreno doado pelo munic\u00edpio pr\u00f3ximo ao Tiro de Guerra e mercado Paran\u00e1; Delegacia Cidad\u00e3 promete melhorar atendimento da Delegacia de Pol\u00edcia Civil e &#8220;cadeia&#8221; sair do bairro residencial; Policiais e Bombeiros aprovados em Concurso ser\u00e3o convocados, treinados e ao menos 25 bombeiros destinados a Cianorte. Chances de transfer\u00eancias de efetivos da PM e Bombeiros deve ser averiguada com comandantes sobre processo ainda n\u00e3o agendado; E Restaurante Popular \u00e9 projeto j\u00e1 anunciado e esperado para ter comida boa a pre\u00e7o acess\u00edvel, principalmente para pessoas em situa\u00e7\u00e3o de vulnerabilidade social.<\/p>\n\n\n\n<p id=\"viewer-49pes\"><strong>11 &#8211; Elei\u00e7\u00f5es 2022<\/strong>: Como se v\u00ea, se l\u00ea e se ouve, Cianorte ter\u00e1 muitos destaques em 2022. Escolhi 10 para resumir alguns pontos e agora no fim fazer o \u00faltimo destaque: Neste 2022 tem Corrida Eleitoral a deputados estaduais, deputados federais, senador, governo do Estado e Presid\u00eancia. Elei\u00e7\u00f5es 2022 tamb\u00e9m vai agitar Cianorte!<\/p>\n\n\n\n<p class=\"has-text-align-center\" id=\"viewer-cnrrd\">@profsta <a href=\"https:\/\/www.bisbilhoteiro.com.br\/colunas\/hashtags\/profsta\">#profsta<\/a> @contexto.inf<\/p>\n","protected":false},"excerpt":{"rendered":"<div class=\"mh-excerpt\"><p> <a class=\"mh-excerpt-more\" href=\"https:\/\/contexto.inf.br\/?p=300\" title=\"Cianorte 2022: O que Vem por A\u00ed?\"><\/a><\/p>\n<\/div>","protected":false},"author":2,"featured_media":301,"comment_status":"open","ping_status":"open","sticky":false,"template":"","format":"standard","meta":{"footnotes":""},"categories":[2,25,5],"tags":[],"class_list":{"0":"post-300","1":"post","2":"type-post","3":"status-publish","4":"format-standard","5":"has-post-thumbnail","7":"category-cianorte","8":"category-investimentos","9":"category-politica"},"_links":{"self":[{"href":"https:\/\/contexto.inf.br\/index.php?rest_route=\/wp\/v2\/posts\/300","targetHints":{"allow":["GET"]}}],"collection":[{"href":"https:\/\/contexto.inf.br\/index.php?rest_route=\/wp\/v2\/posts"}],"about":[{"href":"https:\/\/contexto.inf.br\/index.php?rest_route=\/wp\/v2\/types\/post"}],"author":[{"embeddable":true,"href":"https:\/\/contexto.inf.br\/index.php?rest_route=\/wp\/v2\/users\/2"}],"replies":[{"embeddable":true,"href":"https:\/\/contexto.inf.br\/index.php?rest_route=%2Fwp%2Fv2%2Fcomments&post=300"}],"version-history":[{"count":1,"href":"https:\/\/contexto.inf.br\/index.php?rest_route=\/wp\/v2\/posts\/300\/revisions"}],"predecessor-version":[{"id":302,"href":"https:\/\/contexto.inf.br\/index.php?rest_route=\/wp\/v2\/posts\/300\/revisions\/302"}],"wp:featuredmedia":[{"embeddable":true,"href":"https:\/\/contexto.inf.br\/index.php?rest_route=\/wp\/v2\/media\/301"}],"wp:attachment":[{"href":"https:\/\/contexto.inf.br\/index.php?rest_route=%2Fwp%2Fv2%2Fmedia&parent=300"}],"wp:term":[{"taxonomy":"category","embeddable":true,"href":"https:\/\/contexto.inf.br\/index.php?rest_route=%2Fwp%2Fv2%2Fcategories&post=300"},{"taxonomy":"post_tag","embeddable":true,"href":"https:\/\/contexto.inf.br\/index.php?rest_route=%2Fwp%2Fv2%2Ftags&post=300"}],"curies":[{"name":"wp","href":"https:\/\/api.w.org\/{rel}","templated":true}]}}