{"id":303,"date":"2024-07-12T23:27:03","date_gmt":"2024-07-12T23:27:03","guid":{"rendered":"https:\/\/contexto.inf.br\/?p=303"},"modified":"2024-07-12T23:27:03","modified_gmt":"2024-07-12T23:27:03","slug":"revista-ciafm-deste-5-3-entrevista-2-ex-candidatas-a-vice-prefeitas-monica-albieri-e-ana-floripes","status":"publish","type":"post","link":"https:\/\/contexto.inf.br\/?p=303","title":{"rendered":"Revista CiaFm deste 5\/3 Entrevista 2 ex Candidatas a Vice-Prefeitas! M\u00f4nica Albieri e Ana Floripes"},"content":{"rendered":"<div class=\"wp-block-image\">\n<figure class=\"alignleft size-full is-resized\"><img loading=\"lazy\" decoding=\"async\" width=\"253\" height=\"316\" src=\"https:\/\/contexto.inf.br\/wp-content\/uploads\/2024\/07\/image-78.png\" alt=\"\" class=\"wp-image-304\" style=\"width:248px;height:auto\" srcset=\"https:\/\/contexto.inf.br\/wp-content\/uploads\/2024\/07\/image-78.png 253w, https:\/\/contexto.inf.br\/wp-content\/uploads\/2024\/07\/image-78-240x300.png 240w\" sizes=\"auto, (max-width: 253px) 100vw, 253px\" \/><\/figure>\n<\/div>\n\n\n<p>4 de mar. de 2022 &#8211; Neste S\u00e1bado 05 de Mar\u00e7o de 22 \u00e0s 12h tem <strong>Revista CiaFm !<\/strong> Informa\u00e7\u00e3o na Comunica\u00e7\u00e3o!<\/p>\n\n\n\n<p id=\"viewer-drhkb\">Not\u00edcias, coment\u00e1rios, dicas culturais e divers\u00e3o com Stallone Ribeiro e uma Entrevista Especial com duas Ex-Candidatas a Vice-Prefeitas em Cianorte 2020: <strong><u>Dr\u00aa M\u00f4nica Francielle Albieri<\/u><\/strong> Advogada e <strong><u>Ana Floripes Berbet Gentilin<\/u><\/strong> Professora.<\/p>\n\n\n\n<p id=\"viewer-drhkb\">Pautas envolvem a Import\u00e2ncia da Mulher na Sociedade e na Pol\u00edtica. Neste S\u00e1bado 05\/Mar\u00e7o\/22 \u00e0s 12h na <strong>Revista CiaFm!<\/strong> ciafm959.com<\/p>\n\n\n\n<p class=\"has-text-align-center\" id=\"viewer-69r80\">@profsta &#x267b;&#xfe0f; <a href=\"https:\/\/www.bisbinoticias.com.br\/colunas\/hashtags\/profsta\" target=\"_blank\" rel=\"noreferrer noopener\"><u>#profsta<\/u><\/a> @contexto.inf<\/p>\n","protected":false},"excerpt":{"rendered":"<div class=\"mh-excerpt\"><p> <a class=\"mh-excerpt-more\" href=\"https:\/\/contexto.inf.br\/?p=303\" title=\"Revista CiaFm deste 5\/3 Entrevista 2 ex Candidatas a Vice-Prefeitas! M\u00f4nica Albieri e Ana Floripes\"><\/a><\/p>\n<\/div>","protected":false},"author":2,"featured_media":304,"comment_status":"open","ping_status":"open","sticky":false,"template":"","format":"standard","meta":{"footnotes":""},"categories":[2,6,13,30],"tags":[],"class_list":{"0":"post-303","1":"post","2":"type-post","3":"status-publish","4":"format-standard","5":"has-post-thumbnail","7":"category-cianorte","8":"category-direitos-sociais","9":"category-entrevista","10":"category-mulheres"},"_links":{"self":[{"href":"https:\/\/contexto.inf.br\/index.php?rest_route=\/wp\/v2\/posts\/303","targetHints":{"allow":["GET"]}}],"collection":[{"href":"https:\/\/contexto.inf.br\/index.php?rest_route=\/wp\/v2\/posts"}],"about":[{"href":"https:\/\/contexto.inf.br\/index.php?rest_route=\/wp\/v2\/types\/post"}],"author":[{"embeddable":true,"href":"https:\/\/contexto.inf.br\/index.php?rest_route=\/wp\/v2\/users\/2"}],"replies":[{"embeddable":true,"href":"https:\/\/contexto.inf.br\/index.php?rest_route=%2Fwp%2Fv2%2Fcomments&post=303"}],"version-history":[{"count":1,"href":"https:\/\/contexto.inf.br\/index.php?rest_route=\/wp\/v2\/posts\/303\/revisions"}],"predecessor-version":[{"id":305,"href":"https:\/\/contexto.inf.br\/index.php?rest_route=\/wp\/v2\/posts\/303\/revisions\/305"}],"wp:featuredmedia":[{"embeddable":true,"href":"https:\/\/contexto.inf.br\/index.php?rest_route=\/wp\/v2\/media\/304"}],"wp:attachment":[{"href":"https:\/\/contexto.inf.br\/index.php?rest_route=%2Fwp%2Fv2%2Fmedia&parent=303"}],"wp:term":[{"taxonomy":"category","embeddable":true,"href":"https:\/\/contexto.inf.br\/index.php?rest_route=%2Fwp%2Fv2%2Fcategories&post=303"},{"taxonomy":"post_tag","embeddable":true,"href":"https:\/\/contexto.inf.br\/index.php?rest_route=%2Fwp%2Fv2%2Ftags&post=303"}],"curies":[{"name":"wp","href":"https:\/\/api.w.org\/{rel}","templated":true}]}}