{"id":357,"date":"2024-07-13T14:09:25","date_gmt":"2024-07-13T17:09:25","guid":{"rendered":"https:\/\/contexto.inf.br\/?p=357"},"modified":"2024-07-13T14:09:26","modified_gmt":"2024-07-13T17:09:26","slug":"entrevista-de-serginho-a-revista-ciafm-26-fev-22-agora-em-video","status":"publish","type":"post","link":"https:\/\/contexto.inf.br\/?p=357","title":{"rendered":"Entrevista de Serginho a Revista CiaFm 26\/Fev\/22 Agora em V\u00eddeo"},"content":{"rendered":"<div class=\"wp-block-image\">\n<figure class=\"alignleft size-full\"><img loading=\"lazy\" decoding=\"async\" width=\"172\" height=\"215\" src=\"https:\/\/contexto.inf.br\/wp-content\/uploads\/2024\/07\/image-92.png\" alt=\"\" class=\"wp-image-358\"\/><\/figure>\n<\/div>\n\n\n<p class=\"has-text-align-left\">23 de mar. de 2022 &#8211; Serginho, ex Vereador, ex Vice-Prefeito e agora Assessor da Casa Civil do Estado do Paran\u00e1 esteve nos est\u00fadios da CiaFM 95.9 e partilhou muita boa informa\u00e7\u00e3o.<\/p>\n\n\n\n<p class=\"has-text-align-left\" id=\"viewer-bkrfe\">Foram anunciados obras como IML, Delegacia Cidad\u00e3, Restaurante Popular, escola de Policiais e de Bombeiros, AME &#8211; Ambulat\u00f3rio M\u00e9dico de Especialidades, asfaltamento de estradas rurais como Jussara a Vidigal e muitas outras boas informa\u00e7\u00f5es a Cianorte e regi\u00e3o.<\/p>\n\n\n\n<p class=\"has-text-align-left\" id=\"viewer-7svq5\">Assista Aqui a Entrevista do nosso Serginho de Vidigal, Assessor da Casa Civil e pr\u00e9-candidato a deputado estadual no Paran\u00e1.<\/p>\n\n\n\n<p class=\"has-text-align-center\"><a href=\"http:\/\/contexto.inf.br\">@profsta #profsta @contexto.inf<\/a><\/p>\n\n\n\n<figure class=\"wp-block-embed aligncenter is-type-video is-provider-youtube wp-block-embed-youtube wp-embed-aspect-16-9 wp-has-aspect-ratio\"><div class=\"wp-block-embed__wrapper\">\n<iframe loading=\"lazy\" title=\"Revista CiaFM 26Fev Serginho Vidigal Ass Casa Civil PR\" width=\"500\" height=\"281\" src=\"https:\/\/www.youtube.com\/embed\/msnPnbyny8A?feature=oembed\" frameborder=\"0\" allow=\"accelerometer; autoplay; clipboard-write; encrypted-media; gyroscope; picture-in-picture; web-share\" referrerpolicy=\"strict-origin-when-cross-origin\" allowfullscreen><\/iframe>\n<\/div><\/figure>\n","protected":false},"excerpt":{"rendered":"<div class=\"mh-excerpt\"><p> <a class=\"mh-excerpt-more\" href=\"https:\/\/contexto.inf.br\/?p=357\" title=\"Entrevista de Serginho a Revista CiaFm 26\/Fev\/22 Agora em V\u00eddeo\"><\/a><\/p>\n<\/div>","protected":false},"author":2,"featured_media":358,"comment_status":"open","ping_status":"open","sticky":false,"template":"","format":"standard","meta":{"footnotes":""},"categories":[2,13,3,5,32],"tags":[],"class_list":{"0":"post-357","1":"post","2":"type-post","3":"status-publish","4":"format-standard","5":"has-post-thumbnail","7":"category-cianorte","8":"category-entrevista","9":"category-parana","10":"category-politica","11":"category-_em-foco"},"_links":{"self":[{"href":"https:\/\/contexto.inf.br\/index.php?rest_route=\/wp\/v2\/posts\/357","targetHints":{"allow":["GET"]}}],"collection":[{"href":"https:\/\/contexto.inf.br\/index.php?rest_route=\/wp\/v2\/posts"}],"about":[{"href":"https:\/\/contexto.inf.br\/index.php?rest_route=\/wp\/v2\/types\/post"}],"author":[{"embeddable":true,"href":"https:\/\/contexto.inf.br\/index.php?rest_route=\/wp\/v2\/users\/2"}],"replies":[{"embeddable":true,"href":"https:\/\/contexto.inf.br\/index.php?rest_route=%2Fwp%2Fv2%2Fcomments&post=357"}],"version-history":[{"count":1,"href":"https:\/\/contexto.inf.br\/index.php?rest_route=\/wp\/v2\/posts\/357\/revisions"}],"predecessor-version":[{"id":360,"href":"https:\/\/contexto.inf.br\/index.php?rest_route=\/wp\/v2\/posts\/357\/revisions\/360"}],"wp:featuredmedia":[{"embeddable":true,"href":"https:\/\/contexto.inf.br\/index.php?rest_route=\/wp\/v2\/media\/358"}],"wp:attachment":[{"href":"https:\/\/contexto.inf.br\/index.php?rest_route=%2Fwp%2Fv2%2Fmedia&parent=357"}],"wp:term":[{"taxonomy":"category","embeddable":true,"href":"https:\/\/contexto.inf.br\/index.php?rest_route=%2Fwp%2Fv2%2Fcategories&post=357"},{"taxonomy":"post_tag","embeddable":true,"href":"https:\/\/contexto.inf.br\/index.php?rest_route=%2Fwp%2Fv2%2Ftags&post=357"}],"curies":[{"name":"wp","href":"https:\/\/api.w.org\/{rel}","templated":true}]}}