{"id":367,"date":"2024-07-13T14:18:52","date_gmt":"2024-07-13T17:18:52","guid":{"rendered":"https:\/\/contexto.inf.br\/?p=367"},"modified":"2024-07-13T14:18:53","modified_gmt":"2024-07-13T17:18:53","slug":"cpi-em-cianorte-investigacoes-sobre-obras-privadas-em-terrenos-publicos-comeca-em-abril","status":"publish","type":"post","link":"https:\/\/contexto.inf.br\/?p=367","title":{"rendered":"CPI em Cianorte! Investiga\u00e7\u00f5es sobre Obras Privadas em Terrenos P\u00fablicos come\u00e7a em Abril"},"content":{"rendered":"<div class=\"wp-block-image\">\n<figure class=\"alignleft size-full\"><img loading=\"lazy\" decoding=\"async\" width=\"233\" height=\"233\" src=\"https:\/\/contexto.inf.br\/wp-content\/uploads\/2024\/07\/image-95.png\" alt=\"\" class=\"wp-image-368\" srcset=\"https:\/\/contexto.inf.br\/wp-content\/uploads\/2024\/07\/image-95.png 233w, https:\/\/contexto.inf.br\/wp-content\/uploads\/2024\/07\/image-95-150x150.png 150w\" sizes=\"auto, (max-width: 233px) 100vw, 233px\" \/><\/figure>\n<\/div>\n\n\n<p>28 de mar. de 2022 &#8211; O ver\u00e3o acabou, mas o clima continua a esquentar na pol\u00edtica cianortense. Na sess\u00e3o ainda em andamento na noite desta segunda-feira 28\/3\/2022, um requerimento da mesa diretora anuncia que na pr\u00f3xima sess\u00e3o, j\u00e1 em Abril, ser\u00e1 instalada uma CPI para investigar doa\u00e7\u00f5es de terrenos p\u00fablicos e obras\/constru\u00e7\u00f5es de empresas privadas em terrenos p\u00fablicos sem o devido processo legal.<\/p>\n\n\n\n<p id=\"viewer-8lpju\">O requerimento cita que o prazo de investiga\u00e7\u00f5es ir\u00e1 envolver os \u00faltimos 20 anos. Conforme alguns vereadores apresentaram na fala individual de cada um, j\u00e1 h\u00e1 provas de irregularidades e por isso a CPI foi aceita e a sua equipe de investiga\u00e7\u00e3o ser\u00e1 composta na pr\u00f3xima sess\u00e3o. A Investiga\u00e7\u00e3o levar\u00e1 120 dias.<\/p>\n\n\n\n<p id=\"viewer-2v0r0\">Uma surpresa para n\u00f3s da imprensa e sociedade cianortense, inclusive para alguns vereadores, mas regimentalmente, uma garantia da minoria, uma vez que 1\/3 dos parlamentares j\u00e1 basta para abrir a CPI.<\/p>\n\n\n\n<p id=\"viewer-16kvl\">Falando de &#8220;calor&#8221;, ainda bem que as sess\u00f5es s\u00e3o transmitidas pelas redes sociais e a Imprensa Livre pode acompanhar a dist\u00e2ncia as &#8220;erup\u00e7\u00f5es&#8221; de alguns argumentos de defesa e de ataque que espalham &#8220;fogo&#8221; pra todo lado! Clima tenso j\u00e1 deixa n\u00edtido o embate entre dois grupos bem definidos quanto a 1 apoiar o executivo (a cl\u00e1ssica situa\u00e7\u00e3o) e outro cr\u00edtico e independente (que podemos classificar como oposi\u00e7\u00e3o). Destaco eu que a <strong><u>Independ\u00eancia Legislativa \u00e9 valor estruturante da Democracia<\/u><\/strong> e seja em defesa ou cr\u00edtica, todo e qualquer vereador ou vereadora deve ser respeitado.<\/p>\n\n\n\n<p id=\"viewer-541mo\">Apesar de estar a dist\u00e2ncia e 100% conectado nas sess\u00f5es da C\u00e2mara e dos projetos do Executivo, gostei muito do di\u00e1logo de hoje sobre a cria\u00e7\u00e3o da CPI e di\u00e1logo sobre a n\u00e3o cria\u00e7\u00e3o da secretaria de comunica\u00e7\u00e3o com 3 cargos comissionados.<\/p>\n\n\n\n<p id=\"viewer-crdrv\">\u00c9 isso a\u00ed, Parab\u00e9ns Vereadores! Projetos devem ser Debatidos e Di\u00e1logo Respeitoso base do detalhamento e m\u00e1ximo entendimento dos projetos! Assim se faz o consenso e o progresso!<\/p>\n\n\n\n<p class=\"has-text-align-center\" id=\"viewer-34bjd\"><a href=\"http:\/\/contexto.inf.br\">@profsta #profsta @contexto.inf<\/a><\/p>\n","protected":false},"excerpt":{"rendered":"<div class=\"mh-excerpt\"><p> <a class=\"mh-excerpt-more\" href=\"https:\/\/contexto.inf.br\/?p=367\" title=\"CPI em Cianorte! Investiga\u00e7\u00f5es sobre Obras Privadas em Terrenos P\u00fablicos come\u00e7a em Abril\"><\/a><\/p>\n<\/div>","protected":false},"author":2,"featured_media":368,"comment_status":"open","ping_status":"open","sticky":false,"template":"","format":"standard","meta":{"footnotes":""},"categories":[2,6,15,5,32],"tags":[],"class_list":{"0":"post-367","1":"post","2":"type-post","3":"status-publish","4":"format-standard","5":"has-post-thumbnail","7":"category-cianorte","8":"category-direitos-sociais","9":"category-justica","10":"category-politica","11":"category-_em-foco"},"_links":{"self":[{"href":"https:\/\/contexto.inf.br\/index.php?rest_route=\/wp\/v2\/posts\/367","targetHints":{"allow":["GET"]}}],"collection":[{"href":"https:\/\/contexto.inf.br\/index.php?rest_route=\/wp\/v2\/posts"}],"about":[{"href":"https:\/\/contexto.inf.br\/index.php?rest_route=\/wp\/v2\/types\/post"}],"author":[{"embeddable":true,"href":"https:\/\/contexto.inf.br\/index.php?rest_route=\/wp\/v2\/users\/2"}],"replies":[{"embeddable":true,"href":"https:\/\/contexto.inf.br\/index.php?rest_route=%2Fwp%2Fv2%2Fcomments&post=367"}],"version-history":[{"count":1,"href":"https:\/\/contexto.inf.br\/index.php?rest_route=\/wp\/v2\/posts\/367\/revisions"}],"predecessor-version":[{"id":371,"href":"https:\/\/contexto.inf.br\/index.php?rest_route=\/wp\/v2\/posts\/367\/revisions\/371"}],"wp:featuredmedia":[{"embeddable":true,"href":"https:\/\/contexto.inf.br\/index.php?rest_route=\/wp\/v2\/media\/368"}],"wp:attachment":[{"href":"https:\/\/contexto.inf.br\/index.php?rest_route=%2Fwp%2Fv2%2Fmedia&parent=367"}],"wp:term":[{"taxonomy":"category","embeddable":true,"href":"https:\/\/contexto.inf.br\/index.php?rest_route=%2Fwp%2Fv2%2Fcategories&post=367"},{"taxonomy":"post_tag","embeddable":true,"href":"https:\/\/contexto.inf.br\/index.php?rest_route=%2Fwp%2Fv2%2Ftags&post=367"}],"curies":[{"name":"wp","href":"https:\/\/api.w.org\/{rel}","templated":true}]}}