{"id":372,"date":"2024-07-13T14:22:04","date_gmt":"2024-07-13T17:22:04","guid":{"rendered":"https:\/\/contexto.inf.br\/?p=372"},"modified":"2024-07-13T14:22:42","modified_gmt":"2024-07-13T17:22:42","slug":"revista-ciafm-deste-sabado-2-abril-entrevista-dom-joao-mamede-bispo-diocesano-de-umuarama","status":"publish","type":"post","link":"https:\/\/contexto.inf.br\/?p=372","title":{"rendered":"Revista CiaFm deste S\u00e1bado 2\/Abril Entrevista Dom Jo\u00e3o Mamede Bispo Diocesano de Umuarama"},"content":{"rendered":"<div class=\"wp-block-image\">\n<figure class=\"alignleft size-full is-resized\"><img loading=\"lazy\" decoding=\"async\" width=\"493\" height=\"617\" src=\"https:\/\/contexto.inf.br\/wp-content\/uploads\/2024\/07\/image-96.png\" alt=\"\" class=\"wp-image-373\" style=\"width:324px;height:auto\" srcset=\"https:\/\/contexto.inf.br\/wp-content\/uploads\/2024\/07\/image-96.png 493w, https:\/\/contexto.inf.br\/wp-content\/uploads\/2024\/07\/image-96-240x300.png 240w\" sizes=\"auto, (max-width: 493px) 100vw, 493px\" \/><\/figure>\n<\/div>\n\n\n<p>1 de abr. de 2022 &#8211; Neste S\u00e1bado 02\/Abril\/22 \u00e0s 12h tem <strong>Revista CiaFm !<\/strong> Informa\u00e7\u00e3o na Comunica\u00e7\u00e3o!<\/p>\n\n\n\n<p id=\"viewer-2c0fn\">Not\u00edcias, coment\u00e1rios, dicas culturais e divers\u00e3o com Stallone Ribeiro e uma Entrevista Especial com <strong><u>Dom Jo\u00e3o Mamede<\/u><\/strong> <strong>Bispo Diocesano de Umuarama<\/strong><\/p>\n\n\n\n<p id=\"viewer-798dt\">Pautas envolvem Quaresma, P\u00e1scoa, Campanha da Fraternidade 2022 e Quase Par\u00f3quias de Cianorte.<\/p>\n\n\n\n<p id=\"viewer-1nt2q\">Neste S\u00e1bado 02\/Abril\/22 \u00e0s 12h na <strong>Revista CiaFm!<\/strong><\/p>\n\n\n\n<p id=\"viewer-63hg7\">ciafm959.com<\/p>\n\n\n\n<p class=\"has-text-align-center\" id=\"viewer-98f3v\"><a href=\"http:\/\/contexto.inf.br\">@profsta #profsta @contexto.inf<\/a><\/p>\n","protected":false},"excerpt":{"rendered":"<div class=\"mh-excerpt\"><p> <a class=\"mh-excerpt-more\" href=\"https:\/\/contexto.inf.br\/?p=372\" title=\"Revista CiaFm deste S\u00e1bado 2\/Abril Entrevista Dom Jo\u00e3o Mamede Bispo Diocesano de Umuarama\"><\/a><\/p>\n<\/div>","protected":false},"author":2,"featured_media":373,"comment_status":"open","ping_status":"open","sticky":false,"template":"","format":"standard","meta":{"footnotes":""},"categories":[10,13,33,31,32],"tags":[],"class_list":{"0":"post-372","1":"post","2":"type-post","3":"status-publish","4":"format-standard","5":"has-post-thumbnail","7":"category-cultura","8":"category-entrevista","9":"category-espiritualidade","10":"category-_destaque","11":"category-_em-foco"},"_links":{"self":[{"href":"https:\/\/contexto.inf.br\/index.php?rest_route=\/wp\/v2\/posts\/372","targetHints":{"allow":["GET"]}}],"collection":[{"href":"https:\/\/contexto.inf.br\/index.php?rest_route=\/wp\/v2\/posts"}],"about":[{"href":"https:\/\/contexto.inf.br\/index.php?rest_route=\/wp\/v2\/types\/post"}],"author":[{"embeddable":true,"href":"https:\/\/contexto.inf.br\/index.php?rest_route=\/wp\/v2\/users\/2"}],"replies":[{"embeddable":true,"href":"https:\/\/contexto.inf.br\/index.php?rest_route=%2Fwp%2Fv2%2Fcomments&post=372"}],"version-history":[{"count":1,"href":"https:\/\/contexto.inf.br\/index.php?rest_route=\/wp\/v2\/posts\/372\/revisions"}],"predecessor-version":[{"id":374,"href":"https:\/\/contexto.inf.br\/index.php?rest_route=\/wp\/v2\/posts\/372\/revisions\/374"}],"wp:featuredmedia":[{"embeddable":true,"href":"https:\/\/contexto.inf.br\/index.php?rest_route=\/wp\/v2\/media\/373"}],"wp:attachment":[{"href":"https:\/\/contexto.inf.br\/index.php?rest_route=%2Fwp%2Fv2%2Fmedia&parent=372"}],"wp:term":[{"taxonomy":"category","embeddable":true,"href":"https:\/\/contexto.inf.br\/index.php?rest_route=%2Fwp%2Fv2%2Fcategories&post=372"},{"taxonomy":"post_tag","embeddable":true,"href":"https:\/\/contexto.inf.br\/index.php?rest_route=%2Fwp%2Fv2%2Ftags&post=372"}],"curies":[{"name":"wp","href":"https:\/\/api.w.org\/{rel}","templated":true}]}}