{"id":376,"date":"2024-07-15T13:12:43","date_gmt":"2024-07-15T16:12:43","guid":{"rendered":"https:\/\/contexto.inf.br\/?p=376"},"modified":"2024-07-15T13:16:10","modified_gmt":"2024-07-15T16:16:10","slug":"entrevista-do-bispo-dom-joao-mamede-a-revista-ciafm-de-2-abril-22-em-video","status":"publish","type":"post","link":"https:\/\/contexto.inf.br\/?p=376","title":{"rendered":"Entrevista do Bispo Dom Jo\u00e3o Mamede \u00e0 Revista CiaFm de 2\/Abril\/22 em V\u00eddeo"},"content":{"rendered":"<div class=\"wp-block-image\">\n<figure class=\"alignleft size-full\"><img loading=\"lazy\" decoding=\"async\" width=\"207\" height=\"207\" src=\"https:\/\/contexto.inf.br\/wp-content\/uploads\/2024\/07\/image-97.png\" alt=\"\" class=\"wp-image-377\" srcset=\"https:\/\/contexto.inf.br\/wp-content\/uploads\/2024\/07\/image-97.png 207w, https:\/\/contexto.inf.br\/wp-content\/uploads\/2024\/07\/image-97-150x150.png 150w\" sizes=\"auto, (max-width: 207px) 100vw, 207px\" \/><\/figure>\n<\/div>\n\n\n<p>4 de abr. de 2022 &#8211;  Entrevista da Revista CiaFm com Vossa Excel\u00eancia Reverend\u00edssima Dom Frei Jo\u00e3o Mamede Filho, Bispo Diocesano de Umuarama, do \u00faltimo s\u00e1bado 02\/Abril\/2022 agora em v\u00eddeo!<\/p>\n\n\n\n<p id=\"viewer-fgc4m\">Pauta envolve &#8220;quase-Par\u00f3quias&#8221; de Cianorte, Quaresma, Jejum, Semana Santa, P\u00e1scoa, Campanha da Fraternidade e at\u00e9 Elei\u00e7\u00f5es 2022. Vale Assistir e Ouvir! Uma catequese!<\/p>\n\n\n\n<p id=\"viewer-9drv6\">Obrigado Dom Jo\u00e3o Mamede, Bispo Diocesano de Umuarama pela aten\u00e7\u00e3o, tempo e partilha conosco da Revista CiaFm! Estamos sempre dispon\u00edveis para atender o chamado de Deus!<\/p>\n\n\n\n<p class=\"has-text-align-center\" id=\"viewer-75v04\"><a href=\"http:\/\/contexto.inf.br\">@profsta #profsta @contexto.inf<\/a><\/p>\n\n\n\n<figure class=\"wp-block-embed aligncenter is-type-video is-provider-youtube wp-block-embed-youtube wp-embed-aspect-16-9 wp-has-aspect-ratio\"><div class=\"wp-block-embed__wrapper\">\n<iframe loading=\"lazy\" title=\"Revista CiaFm Entrevista Dom Jo\u00e3o Mamede Bispo de Umuarama 2 Abril\" width=\"500\" height=\"281\" src=\"https:\/\/www.youtube.com\/embed\/Uf320NZcD_Q?feature=oembed\" frameborder=\"0\" allow=\"accelerometer; autoplay; clipboard-write; encrypted-media; gyroscope; picture-in-picture; web-share\" referrerpolicy=\"strict-origin-when-cross-origin\" allowfullscreen><\/iframe>\n<\/div><\/figure>\n","protected":false},"excerpt":{"rendered":"<div class=\"mh-excerpt\"><p> <a class=\"mh-excerpt-more\" href=\"https:\/\/contexto.inf.br\/?p=376\" title=\"Entrevista do Bispo Dom Jo\u00e3o Mamede \u00e0 Revista CiaFm de 2\/Abril\/22 em V\u00eddeo\"><\/a><\/p>\n<\/div>","protected":false},"author":2,"featured_media":377,"comment_status":"open","ping_status":"open","sticky":false,"template":"","format":"standard","meta":{"footnotes":""},"categories":[10,1,33,26,31,32],"tags":[],"class_list":{"0":"post-376","1":"post","2":"type-post","3":"status-publish","4":"format-standard","5":"has-post-thumbnail","7":"category-cultura","8":"category-dicas-culturais","9":"category-espiritualidade","10":"category-promocao-social","11":"category-_destaque","12":"category-_em-foco"},"_links":{"self":[{"href":"https:\/\/contexto.inf.br\/index.php?rest_route=\/wp\/v2\/posts\/376","targetHints":{"allow":["GET"]}}],"collection":[{"href":"https:\/\/contexto.inf.br\/index.php?rest_route=\/wp\/v2\/posts"}],"about":[{"href":"https:\/\/contexto.inf.br\/index.php?rest_route=\/wp\/v2\/types\/post"}],"author":[{"embeddable":true,"href":"https:\/\/contexto.inf.br\/index.php?rest_route=\/wp\/v2\/users\/2"}],"replies":[{"embeddable":true,"href":"https:\/\/contexto.inf.br\/index.php?rest_route=%2Fwp%2Fv2%2Fcomments&post=376"}],"version-history":[{"count":1,"href":"https:\/\/contexto.inf.br\/index.php?rest_route=\/wp\/v2\/posts\/376\/revisions"}],"predecessor-version":[{"id":378,"href":"https:\/\/contexto.inf.br\/index.php?rest_route=\/wp\/v2\/posts\/376\/revisions\/378"}],"wp:featuredmedia":[{"embeddable":true,"href":"https:\/\/contexto.inf.br\/index.php?rest_route=\/wp\/v2\/media\/377"}],"wp:attachment":[{"href":"https:\/\/contexto.inf.br\/index.php?rest_route=%2Fwp%2Fv2%2Fmedia&parent=376"}],"wp:term":[{"taxonomy":"category","embeddable":true,"href":"https:\/\/contexto.inf.br\/index.php?rest_route=%2Fwp%2Fv2%2Fcategories&post=376"},{"taxonomy":"post_tag","embeddable":true,"href":"https:\/\/contexto.inf.br\/index.php?rest_route=%2Fwp%2Fv2%2Ftags&post=376"}],"curies":[{"name":"wp","href":"https:\/\/api.w.org\/{rel}","templated":true}]}}