{"id":379,"date":"2024-07-15T13:15:41","date_gmt":"2024-07-15T16:15:41","guid":{"rendered":"https:\/\/contexto.inf.br\/?p=379"},"modified":"2024-07-15T13:15:42","modified_gmt":"2024-07-15T16:15:42","slug":"meio-ambiente-de-cianorte-tera-audiencia-publica-da-camara-legislativa-7-4-as-19h","status":"publish","type":"post","link":"https:\/\/contexto.inf.br\/?p=379","title":{"rendered":"Meio Ambiente de Cianorte ter\u00e1 Audi\u00eancia P\u00fablica da C\u00e2mara Legislativa 7\/4 \u00e0s 19h"},"content":{"rendered":"<div class=\"wp-block-image\">\n<figure class=\"alignleft size-full is-resized\"><img loading=\"lazy\" decoding=\"async\" width=\"233\" height=\"233\" src=\"https:\/\/contexto.inf.br\/wp-content\/uploads\/2024\/07\/image-98.png\" alt=\"\" class=\"wp-image-380\" style=\"width:226px;height:auto\" srcset=\"https:\/\/contexto.inf.br\/wp-content\/uploads\/2024\/07\/image-98.png 233w, https:\/\/contexto.inf.br\/wp-content\/uploads\/2024\/07\/image-98-150x150.png 150w\" sizes=\"auto, (max-width: 233px) 100vw, 233px\" \/><\/figure>\n<\/div>\n\n\n<p class=\"wp-block-paragraph\">4 de abr. de 2022 &#8211; A Comiss\u00e3o de Educa\u00e7\u00e3o, Cultura, Sa\u00fade e Ecologia da C\u00e2mara Municipal de Cianorte, convida a comunidade em geral para participar de <strong>AUDI\u00caNCIA P\u00daBLICA<\/strong> com o seguinte tema <strong>&#8220;CUIDADOS E A\u00c7\u00d5ES EM DEFESA DO MEIO AMBIENTE, E POR UMA CIANORTE MAIS SUSTENT\u00c1VEL&#8221;<\/strong>, a ser realizada no dia 07 DE ABRIL DE 2022, a partir das 19 horas, no Plen\u00e1rio da C\u00e2mara de Cianorte.<\/p>\n\n\n\n<p class=\"wp-block-paragraph\" id=\"viewer-1ee9c\">A audi\u00eancia, realizada na forma de exposi\u00e7\u00f5es e manifesta\u00e7\u00f5es verbais e escritas por convidados e participantes ser\u00e1 conduzida pela referida comiss\u00e3o.<\/p>\n\n\n\n<p class=\"wp-block-paragraph\" id=\"viewer-bj3tj\">As inscri\u00e7\u00f5es para fazer uso da palavra, que n\u00e3o poder\u00e1 ser mais que 15 (quinze) minutos, poder\u00e1 ser realizada mediante especifica\u00e7\u00e3o do assunto que ser\u00e1 exposto, via e-mail contato@camaracianorte.pr.gov.br ou pessoalmente, na Secretaria da C\u00e2mara ou antes do in\u00edcio da audi\u00eancia, no pr\u00f3prio local.<\/p>\n\n\n\n<p class=\"wp-block-paragraph\" id=\"viewer-a1eod\">A audi\u00eancia p\u00fablica tamb\u00e9m ser\u00e1 transmitida pelo YouTube e Facebook da C\u00e2mara de Cianorte.<\/p>\n\n\n\n<p class=\"wp-block-paragraph\" id=\"viewer-fjspk\">Vale lembrar que esta \u00e9 a segunda data da Audi\u00eancia P\u00fablica dos Vereadores sobre Meio Ambiente em Cianorte, pois a primeira estava agendada para 24\/Fevereiro\/2022. E tamb\u00e9m a segunda a abordar o tema Meio Ambiente este ano, uma vez que a Prefeitura de Cianorte realizou uma Audi\u00eancia P\u00fablica no dia 10\/Mar\u00e7o\/22 sobre o Parque Urbano Manduh\u00ed, projetado na regi\u00e3o da antiga eros\u00e3o da M\u00e3e Biela e do Parque Cintur\u00e3o Verde, unidade de conserva\u00e7\u00e3o de prote\u00e7\u00e3o integral. Audi\u00eancia foi fruto de uma recomenda\u00e7\u00e3o da 4\u00aa Promotoria Especial de Meio Ambiente da Comarca de Cianorte que acompanha o projeto e seus tr\u00e2mites legais quanto a localiza\u00e7\u00e3o e licen\u00e7as.<\/p>\n\n\n\n<p class=\"wp-block-paragraph\" id=\"viewer-2q1fl\">Alguns temas j\u00e1 s\u00e3o previstos no Di\u00e1logo e devem aparecer na audi\u00eancia p\u00fablica. No boca a boca, alguns j\u00e1 dizem que querem falar e perguntar sobre assuntos como Parque Cintur\u00e3o Verde, Turismo Ecol\u00f3gico, Trilhas, Rios, Eros\u00f5es, Animais Dom\u00e9sticos, Animais Silvestres, Saneamento, Inc\u00eandios, Obras como a do parque urbano Manduh\u00ed, Duplica\u00e7\u00e3o de ruas, avenidas e estradas, Arboriza\u00e7\u00e3o Urbana e o caso das \u00c1rvores da Avenida Para\u00edba que tiverem plantio volunt\u00e1rio de um grupo de amigos no anivers\u00e1rio de uma delas e depois de uma corrente de plantios, a Prefeitura notificou e retirou as \u00c1rvores da Av Para\u00edba e as replantou no Novo Centro. AInda sobe isso, o TAC que obriga a Prefeitura de Cianote a replantar \u00e1rvores na Av Para\u00edba e outras localidades dever\u00e1 ser lembrado.<\/p>\n\n\n\n<p class=\"wp-block-paragraph\" id=\"viewer-42auo\">Sobre Av Para\u00edba: corta, planta, retira e replanta, vale a pena ler o conto<\/p>\n\n\n\n<p class=\"wp-block-paragraph\" id=\"viewer-br0j3\">&#8220;<a target=\"_blank\" href=\"https:\/\/www.bisbinoticias.com.br\/post\/duelo-moral-%C3%A9tica-da-lei-ou-sustentabilidade-ilegal\" rel=\"noreferrer noopener\"><strong><u>Duelo Moral: \u00c9tica da Lei ou Sustentabilidade Ilegal?<\/u><\/strong><\/a>&#8220;<\/p>\n\n\n\n<p class=\"wp-block-paragraph\" id=\"viewer-d2q79\">Di\u00e1logo aberto, transparente e respeitoso com base legal e vontade popular ser\u00e1 marco na sociedade cianortense, pois ir\u00e1 apontar elogios, cr\u00edticas e tamb\u00e9m sugest\u00f5es de melhorias para todas as \u00e1reas, afinal <strong>Meio Ambiente \u00e9 indissoci\u00e1vel do Ambiente Inteiro<\/strong> e interfere diretamente na qualidade de vida de nossa sociedade.<\/p>\n\n\n\n<p class=\"has-text-align-center wp-block-paragraph\" id=\"viewer-8mr8p\"><a href=\"http:\/\/contexto.inf.br\">@profsta #profsta @contxto.inf<\/a><\/p>\n","protected":false},"excerpt":{"rendered":"<div class=\"mh-excerpt\"><p> <a class=\"mh-excerpt-more\" href=\"https:\/\/contexto.inf.br\/?p=379\" title=\"Meio Ambiente de Cianorte ter\u00e1 Audi\u00eancia P\u00fablica da C\u00e2mara Legislativa 7\/4 \u00e0s 19h\"><\/a><\/p>\n<\/div>","protected":false},"author":2,"featured_media":380,"comment_status":"open","ping_status":"open","sticky":false,"template":"","format":"standard","meta":{"footnotes":""},"categories":[2,6,8,15,29,7,31,32],"tags":[],"class_list":["post-379","post","type-post","status-publish","format-standard","has-post-thumbnail","category-cianorte","category-direitos-sociais","category-educacao","category-justica","category-meio-ambiente","category-sustentabilidade","category-_destaque","category-_em-foco"],"_links":{"self":[{"href":"https:\/\/contexto.inf.br\/index.php?rest_route=\/wp\/v2\/posts\/379","targetHints":{"allow":["GET"]}}],"collection":[{"href":"https:\/\/contexto.inf.br\/index.php?rest_route=\/wp\/v2\/posts"}],"about":[{"href":"https:\/\/contexto.inf.br\/index.php?rest_route=\/wp\/v2\/types\/post"}],"author":[{"embeddable":true,"href":"https:\/\/contexto.inf.br\/index.php?rest_route=\/wp\/v2\/users\/2"}],"replies":[{"embeddable":true,"href":"https:\/\/contexto.inf.br\/index.php?rest_route=%2Fwp%2Fv2%2Fcomments&post=379"}],"version-history":[{"count":1,"href":"https:\/\/contexto.inf.br\/index.php?rest_route=\/wp\/v2\/posts\/379\/revisions"}],"predecessor-version":[{"id":381,"href":"https:\/\/contexto.inf.br\/index.php?rest_route=\/wp\/v2\/posts\/379\/revisions\/381"}],"wp:featuredmedia":[{"embeddable":true,"href":"https:\/\/contexto.inf.br\/index.php?rest_route=\/wp\/v2\/media\/380"}],"wp:attachment":[{"href":"https:\/\/contexto.inf.br\/index.php?rest_route=%2Fwp%2Fv2%2Fmedia&parent=379"}],"wp:term":[{"taxonomy":"category","embeddable":true,"href":"https:\/\/contexto.inf.br\/index.php?rest_route=%2Fwp%2Fv2%2Fcategories&post=379"},{"taxonomy":"post_tag","embeddable":true,"href":"https:\/\/contexto.inf.br\/index.php?rest_route=%2Fwp%2Fv2%2Ftags&post=379"}],"curies":[{"name":"wp","href":"https:\/\/api.w.org\/{rel}","templated":true}]}}