{"id":385,"date":"2024-07-15T13:23:15","date_gmt":"2024-07-15T16:23:15","guid":{"rendered":"https:\/\/contexto.inf.br\/?p=385"},"modified":"2024-07-15T13:23:16","modified_gmt":"2024-07-15T16:23:16","slug":"em-11-dias-universidade-de-lisboa-recebe-50-denuncias-de-assedio-e-xenofobia","status":"publish","type":"post","link":"https:\/\/contexto.inf.br\/?p=385","title":{"rendered":"Em 11 dias Universidade de Lisboa recebe 50 Den\u00fancias de Ass\u00e9dio e Xenofobia"},"content":{"rendered":"<div class=\"wp-block-image\">\n<figure class=\"alignleft size-full\"><img loading=\"lazy\" decoding=\"async\" width=\"493\" height=\"277\" src=\"https:\/\/contexto.inf.br\/wp-content\/uploads\/2024\/07\/image-100.png\" alt=\"\" class=\"wp-image-386\" srcset=\"https:\/\/contexto.inf.br\/wp-content\/uploads\/2024\/07\/image-100.png 493w, https:\/\/contexto.inf.br\/wp-content\/uploads\/2024\/07\/image-100-300x169.png 300w\" sizes=\"auto, (max-width: 493px) 100vw, 493px\" \/><\/figure>\n<\/div>\n\n\n<p>8 de abr. de 2022 &#8211; A Faculdade de Direito da Universidade de Lisboa criou um canal em que estudantes poderiam relatar casos de ass\u00e9dio e m\u00e1 conduta na institui\u00e7\u00e3o. Segundo uma reportagem do jornal portugu\u00eas Di\u00e1rio de Not\u00edcias, em apenas 11 dias de funcionamento, foram recebidas mais de 50 relatos envolvendo 31 servidores em den\u00fancias de ass\u00e9dio moral e sexual, pr\u00e1ticas sexistas, xenofobia, racismo e LGBTfobia.<\/p>\n\n\n\n<p id=\"viewer-7h200\">As den\u00fancias de casos de xenofobia incluem v\u00edtimas brasileiras. A maior parte dos epis\u00f3dios aconteceram dentro da institui\u00e7\u00e3o e outros relatos apresentam situa\u00e7\u00f5es online, onde estudantes contam que foram abordados de maneira impr\u00f3pria pelos docentes nas redes sociais.<\/p>\n\n\n\n<p id=\"viewer-4aroe\">O canal de comunica\u00e7\u00e3o para o recebimento das queixas foi aberto pela faculdade, ap\u00f3s relatos de ass\u00e9dio que chegaram ao conselho pedag\u00f3gico. A institui\u00e7\u00e3o criou uma p\u00e1gina e disponibilizou um e-mail para receber as queixas; entre 14 e 25 de mar\u00e7o chegaram 70 den\u00fancias, das quais 50 foram validadas.<\/p>\n\n\n\n<p id=\"viewer-auvg7\">\u201cInstitui\u00e7\u00f5es de ensino superior s\u00e3o espa\u00e7os de liberdade e de promo\u00e7\u00e3o dos valores de igualdade e respeito, sem qualquer tipo de discrimina\u00e7\u00e3o em raz\u00e3o de g\u00eanero, orienta\u00e7\u00e3o sexual, nacionalidade ou outra, e n\u00e3o devem ser coniventes com situa\u00e7\u00f5es que violem esses princ\u00edpios\u201d, disse, em nota, a ministra da Ci\u00eancia e do Ensino Superior, Elvira Fortunato.<\/p>\n\n\n\n<p id=\"viewer-dvkdu\">Aqui no Brasil os casos de ass\u00e9dios tamb\u00e9m preocupam, pois 42% dos trabalhadores foram v\u00edtimas de ass\u00e9dio moral nas empresas, 20% dos servidores sentem-se estressados por cr\u00edticas negativas, humilha\u00e7\u00f5es de chefias autorit\u00e1rias e situa\u00e7\u00f5es de abuso de poder. Os n\u00fameros ainda indicam que 25% das ocorr\u00eancias se d\u00e1 entre colegas. Ainda somamos 97% das Mulheres j\u00e1 foram v\u00edtimas de ass\u00e9dio em Meios de Transportes e 71% conhecem alguma mulher que j\u00e1 sofreu ass\u00e9dio em Espa\u00e7os P\u00fablicos.<\/p>\n\n\n\n<p id=\"viewer-futtv\"><strong>Ass\u00e9dio \u00e9 uma conduta \u00fanica ou repetitiva<\/strong> <strong>que exp\u00f5e a pessoa ao constrangimento e \u00e0 humilha\u00e7\u00e3o<\/strong> <strong>para satisfa\u00e7\u00e3o ou prazer individual.<\/strong><\/p>\n\n\n\n<p id=\"viewer-6qdlp\">Nem sempre o ass\u00e9dio \u00e9 vertical (de chefe a subordinado), tamb\u00e9m h\u00e1 relatos de situa\u00e7\u00f5es horizontais (colegas de trabalho) inclusive entre estudantes onde as mulheres tamb\u00e9m s\u00e3o maioria das v\u00edtimas.<\/p>\n\n\n\n<p id=\"viewer-73vvd\">No in\u00edcio do ano 2022 a SEED PR fez um v\u00eddeo onde aborda este tema desagrad\u00e1vel, por\u00e9m urgente nas Escolas p\u00fablicas do Estado do Paran\u00e1. O v\u00eddeo foi usado na forma\u00e7\u00e3o continuada dos professores e funcion\u00e1rios no in\u00edcio do ano para identificar, prevenir e corrigir casso de ass\u00e9dios nas Escolas. Parab\u00e9ns Paran\u00e1 pela informa\u00e7\u00e3o na Preven\u00e7\u00e3o e Prote\u00e7\u00e3o!<\/p>\n\n\n\n<p class=\"has-text-align-center\" id=\"viewer-3g88d\"><a href=\"http:\/\/contexto.inf.br\">@profsta #profsta @contexto.inf<\/a><\/p>\n\n\n\n<figure class=\"wp-block-embed aligncenter is-type-video is-provider-youtube wp-block-embed-youtube wp-embed-aspect-16-9 wp-has-aspect-ratio\"><div class=\"wp-block-embed__wrapper\">\n<iframe loading=\"lazy\" title=\"Importuna\u00e7\u00e3o e ass\u00e9dio sexual: indisciplina, ato infracional ou crime?\" width=\"500\" height=\"281\" src=\"https:\/\/www.youtube.com\/embed\/txzQ0ffqk6Y?feature=oembed\" frameborder=\"0\" allow=\"accelerometer; autoplay; clipboard-write; encrypted-media; gyroscope; picture-in-picture; web-share\" referrerpolicy=\"strict-origin-when-cross-origin\" allowfullscreen><\/iframe>\n<\/div><\/figure>\n\n\n\n<p><\/p>\n\n\n\n<p><\/p>\n","protected":false},"excerpt":{"rendered":"<div class=\"mh-excerpt\"><p> <a class=\"mh-excerpt-more\" href=\"https:\/\/contexto.inf.br\/?p=385\" title=\"Em 11 dias Universidade de Lisboa recebe 50 Den\u00fancias de Ass\u00e9dio e Xenofobia\"><\/a><\/p>\n<\/div>","protected":false},"author":2,"featured_media":386,"comment_status":"open","ping_status":"open","sticky":false,"template":"","format":"standard","meta":{"footnotes":""},"categories":[18,6,8,19,15,30,17,31,32],"tags":[],"class_list":{"0":"post-385","1":"post","2":"type-post","3":"status-publish","4":"format-standard","5":"has-post-thumbnail","7":"category-demografia","8":"category-direitos-sociais","9":"category-educacao","10":"category-internacional","11":"category-justica","12":"category-mulheres","13":"category-seguranca","14":"category-_destaque","15":"category-_em-foco"},"_links":{"self":[{"href":"https:\/\/contexto.inf.br\/index.php?rest_route=\/wp\/v2\/posts\/385","targetHints":{"allow":["GET"]}}],"collection":[{"href":"https:\/\/contexto.inf.br\/index.php?rest_route=\/wp\/v2\/posts"}],"about":[{"href":"https:\/\/contexto.inf.br\/index.php?rest_route=\/wp\/v2\/types\/post"}],"author":[{"embeddable":true,"href":"https:\/\/contexto.inf.br\/index.php?rest_route=\/wp\/v2\/users\/2"}],"replies":[{"embeddable":true,"href":"https:\/\/contexto.inf.br\/index.php?rest_route=%2Fwp%2Fv2%2Fcomments&post=385"}],"version-history":[{"count":1,"href":"https:\/\/contexto.inf.br\/index.php?rest_route=\/wp\/v2\/posts\/385\/revisions"}],"predecessor-version":[{"id":387,"href":"https:\/\/contexto.inf.br\/index.php?rest_route=\/wp\/v2\/posts\/385\/revisions\/387"}],"wp:featuredmedia":[{"embeddable":true,"href":"https:\/\/contexto.inf.br\/index.php?rest_route=\/wp\/v2\/media\/386"}],"wp:attachment":[{"href":"https:\/\/contexto.inf.br\/index.php?rest_route=%2Fwp%2Fv2%2Fmedia&parent=385"}],"wp:term":[{"taxonomy":"category","embeddable":true,"href":"https:\/\/contexto.inf.br\/index.php?rest_route=%2Fwp%2Fv2%2Fcategories&post=385"},{"taxonomy":"post_tag","embeddable":true,"href":"https:\/\/contexto.inf.br\/index.php?rest_route=%2Fwp%2Fv2%2Ftags&post=385"}],"curies":[{"name":"wp","href":"https:\/\/api.w.org\/{rel}","templated":true}]}}