{"id":406,"date":"2024-07-15T13:55:03","date_gmt":"2024-07-15T16:55:03","guid":{"rendered":"https:\/\/contexto.inf.br\/?p=406"},"modified":"2024-07-15T13:55:04","modified_gmt":"2024-07-15T16:55:04","slug":"governador-do-parana-em-cianorte-nesta-6afeira-6-maio-97-regularizacoes-fundiarias","status":"publish","type":"post","link":"https:\/\/contexto.inf.br\/?p=406","title":{"rendered":"Governador do Paran\u00e1 em Cianorte nesta 6\u00aafeira 6\/Maio: 97 Regulariza\u00e7\u00f5es Fundi\u00e1rias"},"content":{"rendered":"<div class=\"wp-block-image\">\n<figure class=\"alignleft size-full\"><img loading=\"lazy\" decoding=\"async\" width=\"233\" height=\"171\" src=\"https:\/\/contexto.inf.br\/wp-content\/uploads\/2024\/07\/image-107.png\" alt=\"\" class=\"wp-image-407\" srcset=\"https:\/\/contexto.inf.br\/wp-content\/uploads\/2024\/07\/image-107.png 233w, https:\/\/contexto.inf.br\/wp-content\/uploads\/2024\/07\/image-107-80x60.png 80w\" sizes=\"auto, (max-width: 233px) 100vw, 233px\" \/><\/figure>\n<\/div>\n\n\n<p class=\"wp-block-paragraph\">4 de mai. de 2022 &#8211; Depois de anos de espera e expectativa, 97 fam\u00edlias de Cianorte, Noroeste do Paran\u00e1, receber\u00e3o do Governo do Paran\u00e1 os t\u00edtulos de regulariza\u00e7\u00e3o fundi\u00e1ria. A formaliza\u00e7\u00e3o acontecer\u00e1 na ACIC \u00e0s 11h desta 6\u00aafeira 6\/Maio.<\/p>\n\n\n\n<p class=\"wp-block-paragraph\" id=\"viewer-cgvk7\">O processo de regulariza\u00e7\u00e3o fundi\u00e1ria faz parte da modalidade <strong>Morar Legal do programa Casa F\u00e1cil Paran\u00e1<\/strong>, da Cohapar, e n\u00e3o tem custo para os propriet\u00e1rios.<\/p>\n\n\n\n<p class=\"wp-block-paragraph\" id=\"viewer-8pdq1\">\u201cO Governo do Estado est\u00e1 promovendo grande mudan\u00e7a na vida das pessoas. \u00c9 uma alegria entregar as titularidades de propriedades e resid\u00eancias que simbolizam a realiza\u00e7\u00e3o do sonho de muitas pessoas, isso que \u00e9 importante\u201d, afirma o diretor de Regulariza\u00e7\u00e3o Fundi\u00e1ria da Cohapar, Luis Corti.<\/p>\n\n\n\n<p class=\"wp-block-paragraph\" id=\"viewer-81ikl\">Problemas de regulariza\u00e7\u00e3o fundi\u00e1ria levam \u00e0 exclus\u00e3o social, instabilidade e inseguran\u00e7a para as fam\u00edlias que geralmente tem apenas um contrato de compra e venda, um contrato de gaveta muitas vezes. Agora poder\u00e3o ter a seguran\u00e7a da moradia pr\u00f3pria e asseguram o direito de obter financiamentos e benef\u00edcios junto aos governos.\u201d<\/p>\n\n\n<div class=\"wp-block-image\">\n<figure class=\"alignright\"><img decoding=\"async\" src=\"https:\/\/static.wixstatic.com\/media\/84fe8b_5f9ec5bd75f54de88e974e1b776bf1a2~mv2.jpg\/v1\/fill\/w_233,h_291,al_c,q_80,usm_0.66_1.00_0.01,enc_auto\/84fe8b_5f9ec5bd75f54de88e974e1b776bf1a2~mv2.jpg\" alt=\"\"\/><\/figure>\n<\/div>\n\n\n<p class=\"wp-block-paragraph\" id=\"viewer-3kj9o\">Com a entrega das matr\u00edculas registradas em cart\u00f3rio, o Estado encerra as pend\u00eancias com as fam\u00edlias fornecendo a elas o direito de uso das suas terras. A regulariza\u00e7\u00e3o \u00e9 necess\u00e1ria para a aquisi\u00e7\u00e3o do registro do im\u00f3vel, que prova que o cidad\u00e3o \u00e9 dono da \u00e1rea.<\/p>\n\n\n\n<p class=\"wp-block-paragraph\" id=\"viewer-9qkao\">Se n\u00e3o tiver registro, n\u00e3o consegue financiamentos para reformas, amplia\u00e7\u00f5es, melhorias em geral, al\u00e9m de dificultar o acesso a pol\u00edticas p\u00fablicas e aos recursos dos programas de Governo, especialmente o acesso ao cr\u00e9dito.<\/p>\n\n\n\n<p class=\"wp-block-paragraph\" id=\"viewer-135jm\">Em Cianorte os im\u00f3veis est\u00e3o localizados nas Ruas da Felicidade, Duarte da Costa, Cassidori, Isabel Romeu, Engenheiro Ferraz, Ricieri Volpato e Doutor \u00c1lvaro Vidigal e na Estrada dos Amores.<\/p>\n\n\n\n<p class=\"wp-block-paragraph\" id=\"viewer-39f4e\">\u00c9 a segunda vez que o Governador do Paran\u00e1, Carlos Massa &#8211; Ratinho Jr estar\u00e1 em Cianorte e com boa not\u00edcia! Como sempre digo, que toda crian\u00e7a tenha um LAR digno e se tiver um lugar pra plantar e colher, melhor ainda!<\/p>\n\n\n\n<p class=\"has-text-align-center wp-block-paragraph\" id=\"viewer-8mia6\"><a href=\"http:\/\/contexto.inf.br\">@profsta #profsta @contexto.inf<\/a><\/p>\n","protected":false},"excerpt":{"rendered":"<div class=\"mh-excerpt\"><p> <a class=\"mh-excerpt-more\" href=\"https:\/\/contexto.inf.br\/?p=406\" title=\"Governador do Paran\u00e1 em Cianorte nesta 6\u00aafeira 6\/Maio: 97 Regulariza\u00e7\u00f5es Fundi\u00e1rias\"><\/a><\/p>\n<\/div>","protected":false},"author":2,"featured_media":407,"comment_status":"open","ping_status":"open","sticky":false,"template":"","format":"standard","meta":{"footnotes":""},"categories":[4,2,18,6,11,25,15,3,5,26,31,32],"tags":[],"class_list":["post-406","post","type-post","status-publish","format-standard","has-post-thumbnail","category-brasil","category-cianorte","category-demografia","category-direitos-sociais","category-infraestruturas","category-investimentos","category-justica","category-parana","category-politica","category-promocao-social","category-_destaque","category-_em-foco"],"_links":{"self":[{"href":"https:\/\/contexto.inf.br\/index.php?rest_route=\/wp\/v2\/posts\/406","targetHints":{"allow":["GET"]}}],"collection":[{"href":"https:\/\/contexto.inf.br\/index.php?rest_route=\/wp\/v2\/posts"}],"about":[{"href":"https:\/\/contexto.inf.br\/index.php?rest_route=\/wp\/v2\/types\/post"}],"author":[{"embeddable":true,"href":"https:\/\/contexto.inf.br\/index.php?rest_route=\/wp\/v2\/users\/2"}],"replies":[{"embeddable":true,"href":"https:\/\/contexto.inf.br\/index.php?rest_route=%2Fwp%2Fv2%2Fcomments&post=406"}],"version-history":[{"count":1,"href":"https:\/\/contexto.inf.br\/index.php?rest_route=\/wp\/v2\/posts\/406\/revisions"}],"predecessor-version":[{"id":408,"href":"https:\/\/contexto.inf.br\/index.php?rest_route=\/wp\/v2\/posts\/406\/revisions\/408"}],"wp:featuredmedia":[{"embeddable":true,"href":"https:\/\/contexto.inf.br\/index.php?rest_route=\/wp\/v2\/media\/407"}],"wp:attachment":[{"href":"https:\/\/contexto.inf.br\/index.php?rest_route=%2Fwp%2Fv2%2Fmedia&parent=406"}],"wp:term":[{"taxonomy":"category","embeddable":true,"href":"https:\/\/contexto.inf.br\/index.php?rest_route=%2Fwp%2Fv2%2Fcategories&post=406"},{"taxonomy":"post_tag","embeddable":true,"href":"https:\/\/contexto.inf.br\/index.php?rest_route=%2Fwp%2Fv2%2Ftags&post=406"}],"curies":[{"name":"wp","href":"https:\/\/api.w.org\/{rel}","templated":true}]}}