{"id":427,"date":"2024-07-16T11:34:11","date_gmt":"2024-07-16T14:34:11","guid":{"rendered":"https:\/\/contexto.inf.br\/?p=427"},"modified":"2024-07-16T11:35:07","modified_gmt":"2024-07-16T14:35:07","slug":"projeto-ganhando-o-mundo-gov-parana-levara-estudantes-a-nova-zelandia","status":"publish","type":"post","link":"https:\/\/contexto.inf.br\/?p=427","title":{"rendered":"Projeto Ganhando o Mundo: Gov Paran\u00e1 levar\u00e1 Estudantes a Nova Zel\u00e2ndia"},"content":{"rendered":"<div class=\"wp-block-image\">\n<figure class=\"alignleft size-full is-resized\"><img loading=\"lazy\" decoding=\"async\" width=\"233\" height=\"159\" src=\"https:\/\/contexto.inf.br\/wp-content\/uploads\/2024\/07\/image-114.png\" alt=\"\" class=\"wp-image-428\" style=\"width:298px;height:auto\"\/><\/figure>\n<\/div>\n\n\n<p>11 de mai. de 2022 &#8211; Isso mesmo! Governo do Paran\u00e1 vai levar Estudantes da Rede P\u00fablica \u00e0 Nova Zel\u00e2ndia! Institu\u00eddo pela <a href=\"https:\/\/www.legislacao.pr.gov.br\/legislacao\/pesquisarAto.do?action=exibir&amp;codAto=229024&amp;indice=1&amp;totalRegistros=1&amp;dt=15.0.2020.8.45.0.474\" target=\"_blank\" rel=\"noreferrer noopener\">Lei n\u00ba 20.009\/2019<\/a>, o Programa de Interc\u00e2mbio Internacional Ganhando o Mundo foi criado pela Secretaria de Estado da Educa\u00e7\u00e3o e do Esporte (Seed-PR) para ofertar a estudantes do Ensino M\u00e9dio da Rede P\u00fablica Estadual de Ensino do Paran\u00e1 forma\u00e7\u00e3o acad\u00eamica em institui\u00e7\u00f5es de ensino estrangeiras, que ofere\u00e7am curso equivalente ao Ensino M\u00e9dio no Brasil. Os objetivos do programa s\u00e3o:<\/p>\n\n\n\n<ul class=\"wp-block-list\">\n<li>ampliar o repert\u00f3rio cultural e acad\u00eamico;<\/li>\n\n\n\n<li>permitir a viv\u00eancia e experi\u00eancia na realidade de outros pa\u00edses;<\/li>\n\n\n\n<li>consolidar uma rede de jovens l\u00edderes que atuar\u00e3o nas escolas da Rede P\u00fablica Estadual de Ensino do Paran\u00e1 e;<\/li>\n\n\n\n<li>potencializar o desenvolvimento da autonomia, bem como aperfei\u00e7oar o idioma da L\u00edngua Inglesa.<\/li>\n<\/ul>\n\n\n<div class=\"wp-block-image\">\n<figure class=\"alignright\"><img decoding=\"async\" src=\"https:\/\/static.wixstatic.com\/media\/84fe8b_f9cd7b43fa2741bab599b5b95ec70ff2~mv2.png\/v1\/fill\/w_233,h_415,al_c,q_85,usm_0.66_1.00_0.01,enc_auto\/84fe8b_f9cd7b43fa2741bab599b5b95ec70ff2~mv2.png\" alt=\"\"\/><\/figure>\n<\/div>\n\n\n<p id=\"viewer-78u2l\"><strong><u>Sele\u00e7\u00e3o:<\/u><\/strong>  Crit\u00e9rios de sele\u00e7\u00e3o da primeira edi\u00e7\u00e3o do programa, com 100 vagas para a <strong>Nova Zel\u00e2ndia<\/strong>:<\/p>\n\n\n\n<ul class=\"wp-block-list\">\n<li>Somente poder\u00e3o participar alunos matriculados no 9\u00b0 ano do Ensino Fundamental da Rede Estadual em 2020;<\/li>\n\n\n\n<li>Estar regularmente matriculado na 1\u00aa s\u00e9rie do Ensino M\u00e9dio para 2021 em institui\u00e7\u00e3o de ensino da Rede P\u00fablica Estadual;<\/li>\n\n\n\n<li>Ter cursado do 6\u00ba ao 9\u00ba ano do Ensino Fundamental em institui\u00e7\u00e3o de ensino da Rede P\u00fablica do Estado do Paran\u00e1;<\/li>\n\n\n\n<li>Ter no m\u00ednimo 14 (quatorze) e no m\u00e1ximo 17 (dezessete) anos e seis (seis) meses de idade na data de embarque.<\/li>\n<\/ul>\n\n\n\n<p id=\"viewer-24jdp\">Como ser\u00e1 a sele\u00e7\u00e3o:<\/p>\n\n\n\n<ul class=\"wp-block-list\">\n<li>A sele\u00e7\u00e3o ser\u00e1 pela m\u00e9dia de notas e frequ\u00eancia. O estudante dever\u00e1 ter m\u00e9dia maior ou igual a sete (7,0) em todas as mat\u00e9rias da Base Nacional Comum Curricular (BNCC) e frequ\u00eancia maior ou igual a 85%;<\/li>\n\n\n\n<li>Ser\u00e3o duas etapas de sele\u00e7\u00e3o, sendo a primeira para selecionar os melhores alunos de cada munic\u00edpio do estado, chegando a 399 classificados. Na segunda etapa, ser\u00e3o ent\u00e3o selecionados os melhores 100 entre os 399.<\/li>\n<\/ul>\n\n\n\n<p><strong>Miss\u00e3o no Retorno<\/strong> &#8211; Assim que retornar ao Brasil ap\u00f3s a realiza\u00e7\u00e3o do interc\u00e2mbio, o estudante vai precisar concluir as atividades dos componentes\/\u00e1rea da Matriz Curricular do Ensino M\u00e9dio da Rede P\u00fablica Estadual de Ensino do Paran\u00e1 que n\u00e3o constam do curr\u00edculo estudado no pa\u00eds de destino, como complementa\u00e7\u00e3o curricular, caso seja necess\u00e1rio.<\/p>\n\n\n\n<p id=\"viewer-6ip3u\">Al\u00e9m disso, vai se tornar um embaixador do Programa Ganhando o Mundo, relatando a experi\u00eancia no interc\u00e2mbio por meio de apresenta\u00e7\u00f5es, palestras e outras atividades programadas, quando convocado pelos N\u00facleos Regionais de Educa\u00e7\u00e3o (NRE&#8217;s) e pela Seed-PR, at\u00e9 a conclus\u00e3o do Ensino M\u00e9dio.<\/p>\n\n\n\n<p id=\"viewer-4knf2\">Ao mesmo tempo ir\u00e1 desenvolver projeto com tem\u00e1tica relacionada a aulas de idiomas, cidadania, meio ambiente, diferen\u00e7as e similaridades socioculturais, tem\u00e1ticas culturais, empreendedorismo com responsabilidade social, conviv\u00eancia pac\u00edfica e cooperativa entre os povos e na\u00e7\u00f5es, inova\u00e7\u00e3o cient\u00edfica e tecnol\u00f3gica, educa\u00e7\u00e3o financeira e outros temas relevantes acordados com a escola, com vistas a compartilhar e difundir aspectos da experi\u00eancia vivenciada.<\/p>\n\n\n\n<p class=\"has-text-align-center\" id=\"viewer-7gcrt\"><a href=\"http:\/\/c onbtexto.inf.br\">@profsta #profsta @contexto.inf<\/a><\/p>\n\n\n\n<p class=\"has-text-align-center\" id=\"viewer-e0jcf\"><strong><u>http:\/\/www.ganhandoomundo.pr.gov.br\/<\/u><\/strong><\/p>\n\n\n<div class=\"wp-block-image\">\n<figure class=\"aligncenter\"><img decoding=\"async\" src=\"https:\/\/static.wixstatic.com\/media\/84fe8b_0d676af1341d4f63b0207a22566e3740~mv2.png\/v1\/fill\/w_493,h_91,al_c,q_85,usm_0.66_1.00_0.01,enc_auto\/84fe8b_0d676af1341d4f63b0207a22566e3740~mv2.png\" alt=\"\"\/><\/figure>\n<\/div>","protected":false},"excerpt":{"rendered":"<div class=\"mh-excerpt\"><p> <a class=\"mh-excerpt-more\" href=\"https:\/\/contexto.inf.br\/?p=427\" title=\"Projeto Ganhando o Mundo: Gov Paran\u00e1 levar\u00e1 Estudantes a Nova Zel\u00e2ndia\"><\/a><\/p>\n<\/div>","protected":false},"author":2,"featured_media":428,"comment_status":"open","ping_status":"open","sticky":false,"template":"","format":"standard","meta":{"footnotes":""},"categories":[4,10,1,6,8,19,3,5,26,31,32],"tags":[],"class_list":{"0":"post-427","1":"post","2":"type-post","3":"status-publish","4":"format-standard","5":"has-post-thumbnail","7":"category-brasil","8":"category-cultura","9":"category-dicas-culturais","10":"category-direitos-sociais","11":"category-educacao","12":"category-internacional","13":"category-parana","14":"category-politica","15":"category-promocao-social","16":"category-_destaque","17":"category-_em-foco"},"_links":{"self":[{"href":"https:\/\/contexto.inf.br\/index.php?rest_route=\/wp\/v2\/posts\/427","targetHints":{"allow":["GET"]}}],"collection":[{"href":"https:\/\/contexto.inf.br\/index.php?rest_route=\/wp\/v2\/posts"}],"about":[{"href":"https:\/\/contexto.inf.br\/index.php?rest_route=\/wp\/v2\/types\/post"}],"author":[{"embeddable":true,"href":"https:\/\/contexto.inf.br\/index.php?rest_route=\/wp\/v2\/users\/2"}],"replies":[{"embeddable":true,"href":"https:\/\/contexto.inf.br\/index.php?rest_route=%2Fwp%2Fv2%2Fcomments&post=427"}],"version-history":[{"count":2,"href":"https:\/\/contexto.inf.br\/index.php?rest_route=\/wp\/v2\/posts\/427\/revisions"}],"predecessor-version":[{"id":431,"href":"https:\/\/contexto.inf.br\/index.php?rest_route=\/wp\/v2\/posts\/427\/revisions\/431"}],"wp:featuredmedia":[{"embeddable":true,"href":"https:\/\/contexto.inf.br\/index.php?rest_route=\/wp\/v2\/media\/428"}],"wp:attachment":[{"href":"https:\/\/contexto.inf.br\/index.php?rest_route=%2Fwp%2Fv2%2Fmedia&parent=427"}],"wp:term":[{"taxonomy":"category","embeddable":true,"href":"https:\/\/contexto.inf.br\/index.php?rest_route=%2Fwp%2Fv2%2Fcategories&post=427"},{"taxonomy":"post_tag","embeddable":true,"href":"https:\/\/contexto.inf.br\/index.php?rest_route=%2Fwp%2Fv2%2Ftags&post=427"}],"curies":[{"name":"wp","href":"https:\/\/api.w.org\/{rel}","templated":true}]}}