{"id":50,"date":"2024-07-12T18:27:48","date_gmt":"2024-07-12T18:27:48","guid":{"rendered":"https:\/\/contexto.inf.br\/?p=50"},"modified":"2024-07-12T18:27:48","modified_gmt":"2024-07-12T18:27:48","slug":"entrevista-com-deputado-federal-filipe-barros-na-ciafm","status":"publish","type":"post","link":"https:\/\/contexto.inf.br\/?p=50","title":{"rendered":"Entrevista com Deputado Federal Filipe Barros na CiaFM"},"content":{"rendered":"<div class=\"wp-block-image\">\n<figure class=\"alignright size-full\"><img loading=\"lazy\" decoding=\"async\" width=\"233\" height=\"234\" src=\"https:\/\/contexto.inf.br\/wp-content\/uploads\/2024\/07\/image-8.png\" alt=\"\" class=\"wp-image-51\" srcset=\"https:\/\/contexto.inf.br\/wp-content\/uploads\/2024\/07\/image-8.png 233w, https:\/\/contexto.inf.br\/wp-content\/uploads\/2024\/07\/image-8-150x150.png 150w\" sizes=\"auto, (max-width: 233px) 100vw, 233px\" \/><\/figure>\n<\/div>\n\n\n<p>27 de nov. de 2021<\/p>\n\n\n\n<p id=\"viewer-42uv6\">Nesta sexta-feira 27 de Novembro, atrav\u00e9s do contato e di\u00e1logo do Vereador Thiago Fontes, Cianorte recebeu a visita do Deputado Federal Filipe Barros.<\/p>\n\n\n\n<p class=\"has-text-align-left\" id=\"viewer-92gmt\">Em aten\u00e7\u00e3o as demandas da sociedade cianortense e da regi\u00e3o, o deputado Federal Filipe Barros, de Londrina, eleito pelo PSL com mais de 75 mil votos em 2018, anunciou a emenda parlamentar de R$300 mil Reais para a Santa Casa de Cianorte que deve chegar nos pr\u00f3ximos meses.<\/p>\n\n\n\n<p id=\"viewer-3keaf\">Dentre os v\u00e1rios compromissos de consulta das demandas da sociedade visitou in\u00fameros locais como a APAE, Pista de Atletismo na Pra\u00e7a Ol\u00edmpica, o Prefeito Marco Franzato na prefeitura e os est\u00fadios da r\u00e1dio CiaFm onde deu entrevista, breve, mas cheia de conte\u00fados e importantes apontamentos.<\/p>\n\n\n\n<p id=\"viewer-efkdc\"><strong>Acompanhe a Entrevista do Deputado Federal Filipe Barros \u00e0 CiaFM aqui:<\/strong><\/p>\n\n\n\n<p id=\"viewer-42ric\">@profsta <a href=\"https:\/\/www.bisbilhoteiro.com.br\/colunas\/hashtags\/profsta\">#profsta<\/a> @contexto.inf <\/p>\n","protected":false},"excerpt":{"rendered":"<div class=\"mh-excerpt\"><p> <a class=\"mh-excerpt-more\" href=\"https:\/\/contexto.inf.br\/?p=50\" title=\"Entrevista com Deputado Federal Filipe Barros na CiaFM\"><\/a><\/p>\n<\/div>","protected":false},"author":2,"featured_media":51,"comment_status":"open","ping_status":"open","sticky":false,"template":"","format":"standard","meta":{"footnotes":""},"categories":[13,3,5],"tags":[],"class_list":{"0":"post-50","1":"post","2":"type-post","3":"status-publish","4":"format-standard","5":"has-post-thumbnail","7":"category-entrevista","8":"category-parana","9":"category-politica"},"_links":{"self":[{"href":"https:\/\/contexto.inf.br\/index.php?rest_route=\/wp\/v2\/posts\/50","targetHints":{"allow":["GET"]}}],"collection":[{"href":"https:\/\/contexto.inf.br\/index.php?rest_route=\/wp\/v2\/posts"}],"about":[{"href":"https:\/\/contexto.inf.br\/index.php?rest_route=\/wp\/v2\/types\/post"}],"author":[{"embeddable":true,"href":"https:\/\/contexto.inf.br\/index.php?rest_route=\/wp\/v2\/users\/2"}],"replies":[{"embeddable":true,"href":"https:\/\/contexto.inf.br\/index.php?rest_route=%2Fwp%2Fv2%2Fcomments&post=50"}],"version-history":[{"count":1,"href":"https:\/\/contexto.inf.br\/index.php?rest_route=\/wp\/v2\/posts\/50\/revisions"}],"predecessor-version":[{"id":52,"href":"https:\/\/contexto.inf.br\/index.php?rest_route=\/wp\/v2\/posts\/50\/revisions\/52"}],"wp:featuredmedia":[{"embeddable":true,"href":"https:\/\/contexto.inf.br\/index.php?rest_route=\/wp\/v2\/media\/51"}],"wp:attachment":[{"href":"https:\/\/contexto.inf.br\/index.php?rest_route=%2Fwp%2Fv2%2Fmedia&parent=50"}],"wp:term":[{"taxonomy":"category","embeddable":true,"href":"https:\/\/contexto.inf.br\/index.php?rest_route=%2Fwp%2Fv2%2Fcategories&post=50"},{"taxonomy":"post_tag","embeddable":true,"href":"https:\/\/contexto.inf.br\/index.php?rest_route=%2Fwp%2Fv2%2Ftags&post=50"}],"curies":[{"name":"wp","href":"https:\/\/api.w.org\/{rel}","templated":true}]}}