{"id":511,"date":"2024-07-16T18:05:20","date_gmt":"2024-07-16T21:05:20","guid":{"rendered":"https:\/\/contexto.inf.br\/?p=511"},"modified":"2024-07-16T18:05:21","modified_gmt":"2024-07-16T21:05:21","slug":"academia-de-letras-de-cianorte","status":"publish","type":"post","link":"https:\/\/contexto.inf.br\/?p=511","title":{"rendered":"Academia de Letras de Cianorte"},"content":{"rendered":"<div class=\"wp-block-image\">\n<figure class=\"alignleft size-full is-resized\"><img loading=\"lazy\" decoding=\"async\" width=\"493\" height=\"493\" src=\"https:\/\/contexto.inf.br\/wp-content\/uploads\/2024\/07\/image-141.png\" alt=\"\" class=\"wp-image-512\" style=\"width:315px;height:auto\" srcset=\"https:\/\/contexto.inf.br\/wp-content\/uploads\/2024\/07\/image-141.png 493w, https:\/\/contexto.inf.br\/wp-content\/uploads\/2024\/07\/image-141-300x300.png 300w, https:\/\/contexto.inf.br\/wp-content\/uploads\/2024\/07\/image-141-150x150.png 150w\" sizes=\"auto, (max-width: 493px) 100vw, 493px\" \/><\/figure>\n<\/div>\n\n\n<p>23 de jun. de 2022 &#8211; Hoje teremos na 5\u00aa FLICIA a apresenta\u00e7\u00e3o da <strong>Academia de Letras de Cianorte <\/strong>que ser\u00e1 empossada pela senhora Lucrecia Welter Ribeiro, presidente da Associa\u00e7\u00e3o das Academias de Letras, Ci\u00eancias e Artes do Paran\u00e1 &#8211; ALCA, representando as institui\u00e7\u00f5es liter\u00e1rias do Estado.<\/p>\n\n\n\n<p id=\"viewer-319v5\">S\u00e3o inicialmente 12 Neoacad\u00eamicos na Academia de Letras de Cianorte: Izaura Varela, Quirino Ramos Maia, Jaqueline Placido Marcon, Edn\u00e9ia Jacomini Cabeleira, Aida Franco de Lima, Daniele Fontana Trali, Laudenina Gallo, Valdecir Mariano, Tania Sydor, Simone Garcia, Cesar Kasuo Yasoyama e Lincoln Munhoz.<\/p>\n\n\n\n<p id=\"viewer-d7af1\">A iniciativa da cria\u00e7\u00e3o partiu da Secretaria de Cultura de Cianorte atrav\u00e9s do secret\u00e1rio Rodrigo Severino de Jesus, que atendeu uma solicita\u00e7\u00e3o da presidente da Academia de Letras de Maring\u00e1, senhora Maria Eliana Palma e elegeu Lincoln Munhoz \u00e0 miss\u00e3o de chamar os autores locais e os organizar oficialmente.<\/p>\n\n\n\n<p id=\"viewer-dnl4q\">&#8220;Fizemos tudo de forma muito r\u00e1pida e os acad\u00eamicos colaboraram muito, todos est\u00e3o muito felizes e animados&#8221;, disse Lincoln Munhoz, primeiro presidente da Academia de Letras de Cianorte, fundada em 20 de Abril deste ano 2022, cuja presid\u00eancia ser\u00e1 bienal.<\/p>\n\n\n\n<p id=\"viewer-99lf4\">&#8220;A ideia deste bi\u00eanio que serei o presidente \u00e9 democratizar a literatura e as artes, buscar mais autores para integrar a nossa Academia e levar nossos autores e livros para as escolas municipais, estaduais e universidades&#8221;, afirmou Lincoln Munhoz.<\/p>\n\n\n\n<p id=\"viewer-felij\">A Academia de Letras de Cianorte ser\u00e1 composta por 30 cadeiras fixas. Para ser eleito ao rol de &#8220;Acad\u00eamico das Letras de Cianorte&#8221; \u00e9 necess\u00e1rio uma candidatura, e a Academia vai analisar as obras de relev\u00e2ncia liter\u00e1ria e social dos candidatos ou candidatas. Sendo aprovado dar-se-a posse ao novo acad\u00eamico em cerim\u00f4nia a ser agendada.<\/p>\n\n\n\n<p id=\"viewer-78ulc\">Sobre estes primeiros 12 membros fundadores, foi usado o mesmo crit\u00e9rio&#8230;<\/p>\n\n\n\n<p id=\"viewer-1ko69\">Uma Academia de Letras \u00e9 uma das maiores refer\u00eancias no mundo cultural de um lugar, pois simboliza o lastro cultural da sociedade, tem a condic\u00e3o de desabrochar aspira\u00e7\u00f5es e de estimular o desenvolvimento da literatura, al\u00e9m de premiar os m\u00e9ritos dos seus mais destacados cultores das letras.<\/p>\n\n\n\n<p id=\"viewer-3gk32\">Cianorte pode e deve premiar seus mais nobres escritores, dos livros, dos jornais, dos sites, das m\u00fasicas, das artes e tamb\u00e9m aqueles discretos e essenciais, os Professores.<\/p>\n\n\n\n<p id=\"viewer-secb\">Parab\u00e9ns <strong>Academia de Letras de Cianorte<\/strong>! Que as Letras nos afastem dos perigos, nos indiquem as verdades, nos despertem as esperan\u00e7as, nos conduzam \u00e0 ordem, contribuam ao progresso e nos permitam o prazer e o crescer.<\/p>\n\n\n\n<p class=\"has-text-align-center\" id=\"viewer-bjapm\"><a href=\"http:\/\/contexto.inf.br\">@profsta #profsta @contexto.inf<\/a><\/p>\n\n\n<div class=\"wp-block-image\">\n<figure class=\"aligncenter\"><img decoding=\"async\" src=\"https:\/\/static.wixstatic.com\/media\/84fe8b_e72f1c42e7c646a9afd3196432ed6394~mv2.jpg\/v1\/fill\/w_493,h_370,al_c,q_80,usm_0.66_1.00_0.01,enc_auto\/84fe8b_e72f1c42e7c646a9afd3196432ed6394~mv2.jpg\" alt=\"\"\/><\/figure>\n<\/div>","protected":false},"excerpt":{"rendered":"<div class=\"mh-excerpt\"><p> <a class=\"mh-excerpt-more\" href=\"https:\/\/contexto.inf.br\/?p=511\" title=\"Academia de Letras de Cianorte\"><\/a><\/p>\n<\/div>","protected":false},"author":2,"featured_media":512,"comment_status":"open","ping_status":"open","sticky":false,"template":"","format":"standard","meta":{"footnotes":""},"categories":[2,10,1,8,26,31,32],"tags":[],"class_list":{"0":"post-511","1":"post","2":"type-post","3":"status-publish","4":"format-standard","5":"has-post-thumbnail","7":"category-cianorte","8":"category-cultura","9":"category-dicas-culturais","10":"category-educacao","11":"category-promocao-social","12":"category-_destaque","13":"category-_em-foco"},"_links":{"self":[{"href":"https:\/\/contexto.inf.br\/index.php?rest_route=\/wp\/v2\/posts\/511","targetHints":{"allow":["GET"]}}],"collection":[{"href":"https:\/\/contexto.inf.br\/index.php?rest_route=\/wp\/v2\/posts"}],"about":[{"href":"https:\/\/contexto.inf.br\/index.php?rest_route=\/wp\/v2\/types\/post"}],"author":[{"embeddable":true,"href":"https:\/\/contexto.inf.br\/index.php?rest_route=\/wp\/v2\/users\/2"}],"replies":[{"embeddable":true,"href":"https:\/\/contexto.inf.br\/index.php?rest_route=%2Fwp%2Fv2%2Fcomments&post=511"}],"version-history":[{"count":1,"href":"https:\/\/contexto.inf.br\/index.php?rest_route=\/wp\/v2\/posts\/511\/revisions"}],"predecessor-version":[{"id":513,"href":"https:\/\/contexto.inf.br\/index.php?rest_route=\/wp\/v2\/posts\/511\/revisions\/513"}],"wp:featuredmedia":[{"embeddable":true,"href":"https:\/\/contexto.inf.br\/index.php?rest_route=\/wp\/v2\/media\/512"}],"wp:attachment":[{"href":"https:\/\/contexto.inf.br\/index.php?rest_route=%2Fwp%2Fv2%2Fmedia&parent=511"}],"wp:term":[{"taxonomy":"category","embeddable":true,"href":"https:\/\/contexto.inf.br\/index.php?rest_route=%2Fwp%2Fv2%2Fcategories&post=511"},{"taxonomy":"post_tag","embeddable":true,"href":"https:\/\/contexto.inf.br\/index.php?rest_route=%2Fwp%2Fv2%2Ftags&post=511"}],"curies":[{"name":"wp","href":"https:\/\/api.w.org\/{rel}","templated":true}]}}