{"id":562,"date":"2024-07-16T19:17:00","date_gmt":"2024-07-16T22:17:00","guid":{"rendered":"https:\/\/contexto.inf.br\/?p=562"},"modified":"2024-07-16T19:17:00","modified_gmt":"2024-07-16T22:17:00","slug":"jonas-guimaraes-nao-sera-candidato-em-2022-e-agita-a-politica-em-cianorte-e-regiao","status":"publish","type":"post","link":"https:\/\/contexto.inf.br\/?p=562","title":{"rendered":"Jonas Guimar\u00e3es N\u00e3o Ser\u00e1 Candidato em 2022 e Agita a Pol\u00edtica em Cianorte e Regi\u00e3o"},"content":{"rendered":"<div class=\"wp-block-image\">\n<figure class=\"alignleft size-full is-resized\"><img loading=\"lazy\" decoding=\"async\" width=\"233\" height=\"157\" src=\"https:\/\/contexto.inf.br\/wp-content\/uploads\/2024\/07\/image-157.png\" alt=\"\" class=\"wp-image-563\" style=\"width:326px;height:auto\"\/><\/figure>\n<\/div>\n\n\n<p>20 de jul. de 2022 &#8211; O deputado estadual Jonas Guimar\u00e3es (PSD) informa que n\u00e3o concorrer\u00e1 \u00e0s elei\u00e7\u00f5es neste ano. Essa decis\u00e3o j\u00e1 vinha sendo pensada desde 2019.<\/p>\n\n\n\n<p id=\"viewer-6vo5r\"><strong>\u201cDediquei a maior parte da minha vida \u00e0 pol\u00edtica, pois al\u00e9m de amar a pol\u00edtica sei da sua import\u00e2ncia. No entanto, est\u00e1 na hora de iniciar uma nova fase da minha vida, ficar mais perto da minha fam\u00edlia e cuidar dos meus neg\u00f3cios\u201d.<\/strong> <a href=\"http:\/\/jonasguimaraes.com.br\/jonas-guimaraes-anuncia-que-encerra-atuacao-parlamentar-ao-final-deste-mandato%ef%bf%bc\/?fbclid=IwAR33b8mB-UkPgaOxjtCWbh_gDH87Va0uFtRmEy89gegm4l0eKgoU_nK5KEg\" target=\"_blank\" rel=\"noreferrer noopener\"><u>Aqui voc\u00ea l\u00ea o An\u00fancio Oficial).<\/u><\/a><\/p>\n\n\n\n<p id=\"viewer-4ogm4\">Jonas Guimar\u00e3es permanece deputado estadual pelo Paran\u00e1 at\u00e9 Dezembro deste 2022.<\/p>\n\n\n\n<p id=\"viewer-2vi2c\">Agora que o experiente e tradicional pol\u00edtico cianortense oficializa que n\u00e3o ser\u00e1 candidato em 2022, est\u00e1 a completar uma jornada de 4 mandatos em mais de 15 anos de vida pol\u00edtica como deputado estadual onde obteve mais de 41 mil votos s\u00f3 em 2018.<\/p>\n\n\n\n<p id=\"viewer-680eq\">Diante da retirada volunt\u00e1ria de Jonas Guimar\u00e3es da pol\u00edtica cianortense e do Paran\u00e1 em 2022, surge uma poss\u00edvel vac\u00e2ncia de representa\u00e7\u00e3o de Cianorte e de nossa regi\u00e3o na Assembleia Legislativa do Paran\u00e1 e, para ocupar este espa\u00e7o merecido, h\u00e1 tamb\u00e9m uma corrida por apoio.<\/p>\n\n\n\n<p id=\"viewer-620l0\">S\u00e3o mais de 41 mil votos que podem migrar a novos ou velhos nomes da pol\u00edtica paranaense. Em Cianorte, apesar dos rumores em semanas atr\u00e1s e agora oficiais sobre a retirada de candidatura de Jonas Guimar\u00e3es, muitas personalidades correm, garimpam, sondam e articulam nos bastidores tentando viabilizar novos arranjos pol\u00edticos, apoio direto e estrat\u00e9gias para herdar ou conquistar estes mais de 41 mil votos antes previstos a Jonas Guimar\u00e3es.<\/p>\n\n\n\n<p id=\"viewer-48car\">Independente de quem seja a nova personagem que receber\u00e1 apoio, heran\u00e7a ou conquista dos votos, Cianorte e regi\u00e3o merecem ter um representante como Deputado Estadual e tamb\u00e9m Deputado Federal daqui, de nossa Cianorte, gente da nossa gente, de nossa regi\u00e3o.<\/p>\n\n\n\n<p id=\"viewer-civ05\">Somos um polo econ\u00f4mico diverso, din\u00e2mico e demogr\u00e1fico com mais de 180 mil eleitores. Pela popula\u00e7\u00e3o e cidades vizinhas, podemos eleger deputados estaduais e federais daqui, gente nossa.<\/p>\n\n\n\n<p id=\"viewer-206k7\">Independente dos motivos pessoais, partidos ou alian\u00e7as pol\u00edticas, ter Deputados Estaduais e Deputados Federais que s\u00e3o daqui de nossa regi\u00e3o pode acelerar a vinda de emendas, projetos e melhorias em nossa sociedade.<\/p>\n\n\n\n<p id=\"viewer-2qasf\">Pessoalmente acredito que precisamos eleger Nomes de Cianorte e regi\u00e3o, n\u00e3o amigos distantes que usam privil\u00e9gios da caneta pra fazer obras e propagandas de autopromo\u00e7\u00e3o com nosso dinheiro (impostos).<\/p>\n\n\n\n<p id=\"viewer-hgjp\">Em Cianorte s\u00e3o pr\u00e9-candidatos a Deputado Estadual &#8211; Serginho de Vidigal (PSB), Pastor Dejair (MDB), Somalo (DC), Prof. Domingos (PT) e Paulo Renato (PTB). Tamb\u00e9m em Cianorte s\u00e3o pr\u00e9-candidatos a Deputado Federal &#8211; Jo\u00e3o Alexandre (Uni\u00e3o Brasil), Jo\u00e3o do Barbante (PTB), Vereadora M\u00e1rcia (PL), Patr\u00edcia Aleotti (Podemos) e Stallone Ribeiro (Rede).<\/p>\n\n\n\n<p id=\"viewer-b8ph9\">Cianorte, a regi\u00e3o Noroeste, o Paran\u00e1 e o Brasil podem ser ainda Melhores!<\/p>\n\n\n\n<p class=\"has-text-align-center\"><u><strong><a href=\"http:\/\/contexto.inf.br\" target=\"_blank\" rel=\"noreferrer noopener\">@profsta #profsta @contexto.inf<\/a><\/strong><\/u><\/p>\n","protected":false},"excerpt":{"rendered":"<div class=\"mh-excerpt\"><p> <a class=\"mh-excerpt-more\" href=\"https:\/\/contexto.inf.br\/?p=562\" title=\"Jonas Guimar\u00e3es N\u00e3o Ser\u00e1 Candidato em 2022 e Agita a Pol\u00edtica em Cianorte e Regi\u00e3o\"><\/a><\/p>\n<\/div>","protected":false},"author":2,"featured_media":563,"comment_status":"open","ping_status":"open","sticky":false,"template":"","format":"standard","meta":{"footnotes":""},"categories":[2,34,3,5,31,32],"tags":[],"class_list":{"0":"post-562","1":"post","2":"type-post","3":"status-publish","4":"format-standard","5":"has-post-thumbnail","7":"category-cianorte","8":"category-diversidade","9":"category-parana","10":"category-politica","11":"category-_destaque","12":"category-_em-foco"},"_links":{"self":[{"href":"https:\/\/contexto.inf.br\/index.php?rest_route=\/wp\/v2\/posts\/562","targetHints":{"allow":["GET"]}}],"collection":[{"href":"https:\/\/contexto.inf.br\/index.php?rest_route=\/wp\/v2\/posts"}],"about":[{"href":"https:\/\/contexto.inf.br\/index.php?rest_route=\/wp\/v2\/types\/post"}],"author":[{"embeddable":true,"href":"https:\/\/contexto.inf.br\/index.php?rest_route=\/wp\/v2\/users\/2"}],"replies":[{"embeddable":true,"href":"https:\/\/contexto.inf.br\/index.php?rest_route=%2Fwp%2Fv2%2Fcomments&post=562"}],"version-history":[{"count":1,"href":"https:\/\/contexto.inf.br\/index.php?rest_route=\/wp\/v2\/posts\/562\/revisions"}],"predecessor-version":[{"id":564,"href":"https:\/\/contexto.inf.br\/index.php?rest_route=\/wp\/v2\/posts\/562\/revisions\/564"}],"wp:featuredmedia":[{"embeddable":true,"href":"https:\/\/contexto.inf.br\/index.php?rest_route=\/wp\/v2\/media\/563"}],"wp:attachment":[{"href":"https:\/\/contexto.inf.br\/index.php?rest_route=%2Fwp%2Fv2%2Fmedia&parent=562"}],"wp:term":[{"taxonomy":"category","embeddable":true,"href":"https:\/\/contexto.inf.br\/index.php?rest_route=%2Fwp%2Fv2%2Fcategories&post=562"},{"taxonomy":"post_tag","embeddable":true,"href":"https:\/\/contexto.inf.br\/index.php?rest_route=%2Fwp%2Fv2%2Ftags&post=562"}],"curies":[{"name":"wp","href":"https:\/\/api.w.org\/{rel}","templated":true}]}}